{"id":3252,"date":"2020-07-16T20:30:57","date_gmt":"2020-07-16T18:30:57","guid":{"rendered":"http:\/\/www.cdlpv.org\/fitxes\/?p=3252"},"modified":"2022-02-16T09:53:53","modified_gmt":"2022-02-16T08:53:53","slug":"plurianual","status":"publish","type":"post","link":"https:\/\/www.cdlpv.org\/fitxes\/plurianual\/","title":{"rendered":"plurianual"},"content":{"rendered":"<ol>\n<li>L&#8217;adjectiu\u00a0<em>plurianual<\/em> significa &#8216;que t\u00e9 lloc diverses vegades a l&#8217;any&#8217;, segons els <span class=\"versaleta\"><em>diec <\/em><\/span>(consulta: <a href=\"https:\/\/dlc.iec.cat\/Results?DecEntradaText=plurianual\" target=\"_blank\" rel=\"noopener noreferrer\">16.07.2020<\/a>)<span class=\"versaleta\"><em>, dec93 <\/em><\/span>i<span class=\"versaleta\"> <em>dval<\/em><\/span>. El Salt 2.0, per\u00f2, inclo\u00efa una segona accepci\u00f3:<br \/>\n<blockquote><p><strong>2.<\/strong>\u00a0<em>adj.<\/em>\u00a0Que afecta m\u00e9s d&#8217;un any.<\/p><\/blockquote>\n<p>El <span class=\"versaleta\"><i>dnv <\/i><\/span>(consulta: <a href=\"http:\/\/www.avl.gva.es\/lexicval\/?paraula=plurianual\" target=\"_blank\" rel=\"noopener noreferrer\">16.07.2020<\/a>) no ha incl\u00f2s la primera accepci\u00f3, per\u00f2 ha validat esta segona idea en dos accepcions que pareixen quasi sin\u00f2nimes (els haurem de consultar si no hi ha cap error):*<\/p>\n<blockquote><p><strong>plurianual<\/strong><br \/>\n<strong>1.<\/strong>\u00a0 <em>adj.<\/em> Que t\u00e9 una duraci\u00f3 superior a un any. <em>Un pla plurianual.<\/em><br \/>\n<strong>2.<\/strong>\u00a0 <em>adj.<\/em> Que afecta diversos anys. <em>Un cicle formatiu plurianual.<\/em><\/p><\/blockquote>\n<div class=\"su-note\"  style=\"border-color:#e5e54c;border-radius:3px;-moz-border-radius:3px;-webkit-border-radius:3px;\"><div class=\"su-note-inner su-u-clearfix su-u-trim\" style=\"background-color:#FFFF66;border-color:#ffffff;color:#333333;border-radius:3px;-moz-border-radius:3px;-webkit-border-radius:3px;\">* El dia 14.09.2020 l&#8217;acad\u00e8mia em comunica que ha modificat les accepcions de <em>plurianual:<\/em><br \/>\n<strong>1.<\/strong> <em>adj.<\/em> Que t\u00e9 lloc diverses vegades a l&#8217;any. <em>Una publicaci\u00f3 plurianual.<\/em><br \/>\n<strong>2.<\/strong> <em>adj.<\/em> Que dura m\u00e9s d&#8217;un any. <em>Un pla plurianual.<\/em><br \/>\n<\/div><\/div>\nA m\u00e9s, el <span class=\"versaleta\"><i>dnv<\/i><\/span>\u00a0ha adm\u00e9s les accepcions seg\u00fcents de <em>pluriennal:<\/em><\/p>\n<blockquote><p><strong>pluriennal<\/strong><br \/>\n<em>1. adj.<\/em> Plurianual 1.*<br \/>\n<em>2. adj.<\/em> Que t\u00e9 lloc despr\u00e9s de diversos anys.<br \/>\n<em>3. adj.<\/em> BOT. Perenne 2 i 3.<br \/>\n<div class=\"su-note\"  style=\"border-color:#e5e54c;border-radius:3px;-moz-border-radius:3px;-webkit-border-radius:3px;\"><div class=\"su-note-inner su-u-clearfix su-u-trim\" style=\"background-color:#FFFF66;border-color:#ffffff;color:#333333;border-radius:3px;-moz-border-radius:3px;-webkit-border-radius:3px;\">* D&#8217;acord amb la modificaci\u00f3 del dia 14.09.2020, l&#8217;accepci\u00f3 primera de <em>pluriennal<\/em> remet a \u00abplurianual 2\u00bb, \u00e9s a dir: \u00abQue dura m\u00e9s d&#8217;un any\u00bb.<br \/>\n<\/div><\/div><\/blockquote>\n<\/li>\n<li>Fa anys, sobre la manera d&#8217;indicar &#8216;que dura diversos anys&#8217;, Roser Vernet-IEC (22.08.2000) em va escriure:<br \/>\n<blockquote><p><i>Plurianual<\/i>\u00a0t\u00e9 el significat que recull el DIEC i que es correspon amb el dels adjectius acabats en\u00a0<i>-anual<\/i>, &#8216;que te lloc\u00a0<em>x<\/em>\u00a0vegades l&#8217;any&#8217;. Amb el significat de &#8216;que dura\u00a0<em>x<\/em>\u00a0anys&#8217;, &#8216;que t\u00e9 lloc cada\u00a0<em>x<\/em>\u00a0anys&#8217;, pr\u00f2pia dels adjectius acabats en\u00a0<i>-ennal<\/i>, haur\u00edem de dir\u00a0<i>pluriennal<\/i>\u00a0(vg.\u00a0<i>biennal<\/i>,\u00a0<i>quinquennal<\/i>, etc.).\u00a0<i>Pluriennal<\/i>\u00a0es pot usar en el sentit esmentat, per\u00f2 nom\u00e9s s&#8217;hauria d&#8217;emprar quan fos del tot necessari i el context no permet\u00e9s fer servir els mots\u00a0<i>biennal<\/i>,\u00a0<i>triennal<\/i>, etc. La CL est\u00e0 d&#8217;acord en acceptar\u00a0<i>pluriennal<\/i>\u00a0com a part del sistema\u00a0<i>-anual<\/i>\u00a0\/\u00a0<i>-ennal<\/i>, per\u00f2 sembla precipitat donar-lo d&#8217;alta en\u00a0<span class=\"versaleta\"><em>diec<\/em><\/span>.<\/p><\/blockquote>\n<p><span class=\"versaleta\"><span style=\"font-variant-caps: normal;\">El <\/span><\/span><em><span style=\"font-variant-caps: normal;\"><span class=\"versaleta\">diec <\/span><\/span><\/em>ja ha adm\u00e9s l&#8217;adjectiu <i>pluriennal<\/i> (consulta: <a href=\"https:\/\/dlc.iec.cat\/Results?DecEntradaText=pluriennal\" target=\"_blank\" rel=\"noopener noreferrer\">16.07.2020<\/a>):<\/p>\n<blockquote><p><strong>pluriennal<\/strong><br \/>\n<strong>1<\/strong> <i>adj.<\/i> [LC] Que t\u00e9 una durada de dos o m\u00e9s anys. <em>Un pla pluriennal.<\/em><br \/>\n<strong>2<\/strong> <i>adj.<\/i> [LC] Que s\u2019esdev\u00e9 despr\u00e9s de diversos anys.<\/p><\/blockquote>\n<p>Podem observar que va embolicant-se la cosa entre les institucions normatives, ja que per a l&#8217;<span class=\"versaleta\">avl<\/span> la durada \u00e9s superior a un any, per\u00f2 per a l&#8217;institut la durada ha de ser superior a dos anys. D&#8217;altra banda, l&#8217;<span class=\"versaleta\">iec<\/span> encara no ha acceptat en <i>plurianual<\/i> l&#8217;accepci\u00f3 que est\u00e9n la duraci\u00f3 a diversos anys.<\/p>\n<p>El <em><span class=\"versaleta\"><a href=\"http:\/\/ec.grec.net\/lexicx.jsp?GECART=0105915\" target=\"_blank\" rel=\"noopener noreferrer\">gdlc<\/a> <\/span><\/em>que nom\u00e9s preveia l&#8217;accepci\u00f3 bot\u00e0nica &#8216;perenne&#8217; de <em>pluriennal<\/em>, ha introdu\u00eft dos noves accepcions (consulta: 16.07.2020):<\/p>\n<blockquote><p><b>pluriennal<\/b><br \/>\n<em><strong>adj<\/strong> 1<\/em> Que dura diversos anys. <em>Pla pluriennal d&#8217;inversions.<\/em><br \/>\n<em>2<\/em> Que t\u00e9 lloc despr\u00e9s de diversos anys.<br \/>\n<em>3<\/em> BOT Perenne.<\/p><\/blockquote>\n<\/li>\n<li>D&#8217;altra banda, queda per aclarir\u00a0<em>multianual<\/em>, que tampoc apareix recollit en els diccionaris. En canvi, en el\u00a0<a href=\"http:\/\/www2.iec.cat\/institucio\/societats\/Scaterm\/Butlletins\/022.htm\" target=\"_blank\" rel=\"noopener noreferrer\">n\u00famero 22<\/a>\u00a0del Butllet\u00ed de la Scaterm (gener-febrer 2011), Marc Font inclou el comentari seg\u00fcent:<br \/>\n<blockquote>\n<h2>L\u2019adjectiu\u00a0<em>interanual<\/em>\u00a0a l\u2019ombra del diccionari<\/h2>\n<p>Sovint els parlants trobem a faltar paraules en els diccionaris. Sabem que no tots els mots poden estar recollits en les obres lexicogr\u00e0fiques de refer\u00e8ncia, per\u00f2 aix\u00ed i tot pot sorprendre\u2019ns una abs\u00e8ncia l\u00e8xica determinada, sobretot quan es tracta de paraules ben formades i molt esteses en l\u2019\u00fas. Un bon exemple n\u2019\u00e9s\u00a0<em>interanual,<\/em>\u00a0un adjectiu format amb l\u2019adjunci\u00f3 del prefix\u00a0<em>inter<\/em>\u00a0a l\u2019adjectiu\u00a0<em>anual<\/em>\u00a0, que no ha rebut la benedicci\u00f3 del diccionari normatiu per\u00f2 que apareix documentat a l\u2019Observatori de Neologia amb regularitat des que inici\u00e0 les activitats l\u2019any 1988. Tamb\u00e9 el cercador Google ens informa de la gran pres\u00e8nciapel que fa a l\u2019\u00fas de\u00a0<em>interanual<\/em>\u00a0(44.600 ocurr\u00e8ncies en p\u00e0gines de llengua catalana) i per aix\u00f2 ens hem volgut referir a aquest adjectiu que, a m\u00e9s, \u00e9s important en la formaci\u00f3 d\u2019unitats terminol\u00f2giques.<\/p>\n<p>IPC\u00a0<em>interanual<\/em>, taxa\u00a0<em>interanual<\/em>, inflaci\u00f3\u00a0<em>interanual<\/em>, \u00edndex\u00a0<em>interanual<\/em>, descens\u00a0<em>interanual<\/em>, caiguda\u00a0<em>interanual<\/em>, termes\u00a0<em>interanuals<\/em>, ingressos\u00a0<em>interanuals<\/em>\u00a0i un llarg etc\u00e8tera d\u2019exemples ens demostren que l\u2019adjectiu\u00a0<em>interanual<\/em>\u00a0\u00e9s necessari en el llenguatge de l\u2019economia. El diccionari normatiu no inclou\u00a0<em>interanual<\/em>\u00a0formant part de cap dels termes sintagm\u00e0tics esmentats, per\u00f2 els mateixos economistes confirmarien el gran \u00fas d\u2019aquest adjectiu no recollit per la normativa i, senzillament, deixarien const\u00e0ncia de la necessitat de comparar les taxes, la inflaci\u00f3, els \u00edndexs, les caigudes i els augments\u00a0<em>interanuals<\/em>, \u00e9s a dir, d\u2019aquest any en relaci\u00f3 amb l\u2019any anterior.<\/p>\n<p>\u00c9s evident que la normativa no pot obrir la porta a tots els mots. D\u2019aquesta manera, si una gran part de les paraules noves, que neixen de les regles de formaci\u00f3 m\u00e9s productives (prefixaci\u00f3, per exemple), tenen un significat molt previsible i ben transparent, \u00e9s molt probable que el diccionari no les reculli. Cal, en efecte, delimitar l\u2019acolliment ling\u00fc\u00edstic, per\u00f2 l\u2019adopci\u00f3 normativa de paraules morfol\u00f2gicament id\u00e8ntiques a\u00a0<em>interanual<\/em>\u00a0no ens deixa entreveure el perqu\u00e8 del vistiplau normatiu a paraules com ara\u00a0<em>interat\u00f2mic<\/em>,\u00a0<em>intercel\u00b7lular<\/em>,\u00a0<em>interconfessional<\/em>,\u00a0<em>interf\u00e0sic<\/em>\u00a0i, a part de moltes m\u00e9s,\u00a0<em>bianual<\/em>\u00a0i\u00a0<em>plurianual<\/em>. Pot ser que la predictibilitat sem\u00e0ntica exclogui l\u2019acceptaci\u00f3 de\u00a0<em>interanual<\/em>, malgrat que la sem\u00e0ntica de\u00a0<em>bianual<\/em>\u00a0i de\u00a0<em>plurianual<\/em>\u00a0sigui encara m\u00e9s predictible. Sigui com sigui, la inclusi\u00f3 de\u00a0<em>interanual<\/em>\u00a0faria que els especialistes \u2014i els no-especialistes tamb\u00e9\u2014 pogu\u00e9ssim fer servir\u00a0<em>interanual<\/em>\u00a0sense trobar-lo a faltar en el diccionari.<\/p><\/blockquote>\n<\/li>\n<li>Segons els <a href=\"http:\/\/www.ub.edu\/criteris-cub\/criteri.php?id=939\">criteris<\/a>\u00a0de la Universitat de Barcelona (2004):<br \/>\n<blockquote><p><b>plurianual o pluriennal?<\/b><\/p>\n<p>Si b\u00e9 l&#8217;adjectiu\u00a0<i>anual<\/i>\u00a0significa tant &#8216;que s&#8217;esdev\u00e9 un cop l&#8217;any&#8217; com &#8216;que s&#8217;esdev\u00e9 cada any; que dura un any&#8217;, en per\u00edodes d&#8217;anys superiors hi acostuma a haver una paraula per a cada significat.<\/p>\n<p>Aix\u00ed, es parla de\u00a0<i>bianual<\/i>,\u00a0<i>trianual<\/i>\u00a0i\u00a0<i>quadrianual<\/i>\u00a0per indicar que una cosa s&#8217;esdev\u00e9 dues, tres o quatre vegades l&#8217;any, respectivament.<\/p>\n<ul>\n<li>La publicaci\u00f3 d&#8217;aquesta revista \u00e9s bianual: un n\u00famero surt al mes de gener i l&#8217;altre, al mes de juny.<\/li>\n<\/ul>\n<p>Paral\u00b7lelament, es diu que alguna cosa \u00e9s\u00a0<i>plurianual<\/i>\u00a0quan s&#8217;esdev\u00e9 diverses vegades en un any.<\/p>\n<ul>\n<li>La convocat\u00f2ria d&#8217;aquest examen \u00e9s plurianual.<\/li>\n<\/ul>\n<p>Cal no abusar de l&#8217;adjectiu <i>plurianual,<\/i> i substituir-lo sempre que sigui possible per algun dels que indiquen un nombre m\u00e9s concret de vegades l&#8217;any.<\/p>\n<p>En canvi, es parla de\u00a0<em>biennal,\u00a0triennal,\u00a0quadriennal<\/em>\u00a0i\u00a0<em>quinquennal<\/em>\u00a0per indicar que una cosa dura dos, tres, quatre o cinc anys, o b\u00e9 que s&#8217;esdev\u00e9 cada dos, tres, quatre o cinc anys, respectivament.<\/p>\n<ul>\n<li>Els programes de doctorat s\u00f3n biennals.<\/li>\n<\/ul>\n<p>Paral\u00b7lelament, es diu que \u00e9s\u00a0<i>pluriennal<\/i>\u00a0tot el que dura m\u00e9s d&#8217;un any o tot el que t\u00e9 lloc cada x anys.<\/p>\n<ul>\n<li>S&#8217;ha negociat el Pla pluriennal d&#8217;inversions per al per\u00edode 2001-2006.<\/li>\n<li>Els cicles universitaris s\u00f3n pluriennals.<\/li>\n<\/ul>\n<p>Com en el cas anterior, cal no abusar de l&#8217;adjectiu\u00a0<i>pluriennal<\/i>, i se n&#8217;ha d&#8217;evitar l&#8217;\u00fas sempre que sigui substitu\u00efble per un altre adjectiu acabat en\u00a0<i>-ennal<\/i>\u00a0que indiqui un nombre d&#8217;anys m\u00e9s concret.<\/p>\n<hr \/>\n<p><b>Bibliografia<\/b><br \/>\nRUAIX, J.\u00a0<i>Diccionari auxiliar<\/i>. Moi\u00e0: J. Ruaix editor, 1996, p\u00e0g. 238.<br \/>\nBRUGUERA, J.\u00a0<i>Diccionari de dubtes i dificultats del catal\u00e0<\/i>. Barcelona: Enciclop\u00e8dia Catalana, 2000 (El Calidoscopi), p\u00e0g. 51.<\/p><\/blockquote>\n<\/li>\n<\/ol>\n","protected":false},"excerpt":{"rendered":"<p>L&#8217;adjectiu\u00a0plurianual significa &#8216;que t\u00e9 lloc diverses vegades a l&#8217;any&#8217;, segons els diec (consulta: 16.07.2020), dec93 i dval. El Salt 2.0, per\u00f2, inclo\u00efa una segona accepci\u00f3: 2.\u00a0adj.\u00a0Que afecta m\u00e9s d&#8217;un any. El dnv (consulta: 16.07.2020) no ha incl\u00f2s la primera accepci\u00f3, per\u00f2 ha validat esta segona idea en dos accepcions que pareixen quasi sin\u00f2nimes (els haurem [&hellip;]<\/p>\n","protected":false},"author":1,"featured_media":0,"comment_status":"open","ping_status":"open","sticky":false,"template":"","format":"standard","meta":{"footnotes":""},"categories":[50],"tags":[17,53],"class_list":["post-3252","post","type-post","status-publish","format-standard","hentry","category-lletra-p","tag-lexic","tag-revisions"],"post_mailing_queue_ids":[],"_links":{"self":[{"href":"https:\/\/www.cdlpv.org\/fitxes\/wp-json\/wp\/v2\/posts\/3252","targetHints":{"allow":["GET"]}}],"collection":[{"href":"https:\/\/www.cdlpv.org\/fitxes\/wp-json\/wp\/v2\/posts"}],"about":[{"href":"https:\/\/www.cdlpv.org\/fitxes\/wp-json\/wp\/v2\/types\/post"}],"author":[{"embeddable":true,"href":"https:\/\/www.cdlpv.org\/fitxes\/wp-json\/wp\/v2\/users\/1"}],"replies":[{"embeddable":true,"href":"https:\/\/www.cdlpv.org\/fitxes\/wp-json\/wp\/v2\/comments?post=3252"}],"version-history":[{"count":18,"href":"https:\/\/www.cdlpv.org\/fitxes\/wp-json\/wp\/v2\/posts\/3252\/revisions"}],"predecessor-version":[{"id":4664,"href":"https:\/\/www.cdlpv.org\/fitxes\/wp-json\/wp\/v2\/posts\/3252\/revisions\/4664"}],"wp:attachment":[{"href":"https:\/\/www.cdlpv.org\/fitxes\/wp-json\/wp\/v2\/media?parent=3252"}],"wp:term":[{"taxonomy":"category","embeddable":true,"href":"https:\/\/www.cdlpv.org\/fitxes\/wp-json\/wp\/v2\/categories?post=3252"},{"taxonomy":"post_tag","embeddable":true,"href":"https:\/\/www.cdlpv.org\/fitxes\/wp-json\/wp\/v2\/tags?post=3252"}],"curies":[{"name":"wp","href":"https:\/\/api.w.org\/{rel}","templated":true}]}}