{"id":3220,"date":"2020-06-24T20:30:24","date_gmt":"2020-06-24T18:30:24","guid":{"rendered":"http:\/\/www.cdlpv.org\/fitxes\/?p=3220"},"modified":"2023-09-27T09:34:31","modified_gmt":"2023-09-27T07:34:31","slug":"caciquil","status":"publish","type":"post","link":"https:\/\/www.cdlpv.org\/fitxes\/caciquil\/","title":{"rendered":"caciquil"},"content":{"rendered":"<ol>\n<li>Adjectiu que no apareixia en els diccionaris m\u00e9s habituals (abril 2008), amb l&#8217;excepci\u00f3 d&#8217;una proposta d&#8217;entrada del <a href=\"http:\/\/www.termcat.cat\/scripts\/rwisapi.dll\/@Termcat_dev.env?CQ_SESSION_KEY=RZGGBIMOLKVF&amp;CQ_QUERY_HANDLE=126968&amp;CQ_CUR_DOCUMENT=1&amp;CQ_SAVE[1]=TRUE&amp;CQ_VIEWER=YES\" target=\"_blank\" rel=\"noopener noreferrer\">Cercaterm<\/a>\u00a0i de l&#8217;entrada del\u00a0<span class=\"versaleta\"><em>gd62<\/em><\/span>:<br \/>\n<blockquote><p><strong>caciquil<\/strong>\u00a0<em>adj<\/em>\u00a0Relatiu al caciquisme.\u00a0<em><span class=\"exemple\">M\u00e8todes caciquils.<\/span><\/em><\/p><\/blockquote>\n<\/li>\n<li>El <span class=\"versaleta\"><em>diec<\/em><\/span> encara no, per\u00f2 el <span class=\"versaleta\"><em>dnv<\/em><\/span> (consulta: <a href=\"http:\/\/www.avl.gva.es\/lexicval\/?paraula=caciquil\" target=\"_blank\" rel=\"noopener noreferrer\">23.06.2020<\/a>) s\u00ed que li ha trobat lloc en la normativa:<br \/>\n<blockquote><p><strong>caciquil <\/strong><em>adj.<\/em> Del cacic o que hi t\u00e9 relaci\u00f3. <em>Una actuaci\u00f3 caciquil.<\/em><strong><br \/>\n<\/strong><\/p><\/blockquote>\n<\/li>\n<li>El\u00a0<span class=\"versaleta\">ctilc<\/span> (abril 2008) documentava el terme, per exemple, en Isidre Lloret i Massaguer (<em>El municipi com a govern<\/em>, 1914) i, <a href=\"https:\/\/ctilc.iec.cat\/scripts\/CTILCQFitxaLocalitzacio.asp?id=15887714&amp;tok=no&amp;seccio=CTILC1&amp;obra=420\" target=\"_blank\" rel=\"noopener\"><i class=\"fas fa-info-circle\"><\/i><\/a> m\u00e9s modernament, en Enric Valor (<em>Sense la terra promesa<\/em>, I, 1980). <a href=\"https:\/\/ctilc.iec.cat\/scripts\/CTILCQFitxaLocalitzacio.asp?id=48711943&amp;tok=no&amp;seccio=CTILC1&amp;obra=2532\" target=\"_blank\" rel=\"noopener\"><i class=\"fas fa-info-circle\"><\/i><\/a><\/li>\n<\/ol>\n","protected":false},"excerpt":{"rendered":"<p>Adjectiu que no apareixia en els diccionaris m\u00e9s habituals (abril 2008), amb l&#8217;excepci\u00f3 d&#8217;una proposta d&#8217;entrada del Cercaterm\u00a0i de l&#8217;entrada del\u00a0gd62: caciquil\u00a0adj\u00a0Relatiu al caciquisme.\u00a0M\u00e8todes caciquils. El diec encara no, per\u00f2 el dnv (consulta: 23.06.2020) s\u00ed que li ha trobat lloc en la normativa: caciquil adj. Del cacic o que hi t\u00e9 relaci\u00f3. Una actuaci\u00f3 caciquil. [&hellip;]<\/p>\n","protected":false},"author":1,"featured_media":0,"comment_status":"open","ping_status":"open","sticky":false,"template":"","format":"standard","meta":{"footnotes":""},"categories":[14],"tags":[17,13,53],"class_list":["post-3220","post","type-post","status-publish","format-standard","hentry","category-lletra-c","tag-lexic","tag-neologia","tag-revisions"],"post_mailing_queue_ids":[],"_links":{"self":[{"href":"https:\/\/www.cdlpv.org\/fitxes\/wp-json\/wp\/v2\/posts\/3220","targetHints":{"allow":["GET"]}}],"collection":[{"href":"https:\/\/www.cdlpv.org\/fitxes\/wp-json\/wp\/v2\/posts"}],"about":[{"href":"https:\/\/www.cdlpv.org\/fitxes\/wp-json\/wp\/v2\/types\/post"}],"author":[{"embeddable":true,"href":"https:\/\/www.cdlpv.org\/fitxes\/wp-json\/wp\/v2\/users\/1"}],"replies":[{"embeddable":true,"href":"https:\/\/www.cdlpv.org\/fitxes\/wp-json\/wp\/v2\/comments?post=3220"}],"version-history":[{"count":6,"href":"https:\/\/www.cdlpv.org\/fitxes\/wp-json\/wp\/v2\/posts\/3220\/revisions"}],"predecessor-version":[{"id":6119,"href":"https:\/\/www.cdlpv.org\/fitxes\/wp-json\/wp\/v2\/posts\/3220\/revisions\/6119"}],"wp:attachment":[{"href":"https:\/\/www.cdlpv.org\/fitxes\/wp-json\/wp\/v2\/media?parent=3220"}],"wp:term":[{"taxonomy":"category","embeddable":true,"href":"https:\/\/www.cdlpv.org\/fitxes\/wp-json\/wp\/v2\/categories?post=3220"},{"taxonomy":"post_tag","embeddable":true,"href":"https:\/\/www.cdlpv.org\/fitxes\/wp-json\/wp\/v2\/tags?post=3220"}],"curies":[{"name":"wp","href":"https:\/\/api.w.org\/{rel}","templated":true}]}}