{"id":321,"date":"2016-01-05T14:49:48","date_gmt":"2016-01-05T12:49:48","guid":{"rendered":"http:\/\/www.cdlpv.org\/fitxes\/?p=321"},"modified":"2016-02-11T19:54:09","modified_gmt":"2016-02-11T17:54:09","slug":"sud-sudanes-nesa","status":"publish","type":"post","link":"https:\/\/www.cdlpv.org\/fitxes\/sud-sudanes-nesa\/","title":{"rendered":"sud-sudan\u00e9s -nesa"},"content":{"rendered":"<p>La nova versi\u00f3 de la <span class=\"versaleta\">gec<\/span> cont\u00e9 una errada, ja que fa \u00fas de <em>sudsudanesos*<\/em> (s. v. <em>Sudan del Sud <\/em>[2013]; consulta: <a href=\"http:\/\/www.enciclopedia.cat\/search\/site\/sudsudanesos\" target=\"_blank\">05.01.2016<\/a>). Conv\u00e9 aclarir que els habitants del nou estat afric\u00e0 del Sudan del Sud (naixcut al 2011) reben en catal\u00e0\u00a0el gentilici <em>sud-sudan\u00e9s -nesa<\/em>. Aix\u00ed ho recull l&#8217;\u00c9sadir (consulta: <a href=\"http:\/\/esadir.cat\/Toponims\/Top\u00f2nims%20del%20m\u00f3n\/\u00c0frica\/Sudan%20del%20Sud\" target=\"_blank\">05.01.2016<\/a>).<\/p>\n","protected":false},"excerpt":{"rendered":"<p>La nova versi\u00f3 de la gec cont\u00e9 una errada, ja que fa \u00fas de sudsudanesos* (s. v. Sudan del Sud [2013]; consulta: 05.01.2016). Conv\u00e9 aclarir que els habitants del nou estat afric\u00e0 del Sudan del Sud (naixcut al 2011) reben en catal\u00e0\u00a0el gentilici sud-sudan\u00e9s -nesa. Aix\u00ed ho recull l&#8217;\u00c9sadir (consulta: 05.01.2016).<\/p>\n","protected":false},"author":1,"featured_media":0,"comment_status":"open","ping_status":"open","sticky":false,"template":"","format":"standard","meta":{"footnotes":""},"categories":[33],"tags":[34],"class_list":["post-321","post","type-post","status-publish","format-standard","hentry","category-lletra-s","tag-gentilicis"],"post_mailing_queue_ids":[],"_links":{"self":[{"href":"https:\/\/www.cdlpv.org\/fitxes\/wp-json\/wp\/v2\/posts\/321","targetHints":{"allow":["GET"]}}],"collection":[{"href":"https:\/\/www.cdlpv.org\/fitxes\/wp-json\/wp\/v2\/posts"}],"about":[{"href":"https:\/\/www.cdlpv.org\/fitxes\/wp-json\/wp\/v2\/types\/post"}],"author":[{"embeddable":true,"href":"https:\/\/www.cdlpv.org\/fitxes\/wp-json\/wp\/v2\/users\/1"}],"replies":[{"embeddable":true,"href":"https:\/\/www.cdlpv.org\/fitxes\/wp-json\/wp\/v2\/comments?post=321"}],"version-history":[{"count":3,"href":"https:\/\/www.cdlpv.org\/fitxes\/wp-json\/wp\/v2\/posts\/321\/revisions"}],"predecessor-version":[{"id":390,"href":"https:\/\/www.cdlpv.org\/fitxes\/wp-json\/wp\/v2\/posts\/321\/revisions\/390"}],"wp:attachment":[{"href":"https:\/\/www.cdlpv.org\/fitxes\/wp-json\/wp\/v2\/media?parent=321"}],"wp:term":[{"taxonomy":"category","embeddable":true,"href":"https:\/\/www.cdlpv.org\/fitxes\/wp-json\/wp\/v2\/categories?post=321"},{"taxonomy":"post_tag","embeddable":true,"href":"https:\/\/www.cdlpv.org\/fitxes\/wp-json\/wp\/v2\/tags?post=321"}],"curies":[{"name":"wp","href":"https:\/\/api.w.org\/{rel}","templated":true}]}}