{"id":3118,"date":"2020-04-20T20:30:24","date_gmt":"2020-04-20T18:30:24","guid":{"rendered":"http:\/\/www.cdlpv.org\/fitxes\/?p=3118"},"modified":"2024-11-12T09:55:27","modified_gmt":"2024-11-12T07:55:27","slug":"mossarabisme","status":"publish","type":"post","link":"https:\/\/www.cdlpv.org\/fitxes\/mossarabisme\/","title":{"rendered":"mossarabisme"},"content":{"rendered":"<p>Els de la <em><abbr title=\"Gran enciclop\u00e8dia catalana\">gec<\/abbr><\/em> haurien de consultar l&#8217;article de Germ\u00e0 Col\u00f3n \u00abVisi\u00f3 rom\u00e0ntica sobre alguns &#8220;mossarabismes&#8221; del catal\u00e0\u00bb <abbr title=\"\">(gcefcr)<\/abbr>, <a href=\"https:\/\/aillc.espais.iec.cat\/files\/2018\/09\/9_2_aillc_253_300.pdf\" target=\"_blank\" rel=\"noopener\"><i class=\"fas fa-file-pdf\" aria-label=\"PDF\"><\/i><\/a> i altres refer\u00e8ncies sobre el tema (com ara en la revista <em>Caplletra<\/em>, 51), <a href=\"https:\/\/ojs.uv.es\/index.php\/caplletra\/issue\/view\/355\/showToc\" target=\"_blank\" rel=\"noopener\"><i class=\"fas fa-external-link-alt\" aria-label=\"Caplletra\"><\/i><\/a> per a fer una porga de tant de suposat mossarabisme i omplir una mica m\u00e9s l&#8217;entrada <em>aragonesisme<\/em> que no en t\u00e9 cap. Com diu Germ\u00e0 Col\u00f3n \u2014i \u00e9s hora de tindre-ho en compte despr\u00e9s de l&#8217;homenatge fet a la seua obra els dies 15-19 de novembre del 2004 a la seu de la <abbr title=\"Universidad Internacional Men\u00e9ndez Pelayo\">uimp<\/abbr> en Val\u00e8ncia\u2014:<\/p>\n<blockquote><p>Ac\u00ed he hagut de lluitar amb apel\u00b7latius que han resultat \u00e9sser uns mossarabismes-fantasmes. Quan veig que l&#8217;aplicaci\u00f3 d&#8217;aquest boir\u00f3s origen s&#8217;est\u00e9n a d&#8217;altres mots com <em>almorzar, artim\u00f3, catxirulo, coixo, colomello, corbo, cuquello, fondo, mosseguillo, orxata, sapo, trepitjar, vado, xerna, xiquet<\/em> i tota una r\u00e8cula m\u00e9s, tinc la sensaci\u00f3 anguniosa que l&#8217;arbitrarietat s&#8217;ha erigit en regla suprema. Com a noms comuns de la llengua prenc el risc d&#8217;afirmar que a casa nostra de mossarabismes no n&#8217;hi deu haver gaires, si tant \u00e9s que en queda cap; i, si n&#8217;hi ha, no s\u00f3n certament els mots que en determinades obres en duen la c\u00f2moda marca. Totes aquestes tirallongues amb qu\u00e8 se&#8217;ns obsequia s\u00f3n forasterismes, en la majora part dels casos aragonesismes o castellanismes.<\/p><\/blockquote>\n<p>En el mateix article, Germ\u00e0 Col\u00f3n aclarix els aragonesismes <em>corder<\/em> i <em>borrego<\/em> i el gal\u00b7licisme <em>roder<\/em>. Posteriorment, en 2011, conclou l&#8217;article \u00abEl mossarabisme, encara: la instrumentalitzaci\u00f3 ideol\u00f2gica del roman\u00e7 andalus\u00ed\u00bb: <a href=\"https:\/\/raco.cat\/index.php\/Caplletra\/article\/view\/269316\" target=\"_blank\" rel=\"noopener\"><i class=\"fas fa-external-link-alt\" aria-label=\"Article\"><\/i><\/a><\/p>\n<blockquote>[&#8230;] no existia aquest suposat \u00abmoss\u00e0rab\u00bb valenci\u00e0 ni tampoc no existien els cristians moss\u00e0rabs. Els conquistadors catalans de Val\u00e8ncia nom\u00e9s hi van trobar moros arab\u00f2fons, i els moros b\u00e9 o malament van subsistir fins a l\u2019expulsi\u00f3 de 1609.<\/p><\/blockquote>\n<p>Maria Jes\u00fas Rubiera i Mata hi dedica alguns passatges en \u00abEls arabismes del catal\u00e0. Hist\u00f2ria d&#8217;un rebuig\u00bb <a href=\"https:\/\/aillc.espais.iec.cat\/files\/2018\/09\/9_2_aillc_301_318.pdf\" target=\"_blank\" rel=\"noopener\"><i class=\"fas fa-file-pdf\" aria-label=\"PDF\"><\/i><\/a> (<em>Actes del Nov\u00e8 Col\u00b7loqui Internacional de Llengua i Literatura Catalanes: Alacant-Elx, 9-14 de setembre de 1991<\/em>, volum 2; <a href=\"http:\/\/books.google.com\/books?id=1kOtXqGVbCwC&amp;pg=PA317&amp;dq=cul-de-sac&amp;lr=lang_ca&amp;as_drrb_is=q&amp;as_minm_is=0&amp;as_miny_is=&amp;as_maxm_is=0&amp;as_maxy_is=&amp;as_brr=0&amp;ei=otsoS5TrCYGGzgTcyvyWCw&amp;hl=ca&amp;cd=48#v=onepage&amp;q=moss%C3%A0rab&amp;f=false\" target=\"_blank\" rel=\"noopener noreferrer\">veg.<\/a> Google Llibres).\u00a0 En reprodu\u00efm un:<\/p>\n<blockquote><p><em>a<\/em>) No totes les paraules llatines o rom\u00e0niques que presenta la llengua \u00e0rab medieval, ni el dialecte hispano\u00e0rab tenen el seu origen en el baix llat\u00ed d&#8217;Hisp\u00e0nia, ni en la llengua rom\u00e0nica d&#8217;al-Andalus, anomenada \u2014pense, inadequadament\u2014 moss\u00e0rab. [&#8230;] Per aix\u00f2 seria preferible anomenar els \u00abmossarabismes\u00bb de l&#8217;hispano\u00e0rab <em>llatinismes<\/em> si no reflecteixen evoluci\u00f3 rom\u00e0nica, i parlar de <em>romancismes<\/em> \u2014amb el seu cognom\u2014 si han fet aquesta evoluci\u00f3. I quan es transformen en manlleus de les lleng\u00fces rom\u00e0niques, seran arabismes si s\u00f3n mots que han estat fonologitzats per l&#8217;\u00e0rab.<br \/>\n<em>b<\/em>) Hi ha paraules d&#8217;origen llat\u00ed \u2014que apareixen usades en el catal\u00e0 i s\u00f3n considerades mossarabismes\u2014 que s&#8217;haurien d&#8217;anomenar com els <span class=\"versaleta\">ovnis<\/span>, \u00e9s a dir, llatinismes d&#8217;origen no identificat, ja que s\u00f3n simplement aix\u00f2: paraules d&#8217;origen llat\u00ed que no estan documentades, per\u00f2 que resulta c\u00f2mode incloure en la llengua rom\u00e0nica d&#8217;al-Andalus, el moss\u00e0rab, de la qual, per cert, tenim ben poques not\u00edcies. Personalment, si aquestes paraules no tenen l&#8217;empremta fonol\u00f2gica i\/o morfol\u00f2gica \u00e0rab i s\u00f3n tardanes, m&#8217;inclinaria per negar de forma absoluta la seua consideraci\u00f3 com a mossarabismes o romancismes d&#8217;al-Andalus. [&#8230;]<\/blockquote>\n<p>Segons Manuel Ariza, en <em>Historia de la lengua espa\u00f1ola<\/em> de Rafael Cano Aguilar (coord.) (ed. Ariel, 2004; p\u00e0g. 208, nota 3):<\/p>\n<blockquote><p>Es absolutamente inadmisible la teor\u00eda de <a title=\"El moz\u00e1rabe de Valencia, Madrid, ed. Gredos\"><u>Pe\u00f1arroja (1990)<\/u><\/a> de que el valenciano haya heredado caracter\u00edsticas ling\u00fc\u00edsticas procedentes del moz\u00e1rabe valenciano. Cuando se reconquista Valencia ya no quedaban moz\u00e1rabes desde hac\u00eda mucho tiempo \u2014los \u00faltimos se fueron con do\u00f1a Jimena cuando esta abandon\u00f3 Valencia\u2014. \u00abCuando Valencia cay\u00f3 de nuevo en poder de los moros en 1102, los moz\u00e1rabes de levante se refugiaron en Toledo y despu\u00e9s una parte de ellos continuaron hasta Salamanca\u00bb <a title=\"Ram\u00f3n Gonz\u00e1lvez Ruiz: \u00abToledo, \u00faltimo reducto del mundo moz\u00e1rabe\u00bb\">(<u>Gonz\u00e1lvez 1998: 78<\/u>)<\/a>.<\/p><\/blockquote>\n<p>A pesar d&#8217;eixes opinions documentades, podem trobar en la <span class=\"versaleta\"><em>gec <\/em>(<\/span>2004; i encara ara: 20.04.2020, <a href=\"https:\/\/www.enciclopedia.cat\/ec-gec-0124962.xml\" target=\"_blank\" rel=\"noopener noreferrer\">10.07.2023<\/a>):<\/p>\n<blockquote><p><strong>mossarabisme<\/strong><br \/>\nMot moss\u00e0rab emprat en una altra llengua.<br \/>\nEl l\u00e8xic catal\u00e0, molt especialment el del Pa\u00eds Valenci\u00e0, cont\u00e9 diversos apel\u00b7latius que s\u00f3n mossarabismes, car s&#8217;ajusten a les lleis de fon\u00e8tica hist\u00f2rica del moss\u00e0rab i no pas a les del catal\u00e0, com ara <em>brullo<\/em> &#8216;brossat&#8217;, <em>c\u00e0rritx<\/em> &#8216;senill&#8217;, <em>carxata<\/em> &#8216;llindar&#8217;, <em>clotxa<\/em> &#8216;clotet&#8217;, <em>clotxina<\/em> &#8216;copinya&#8217;, <em>colombaire<\/em> &#8216;colomista&#8217;, <em>corbo<\/em> &#8216;cistell&#8217;, <em>cuquello<\/em> &#8216;cucut&#8217;, <em>fardatxo<\/em> &#8216;llangardaix&#8217;, <em>foia<\/em> &#8216;clotada&#8217;, <em>fondello<\/em> &#8216;entrecuix&#8217;, <em>fond\u00f3<\/em> &#8216;comellar&#8217;, <em>gaiata<\/em> &#8216;crossa&#8217;, <em>gamba<\/em> &#8216;cama&#8217;, <em>gambaire<\/em> &#8216;vagabund&#8217;, <em>muceg[u]ello<\/em> &#8216;ratapinyada&#8217;, <em>mundar<\/em> &#8216;esporgar&#8217;, <em>orandella<\/em> &#8216;oreneta&#8217;, <em>orxata<\/em> &#8216;beguda d&#8217;ordi&#8217;, <em>pando<\/em> &#8216;camatort&#8217;, <em>pleita<\/em> &#8216;llata&#8217;, <em>regomello<\/em> &#8216;recel&#8217;, <em>sarnatxo<\/em> &#8216;senalla&#8217;, <em>t\u00e0pera<\/em> &#8216;caparra&#8217;, <em>tomello<\/em> &#8216;farigola&#8217;, <em>tormo<\/em> &#8216;roc&#8217;, <em>torondo<\/em> &#8216;bony&#8217;, <em>totxa<\/em> &#8216;mata d&#8217;espart&#8217;, <em>xerna<\/em> &#8216;nero&#8217;, <em>xicon<\/em> &#8216;noi&#8217;, etc.<\/p><\/blockquote>\n<p>I, fora d&#8217;eixa entrada, encara afigen uns quants \u00abovnis\u00bb m\u00e9s: <em>albellatge, amo,<span style=\"font-size: 10pt;\"><sup>1<\/sup><\/span> bagra, barjola, bolenga, bogo, <\/em><em>b\u00f2til, cutimanya, gambuix, gaiato,<span style=\"font-size: 10pt;\"><sup>1<\/sup><\/span> gibrell, manxol -la, mitan, pl\u00e0tera, panotxa, seit\u00f3, tormo, r\u00e8vola, s\u00f2til, tronxo,<span style=\"font-size: 10pt;\"><sup>1<\/sup><\/span> estormia, tapissot, trill, xirivia, xitxarel\u00b7lo&#8230;<br \/>\n<\/em><\/p>\n<hr \/>\n<div class=\"su-note\"  style=\"border-color:#e5e54c;border-radius:3px;-moz-border-radius:3px;-webkit-border-radius:3px;\"><div class=\"su-note-inner su-u-clearfix su-u-trim\" style=\"background-color:#FFFF66;border-color:#ffffff;color:#333333;border-radius:3px;-moz-border-radius:3px;-webkit-border-radius:3px;\">Nota 1. En les entrades marcades assenyalen la possibilitat que vinguen de l&#8217;aragon\u00e9s o del castell\u00e0. <\/div><\/div>\n","protected":false},"excerpt":{"rendered":"<p>Els de la gec haurien de consultar l&#8217;article de Germ\u00e0 Col\u00f3n \u00abVisi\u00f3 rom\u00e0ntica sobre alguns &#8220;mossarabismes&#8221; del catal\u00e0\u00bb (gcefcr), i altres refer\u00e8ncies sobre el tema (com ara en la revista Caplletra, 51), per a fer una porga de tant de suposat mossarabisme i omplir una mica m\u00e9s l&#8217;entrada aragonesisme que no en t\u00e9 cap. Com [&hellip;]<\/p>\n","protected":false},"author":1,"featured_media":0,"comment_status":"open","ping_status":"open","sticky":false,"template":"","format":"standard","meta":{"footnotes":""},"categories":[11],"tags":[136,140,113,17],"class_list":["post-3118","post","type-post","status-publish","format-standard","hentry","category-lletra-m","tag-abreviacions","tag-dialectes","tag-historia","tag-lexic"],"post_mailing_queue_ids":[],"_links":{"self":[{"href":"https:\/\/www.cdlpv.org\/fitxes\/wp-json\/wp\/v2\/posts\/3118","targetHints":{"allow":["GET"]}}],"collection":[{"href":"https:\/\/www.cdlpv.org\/fitxes\/wp-json\/wp\/v2\/posts"}],"about":[{"href":"https:\/\/www.cdlpv.org\/fitxes\/wp-json\/wp\/v2\/types\/post"}],"author":[{"embeddable":true,"href":"https:\/\/www.cdlpv.org\/fitxes\/wp-json\/wp\/v2\/users\/1"}],"replies":[{"embeddable":true,"href":"https:\/\/www.cdlpv.org\/fitxes\/wp-json\/wp\/v2\/comments?post=3118"}],"version-history":[{"count":19,"href":"https:\/\/www.cdlpv.org\/fitxes\/wp-json\/wp\/v2\/posts\/3118\/revisions"}],"predecessor-version":[{"id":7177,"href":"https:\/\/www.cdlpv.org\/fitxes\/wp-json\/wp\/v2\/posts\/3118\/revisions\/7177"}],"wp:attachment":[{"href":"https:\/\/www.cdlpv.org\/fitxes\/wp-json\/wp\/v2\/media?parent=3118"}],"wp:term":[{"taxonomy":"category","embeddable":true,"href":"https:\/\/www.cdlpv.org\/fitxes\/wp-json\/wp\/v2\/categories?post=3118"},{"taxonomy":"post_tag","embeddable":true,"href":"https:\/\/www.cdlpv.org\/fitxes\/wp-json\/wp\/v2\/tags?post=3118"}],"curies":[{"name":"wp","href":"https:\/\/api.w.org\/{rel}","templated":true}]}}