{"id":3054,"date":"2020-03-12T20:30:31","date_gmt":"2020-03-12T19:30:31","guid":{"rendered":"http:\/\/www.cdlpv.org\/fitxes\/?p=3054"},"modified":"2020-03-21T22:07:11","modified_gmt":"2020-03-21T21:07:11","slug":"codis-2","status":"publish","type":"post","link":"https:\/\/www.cdlpv.org\/fitxes\/codis-2\/","title":{"rendered":"cod\u00eds"},"content":{"rendered":"<p>Germ\u00e0 Col\u00f3n Dom\u00e8nech (<em>Anuari 97<\/em> de l\u2019Agrupaci\u00f3 Borrianenca de Cultura) utilitza esta paraula, que els diccionaris recullen com a nom com\u00fa sin\u00f2nim de <em>palet de riera (<span class=\"versaleta\">gdlc<\/span>\u00a0<\/em>i\u00a0<em><span class=\"versaleta\">diec<\/span>;<\/em> consulta<em>: <\/em><a href=\"http:\/\/www.diccionari.cat\/lexicx.jsp?GECART=0162268\" target=\"_blank\" rel=\"noopener noreferrer\">12.03.2020<\/a><em>),<\/em> com a adjectiu: \u00abpedres codisses (preses probablement del riu Belcaire)\u00bb.<\/p>\n<p>El <span class=\"versaleta\"><em>dnv<\/em><\/span> (consulta: <a href=\"http:\/\/www.avl.gva.es\/lexicval\/?paraula=cod\u00eds\" target=\"_blank\" rel=\"noopener noreferrer\">12.03.2020<\/a>) l&#8217;inclou tamb\u00e9 com a substantiu i remet a <em>pedra codissa:<\/em><\/p>\n<blockquote><p><span class=\"catgramatical cursiva\"><strong>cod\u00eds <\/strong><em>m.<\/em><\/span><em><span class=\"tema cursiva\"> GEOL.<\/span><\/em> <span class=\"remision\"><span class=\"remisionlocdes\">Pedra codissa<\/span>.<br \/>\n<strong>pedra codissa <\/strong><em>f. GEOL.<\/em> Pedra de rambla o de platja arredonida per la fricci\u00f3 cont\u00ednua que provoca un corrent d&#8217;aigua o l&#8217;embat de les ones.<br \/>\n<\/span><\/p><\/blockquote>\n<p>Per tant, podem fer un petit conjunt de sin\u00f2nims (no sempre enlla\u00e7ats pels diccionaris): <em><a href=\"https:\/\/www.cdlpv.org\/fitxes\/blavo\/\" target=\"_blank\" rel=\"noopener noreferrer\">blav\u00f3<\/a>, <\/em><em><a href=\"http:\/\/www.avl.gva.es\/lexicval\/?paraula=codina\" target=\"_blank\" rel=\"noopener noreferrer\">codina<\/a>, cod\u00eds, <a href=\"https:\/\/dlc.iec.cat\/Results?DecEntradaText=codolell\" target=\"_blank\" rel=\"noopener noreferrer\">codolell<\/a>, cudol (c\u00f2dol), mac, <a href=\"https:\/\/dlc.iec.cat\/Results?DecEntradaText=macol%C3%AD\" target=\"_blank\" rel=\"noopener noreferrer\">macol\u00ed<\/a>, palet (de riera), pedra de riu, quadrell&#8230; <\/em>Veg. tamb\u00e9 el <em>Diccionari de<\/em> <em>sin\u00f2nims<\/em> d&#8217;Albert Jan\u00e9 (s. v. <em>c\u00f2dol<\/em> i <em>palet<\/em><em>;<\/em> consulta: <a href=\"https:\/\/sinonims.iec.cat\/sinonims_cerca_sin.asp?pclau2=codis\" target=\"_blank\" rel=\"noopener noreferrer\">12.03.2020)<\/a><\/p>\n","protected":false},"excerpt":{"rendered":"<p>Germ\u00e0 Col\u00f3n Dom\u00e8nech (Anuari 97 de l\u2019Agrupaci\u00f3 Borrianenca de Cultura) utilitza esta paraula, que els diccionaris recullen com a nom com\u00fa sin\u00f2nim de palet de riera (gdlc\u00a0i\u00a0diec; consulta: 12.03.2020), com a adjectiu: \u00abpedres codisses (preses probablement del riu Belcaire)\u00bb. El dnv (consulta: 12.03.2020) l&#8217;inclou tamb\u00e9 com a substantiu i remet a pedra codissa: cod\u00eds m. [&hellip;]<\/p>\n","protected":false},"author":1,"featured_media":0,"comment_status":"open","ping_status":"open","sticky":false,"template":"","format":"standard","meta":{"footnotes":""},"categories":[14],"tags":[17,53],"class_list":["post-3054","post","type-post","status-publish","format-standard","hentry","category-lletra-c","tag-lexic","tag-revisions"],"post_mailing_queue_ids":[],"_links":{"self":[{"href":"https:\/\/www.cdlpv.org\/fitxes\/wp-json\/wp\/v2\/posts\/3054","targetHints":{"allow":["GET"]}}],"collection":[{"href":"https:\/\/www.cdlpv.org\/fitxes\/wp-json\/wp\/v2\/posts"}],"about":[{"href":"https:\/\/www.cdlpv.org\/fitxes\/wp-json\/wp\/v2\/types\/post"}],"author":[{"embeddable":true,"href":"https:\/\/www.cdlpv.org\/fitxes\/wp-json\/wp\/v2\/users\/1"}],"replies":[{"embeddable":true,"href":"https:\/\/www.cdlpv.org\/fitxes\/wp-json\/wp\/v2\/comments?post=3054"}],"version-history":[{"count":6,"href":"https:\/\/www.cdlpv.org\/fitxes\/wp-json\/wp\/v2\/posts\/3054\/revisions"}],"predecessor-version":[{"id":3073,"href":"https:\/\/www.cdlpv.org\/fitxes\/wp-json\/wp\/v2\/posts\/3054\/revisions\/3073"}],"wp:attachment":[{"href":"https:\/\/www.cdlpv.org\/fitxes\/wp-json\/wp\/v2\/media?parent=3054"}],"wp:term":[{"taxonomy":"category","embeddable":true,"href":"https:\/\/www.cdlpv.org\/fitxes\/wp-json\/wp\/v2\/categories?post=3054"},{"taxonomy":"post_tag","embeddable":true,"href":"https:\/\/www.cdlpv.org\/fitxes\/wp-json\/wp\/v2\/tags?post=3054"}],"curies":[{"name":"wp","href":"https:\/\/api.w.org\/{rel}","templated":true}]}}