{"id":3036,"date":"2020-03-03T14:37:53","date_gmt":"2020-03-03T13:37:53","guid":{"rendered":"http:\/\/www.cdlpv.org\/fitxes\/?p=3036"},"modified":"2020-03-03T14:38:31","modified_gmt":"2020-03-03T13:38:31","slug":"seda-ruta-de-la","status":"publish","type":"post","link":"https:\/\/www.cdlpv.org\/fitxes\/seda-ruta-de-la\/","title":{"rendered":"seda, ruta de la"},"content":{"rendered":"<p>Segons l\u2019entrada <em>seda<\/em> de la <span class=\"versaleta\"><em>gec<\/em><\/span> (consulta: <a href=\"https:\/\/href.li\/?https:\/\/www.enciclopedia.cat\/ec-gec-0141475.xml\" target=\"_blank\" rel=\"noopener noreferrer\">28.02.2020<\/a>):<\/p>\n<blockquote><p>El gran comer\u00e7 de la seda tingu\u00e9 lloc, durant tota l\u2019edat mitjana, a trav\u00e9s de l\u2019anomenada <strong>ruta de la seda,<\/strong> que unia Antioquia i Tir amb la Xina, a trav\u00e9s de la Mesopot\u00e0mia, l\u2019altipl\u00e0 de l\u2019Iran, la Bactrina, la Sogdiana i la conca del Tarim. Aquesta ruta fou, a m\u00e9s, una via de relacions culturals i art\u00edstiques. Artesans grecs s\u2019instal\u00b7laren a Sic\u00edlia i a la pen\u00ednsula it\u00e0lica. Als s. XV i XVI Val\u00e8ncia esdevingu\u00e9 el centre de producci\u00f3 i exportaci\u00f3 m\u00e9s important de la pen\u00ednsula Ib\u00e8rica. En produir-se la mecanitzaci\u00f3 del treball de la seda, Fran\u00e7a ocup\u00e0 el primer lloc entre els pa\u00efsos productors d\u2019Europa i Li\u00f3 s\u2019impos\u00e0 a tots els altres centres de producci\u00f3.<\/p><\/blockquote>\n<p>Per tant, es considera que \u00e9s una designaci\u00f3 comuna (que no cont\u00e9 cap nom propi; cf. <em><span class=\"versaleta\">gec<\/span>:<\/em> <em>cam\u00ed de Sant Jaume;<\/em> consulta: <a href=\"https:\/\/href.li\/?https:\/\/www.enciclopedia.cat\/ec-gec-0059906.xml\" target=\"_blank\" rel=\"noopener noreferrer\">28.02.2020<\/a> ), tal com passa amb <em>corredor mediterrani <\/em>(veg. \u00c9sadir; consulta: <a href=\"https:\/\/href.li\/?http:\/\/esadir.cat\/entrades\/fitxa\/node\/corredor_mediterrani\" target=\"_blank\" rel=\"noopener noreferrer\">28.02.2020<\/a>), <em>corredor atl\u00e0ntic<\/em> i altres<em>.<\/em><\/p>\n","protected":false},"excerpt":{"rendered":"<p>Segons l\u2019entrada seda de la gec (consulta: 28.02.2020): El gran comer\u00e7 de la seda tingu\u00e9 lloc, durant tota l\u2019edat mitjana, a trav\u00e9s de l\u2019anomenada ruta de la seda, que unia Antioquia i Tir amb la Xina, a trav\u00e9s de la Mesopot\u00e0mia, l\u2019altipl\u00e0 de l\u2019Iran, la Bactrina, la Sogdiana i la conca del Tarim. Aquesta ruta [&hellip;]<\/p>\n","protected":false},"author":1,"featured_media":0,"comment_status":"open","ping_status":"open","sticky":false,"template":"","format":"standard","meta":{"footnotes":""},"categories":[44],"tags":[94,113,57],"class_list":["post-3036","post","type-post","status-publish","format-standard","hentry","category-lletra-r","tag-geografia","tag-historia","tag-toponimia"],"post_mailing_queue_ids":[],"_links":{"self":[{"href":"https:\/\/www.cdlpv.org\/fitxes\/wp-json\/wp\/v2\/posts\/3036","targetHints":{"allow":["GET"]}}],"collection":[{"href":"https:\/\/www.cdlpv.org\/fitxes\/wp-json\/wp\/v2\/posts"}],"about":[{"href":"https:\/\/www.cdlpv.org\/fitxes\/wp-json\/wp\/v2\/types\/post"}],"author":[{"embeddable":true,"href":"https:\/\/www.cdlpv.org\/fitxes\/wp-json\/wp\/v2\/users\/1"}],"replies":[{"embeddable":true,"href":"https:\/\/www.cdlpv.org\/fitxes\/wp-json\/wp\/v2\/comments?post=3036"}],"version-history":[{"count":1,"href":"https:\/\/www.cdlpv.org\/fitxes\/wp-json\/wp\/v2\/posts\/3036\/revisions"}],"predecessor-version":[{"id":3037,"href":"https:\/\/www.cdlpv.org\/fitxes\/wp-json\/wp\/v2\/posts\/3036\/revisions\/3037"}],"wp:attachment":[{"href":"https:\/\/www.cdlpv.org\/fitxes\/wp-json\/wp\/v2\/media?parent=3036"}],"wp:term":[{"taxonomy":"category","embeddable":true,"href":"https:\/\/www.cdlpv.org\/fitxes\/wp-json\/wp\/v2\/categories?post=3036"},{"taxonomy":"post_tag","embeddable":true,"href":"https:\/\/www.cdlpv.org\/fitxes\/wp-json\/wp\/v2\/tags?post=3036"}],"curies":[{"name":"wp","href":"https:\/\/api.w.org\/{rel}","templated":true}]}}