{"id":3019,"date":"2020-02-26T20:30:33","date_gmt":"2020-02-26T19:30:33","guid":{"rendered":"http:\/\/www.cdlpv.org\/fitxes\/?p=3019"},"modified":"2020-02-26T17:44:27","modified_gmt":"2020-02-26T16:44:27","slug":"poio","status":"publish","type":"post","link":"https:\/\/www.cdlpv.org\/fitxes\/poio\/","title":{"rendered":"Poio"},"content":{"rendered":"<figure id=\"attachment_3020\" aria-describedby=\"caption-attachment-3020\" style=\"width: 300px\" class=\"wp-caption alignleft\"><a href=\"http:\/\/www.cdlpv.org\/fitxes\/wp-content\/uploads\/2020\/02\/Poio-Poyo.png\"><img loading=\"lazy\" decoding=\"async\" class=\"size-medium wp-image-3020\" src=\"http:\/\/www.cdlpv.org\/fitxes\/wp-content\/uploads\/2020\/02\/Poio-Poyo-300x278.png\" alt=\"\" width=\"300\" height=\"278\" srcset=\"https:\/\/www.cdlpv.org\/fitxes\/wp-content\/uploads\/2020\/02\/Poio-Poyo-300x278.png 300w, https:\/\/www.cdlpv.org\/fitxes\/wp-content\/uploads\/2020\/02\/Poio-Poyo.png 695w\" sizes=\"auto, (max-width: 300px) 100vw, 300px\" \/><\/a><figcaption id=\"caption-attachment-3020\" class=\"wp-caption-text\">Barranc (o rambla) de Poio. Imatge treta del <em>Nomencl\u00e0tor topon\u00edmic valenci\u00e0<\/em>.<\/figcaption><\/figure>\n<ol>\n<li>El barranc de Poio (o rambla de Poio) \u00e9s un accident orogr\u00e0fic que va de Xest fins a Torrent, on es convertix en el barranc de Xiva.<br \/>\nEn castell\u00e0, <em>rambla<\/em> (o <em>barranco<\/em>) <em>de Poyo<\/em>.<\/li>\n<li>Una informaci\u00f3\u00a0 anterior d&#8217;Aig\u00fces Vives P\u00e9rez Piquer (21.09.2001) indicava aix\u00f2 mateix: el nom m\u00e9s general \u00e9s <em>barranc de Xiva<\/em>. Quan passa per Riba-roja canvia el nom pel de <em>rambla de(l) Poio<\/em>; i m\u00e9s avant, a Torrent, en diuen \u00abde Torrent\u00bb.<\/li>\n<li>Nom d\u2019una venta del terme de Riba-roja de T\u00faria i d\u2019una rambla (o barranc) que passa a prop i que discorre pels termes de Xest i Riba-roja (atles de l&#8217;ed. 62 i de la <span class=\"versaleta\"><em>gec<\/em><\/span>). Segons <em>El Pa\u00eds<\/em> del 17.09.2001, tamb\u00e9 \u00e9s coneguda com a rambla de Torrent. En castell\u00e0: <em>rambla de Poyo<\/em>.<\/li>\n<li>L\u2019<span class=\"versaleta\"><em>onomast<\/em><\/span> recull <em>masia del Poll<\/em> a Riba-roja de T\u00faria (<span class=\"versaleta\">xxx<\/span>, 113.7) i <em>fonteta del Poll<\/em> a Olocau de Carraixet (<span class=\"versaleta\">xxx<\/span>, 102.15) [no s\u00e9 qu\u00e8 signifiquen les remissions]:<br \/>\n<blockquote><p><em>POLL<br \/>\n<\/em>\u00abPollancre\u00bb: DECat, <span class=\"versaleta\">vi<\/span>, 654a56-658a13.<br \/>\n<em>Torrent del P\u00f3ll,<\/em> a Osseja (<span class=\"versaleta\">xxiii<\/span>, 28.5). <em>Mas d&#8217;e(n) \u223c, <\/em>a Corbera de les Cabanes (<span class=\"versaleta\">xxvii<\/span>, 21.9). <em>Font del \u223c,<\/em> a l&#8217;Alcora (<span class=\"versaleta\">xxix<\/span>, 114.2). <em>Masia del \u223c,<\/em> a Riba-roja de T\u00faria (<span class=\"versaleta\">xxx<\/span>, 113.7). <em>El \u223c de Mir,<\/em> a Mislata (<span class=\"versaleta\">xxx<\/span>, 129.14). <em>Rac\u00f3 del \u223c,<\/em> a Crevillent (<span class=\"versaleta\">xxxvi<\/span>, 151.7). <em>Sa Font des \u223c<\/em> i <em>s&#8217;hort des Pere des \u223c,<\/em> a Campanet (<span class=\"versaleta\">xl<\/span>, 85.25; 86.15). [&#8230;]<\/blockquote>\n<\/li>\n<\/ol>\n","protected":false},"excerpt":{"rendered":"<p>El barranc de Poio (o rambla de Poio) \u00e9s un accident orogr\u00e0fic que va de Xest fins a Torrent, on es convertix en el barranc de Xiva. En castell\u00e0, rambla (o barranco) de Poyo. Una informaci\u00f3\u00a0 anterior d&#8217;Aig\u00fces Vives P\u00e9rez Piquer (21.09.2001) indicava aix\u00f2 mateix: el nom m\u00e9s general \u00e9s barranc de Xiva. Quan passa [&hellip;]<\/p>\n","protected":false},"author":1,"featured_media":0,"comment_status":"open","ping_status":"open","sticky":false,"template":"","format":"standard","meta":{"footnotes":""},"categories":[50],"tags":[57],"class_list":["post-3019","post","type-post","status-publish","format-standard","hentry","category-lletra-p","tag-toponimia"],"post_mailing_queue_ids":[],"_links":{"self":[{"href":"https:\/\/www.cdlpv.org\/fitxes\/wp-json\/wp\/v2\/posts\/3019","targetHints":{"allow":["GET"]}}],"collection":[{"href":"https:\/\/www.cdlpv.org\/fitxes\/wp-json\/wp\/v2\/posts"}],"about":[{"href":"https:\/\/www.cdlpv.org\/fitxes\/wp-json\/wp\/v2\/types\/post"}],"author":[{"embeddable":true,"href":"https:\/\/www.cdlpv.org\/fitxes\/wp-json\/wp\/v2\/users\/1"}],"replies":[{"embeddable":true,"href":"https:\/\/www.cdlpv.org\/fitxes\/wp-json\/wp\/v2\/comments?post=3019"}],"version-history":[{"count":4,"href":"https:\/\/www.cdlpv.org\/fitxes\/wp-json\/wp\/v2\/posts\/3019\/revisions"}],"predecessor-version":[{"id":3025,"href":"https:\/\/www.cdlpv.org\/fitxes\/wp-json\/wp\/v2\/posts\/3019\/revisions\/3025"}],"wp:attachment":[{"href":"https:\/\/www.cdlpv.org\/fitxes\/wp-json\/wp\/v2\/media?parent=3019"}],"wp:term":[{"taxonomy":"category","embeddable":true,"href":"https:\/\/www.cdlpv.org\/fitxes\/wp-json\/wp\/v2\/categories?post=3019"},{"taxonomy":"post_tag","embeddable":true,"href":"https:\/\/www.cdlpv.org\/fitxes\/wp-json\/wp\/v2\/tags?post=3019"}],"curies":[{"name":"wp","href":"https:\/\/api.w.org\/{rel}","templated":true}]}}