{"id":3016,"date":"2020-02-26T20:30:52","date_gmt":"2020-02-26T18:30:52","guid":{"rendered":"http:\/\/www.cdlpv.org\/fitxes\/?p=3016"},"modified":"2024-02-29T22:24:32","modified_gmt":"2024-02-29T21:24:32","slug":"covid-19","status":"publish","type":"post","link":"https:\/\/www.cdlpv.org\/fitxes\/covid-19\/","title":{"rendered":"covid-19"},"content":{"rendered":"<p>El terme <em>covid-19<\/em> denomina una malaltia (pneumonia per coronavirus) que s\u2019ha conegut i est\u00e9s pel planeta des del final de l\u2019any 2019 a partir de la Xina (al voltant de la ciutat de <a href=\"https:\/\/href.li\/?https:\/\/www.enciclopedia.cat\/ec-gec-0072442.xml\" target=\"_blank\" rel=\"noopener noreferrer\">Wuhan<\/a>).<\/p>\n<p>El nom\u00a0<em>covid<\/em> (<em>c\u00f2vid<\/em>) \u00e9s un acr\u00f2nim creat a partir de la denominaci\u00f3 anglesa <em>coronavirus disease <\/em>(\u00e9s a dir<em>, <\/em>malaltia del coronavirus)<em>,<\/em> i duia l\u2019afegit de l\u2019any en qu\u00e8 es va detectar. En \u00e0mbits t\u00e8cnics, la denominaci\u00f3 del virus pot adoptar formes codificades, com ara <em>SARS-CoV-2<\/em> o <em>2019-nCoV<\/em>.<\/p>\n<p>El procediment de creaci\u00f3 i d&#8217;adaptaci\u00f3 \u00e9s semblant al de la paraula masculina <em>b\u00f2tox <\/em>(no apareix encara en els diccionaris generals), que ha esdevingut ja nom com\u00fa (veg. \u00c9sadir; consulta: <a href=\"http:\/\/www.esadir.cat\/entrades\/fitxa\/node\/botox\" target=\"_blank\" rel=\"noopener noreferrer\">15.04.2020<\/a>; Obneo; consulta: <a href=\"https:\/\/neolosfera.wordpress.com\/2017\/11\/03\/botox\/\" target=\"_blank\" rel=\"noopener noreferrer\">15.04.2020<\/a>), encara que, en este cas, inicialment era una marca comercial (Botox) creada a partir del terme angl\u00e9s <em>botuline toxine<\/em>.<\/p>\n<p>En un primer moment, el Termcat (04.03.2020; consulta: <a href=\"https:\/\/www.termcat.cat\/ca\/diccionaris-en-linia\/286\/fitxa\/NDMzNDI2Ng%3D%3D\" target=\"_blank\" rel=\"noopener noreferrer\">17.04.2020<\/a>) havia publicat una fitxa que recollia la forma amb totes les lletres maj\u00fascules (seguint els seus <a href=\"https:\/\/www.termcat.cat\/ca\/cercaterm\/fitxa\/NDI0OTg0Ng%3D%3D\" target=\"_blank\" rel=\"noopener noreferrer\">criteris<\/a> sobre les sigles i els acr\u00f2nims) i indicava que era una paraula de g\u00e8nere femen\u00ed. Posteriorment (consulta: <a href=\"https:\/\/www.termcat.cat\/ca\/cercaterm\/fitxa\/NDM0MDQ1NA%3D%3D\" target=\"_blank\" rel=\"noopener noreferrer\">23.04.2020<\/a>), com a segona opci\u00f3 va proposar tamb\u00e9:<\/p>\n<blockquote><p><b>covid-19<\/b>, amb totes les lletres amb min\u00fascules i en rodona, d&#8217;acord amb l&#8217;\u00faltim pas d&#8217;integraci\u00f3 de les sigles en la llengua quan es tornen d&#8217;\u00fas general. (\u00c9s a dir, igual que <i>sida <\/i>o <i>radar<\/i>, originalment sigles.)<\/p><\/blockquote>\n<p>L&#8217;any seg\u00fcent (2021), el <span class=\"versaleta\"><em>diec<\/em><\/span> acaba incorporant la paraula (ho he aprofitat i el 26.11.2021 he demanat a l&#8217;<span class=\"versaleta\">avl<\/span> que la incloga en el <span class=\"versaleta\"><em>dnv<\/em><\/span>): <a href=\"https:\/\/dlc.iec.cat\/Results?DecEntradaText=covid&amp;AllInfoMorf=False&amp;OperEntrada=0&amp;OperDef=0&amp;OperEx=0&amp;OperSubEntrada=0&amp;OperAreaTematica=0&amp;InfoMorfType=0&amp;OperCatGram=False&amp;AccentSen=False&amp;CurrentPage=0&amp;refineSearch=0&amp;Actualitzacions=False#\" target=\"_blank\" rel=\"noopener\"><i class=\"fas fa-external-link-alt\"><\/i><\/a><\/p>\n<blockquote><p><strong>covid<br \/>\n<\/strong>f. Malaltia respirat\u00f2ria causada pel coronavirus SARS-CoV-2 i caracteritzada per febre, tos i dificultats respirat\u00f2ries, que en casos greus pot derivar en una pneum\u00f2nia, en una s\u00edndrome respirat\u00f2ria aguda greu o en una insufici\u00e8ncia renal.<\/p><\/blockquote>\n<p>Quant a la pronunciaci\u00f3, nom\u00e9s han indicat que consideren m\u00e9s \u00abnatural\u00bb que siga una paraula aguda i que no es sol fer la reducci\u00f3 voc\u00e0lida en les sigles (\u00abcuvid\u00bb). Encara que el Termcat (consulta: <a href=\"https:\/\/www.termcat.cat\/ca\/cercaterm\/fitxa\/NDM0MDQ1NA%3D%3D\" target=\"_blank\" rel=\"noopener\">20.04.2022<\/a>) s\u00ed que accepta m\u00e9s clarament esta possibilitat:<\/p>\n<blockquote><p>Ara b\u00e9, en els dialectes que habitualment pronuncien [u] una <i>o<\/i> \u00e0tona, tamb\u00e9 es pot pronunciar <i>c<\/i>[u]<i>vid<\/i>, d&#8217;acord amb el proc\u00e9s habitual d&#8217;integraci\u00f3 de sigles i paraules procedents d&#8217;altres lleng\u00fces.<\/p><\/blockquote>\n<p>De fet, com que ja no es tracta d&#8217;una sigla, sin\u00f3 un nom com\u00fa, en els dialectes que apliquen este tret (reducci\u00f3 \u00e0tona o &gt; u) haurien d&#8217;acabar pronunciant \u00abcuvid\u00bb (o \u00abc\u00f2vid\u00bb, si posen l&#8217;accent en la primera s\u00ed\u0140laba). Pel que fa a la possibilitat que siga una paraula plana, per ara (05.05.2020) el <em><span class=\"versaleta\">diec<\/span><\/em> no ho ha previst, per\u00f2 podem vore m\u00e9s avall (\u00abPronunciaci\u00f3: aguda o plana\u00bb), <a href=\"#pronun\" target=\"_self\" rel=\"noopener\"><i class=\"fas fa-anchor\"><\/i><\/a> tenint en compte \u00abl&#8217;estructura morfopros\u00f2dica\u00bb d&#8217;esta classes de substantius, que \u00e9s una pron\u00fancia previsible i normal.<\/p>\n<h3>G\u00e8nere: <em>el<\/em> o <em>la<\/em><\/h3>\n<p>Transcrivim tot seguint un comentari de la ling\u00fcista Carme Junyent (confer\u00e8ncia: \u00abServeix d&#8217;alguna cosa manipular el g\u00e8nere en la llengua?\u00bb; 08.04.2021; minutatge: 14:38 <a href=\"https:\/\/www.youtube.com\/watch?v=rgX_R8sBhjg\" target=\"_blank\" rel=\"noopener\"><i class=\"fas fa-file-video-o\"><\/i><\/a>):<\/p>\n<blockquote><p>Fixeu-vos la batalla que hi\u00a0 ha hagut, i que encara no sabem cap a quina banda caur\u00e0, per a fer que <em>covid<\/em> fos femen\u00ed, amb l&#8217;argument bastant absurd que \u00e9s una malaltia, perqu\u00e8 la <em>d<\/em> ve de l&#8217;angl\u00e8s i&#8230; Per\u00f2 aix\u00f2 no t\u00e9 sentit. Vull dir, si volien fer un bon acr\u00f2nim, que li posen <em>macovi<\/em> i aleshores potser s\u00ed que ens creurem que \u00e9s femen\u00ed, per\u00f2 si no, vaja, \u00e9s que \u00e9s una paraula que ho t\u00e9 tot per a ser masculina, \u00bfno?, i s&#8217;ha volgut posar en femen\u00ed ves a saber per qu\u00e8.<\/p><\/blockquote>\n<p>L&#8217;\u00fas general de la paraula aplica les dos possibilitats. Com que \u00e9s el nom d\u2019una malaltia (tal com <em>pallola, sida, ebola<\/em> o <em>alzh\u00e8imer<\/em>) i, alhora, s\u2019utilitza per a denominar el virus, tant concorda en femen\u00ed com en mascul\u00ed: \u00abla covid-19\u00bb, pensant que concorda amb <em>malaltia,<\/em> com \u00abel covid-19\u00bb, pensant que concorda amb <em>coronavirus;<\/em> o pensant en la paraula <em>mal<\/em>, tal com proposa Josep Ruaix (\u00abSobre la denominaci\u00f3 de l\u2019actual pand\u00e8mia\u00bb, <em>N\u00favol,<\/em> <a href=\"https:\/\/www.nuvol.com\/llengua\/sobre-la-denominacio-de-actual-pandemia-98843\" target=\"_blank\" rel=\"noopener noreferrer\">01.05.2020<\/a>), que tamb\u00e9 recull malalties amb nom mascul\u00ed:<\/p>\n<blockquote><p>c\u00e0ncer, catarro, coma, c\u00f2lera, c\u00f2lic, constipat, dolor, ictus, infart, insomni, malestar, mareig, raquitisme, restrenyiment, reuma, tifus, vertigen, xarampi\u00f3, etc.<\/p><\/blockquote>\n<p>En el mateix sentit s&#8217;expressen Albert Pla Nualart (\u00abReptes terminol\u00f2gics de la crisi del coronavirus\u00bb, <em>Ara.cat, <\/em><a href=\"https:\/\/llegim.ara.cat\/opinio\/Reptes-terminologics-crisi-del-coronavirus_0_2420757920.html\" target=\"_blank\" rel=\"noopener noreferrer\">20.03.2020<\/a>) i Josep Lacreu en \u00ab\u00bfEl covid o la covid?\u00bb (<em>Levante,<\/em> <a href=\"https:\/\/red.levante-emv.com\/joseplacreu\/2020\/04\/03\/el-covid-o-la-covid\/\" target=\"_blank\" rel=\"noopener noreferrer\">03.04.2020<\/a>). Josep Lacreu, a m\u00e9s, t\u00e9 en compte que en altres lleng\u00fces tamb\u00e9 li han adjudicat majorit\u00e0riament el g\u00e8nere mascul\u00ed, cosa que passa en l&#8217;\u00fas general en valenci\u00e0 tamb\u00e9, seguint l&#8217;exemple de les paraules acabades en <em>-it, <\/em>i posa els exemples: \u00abardit, cabrit, confit, escrit, polit\u00bb. En este sentit, el mateix Josep Lacreu mos comunica (09.11.2020) \u00abque l\u2019AVL ha adoptat la soluci\u00f3 d\u2019entrar el nom d\u2019esta malaltia en el Portal Terminol\u00f2gic Valenci\u00e0 (PTL) amb doble g\u00e8nere, mascul\u00ed i femen\u00ed, per\u00f2 fent servir la forma masculina en les altres entrades en qu\u00e8 apareix usat este terme\u00bb. Per exemple, vegeu <em>covid<\/em> en el PTL (consulta: <a href=\"http:\/\/www.avl.gva.es\/lexicval\/ptv?paraula=covid\" target=\"_blank\" rel=\"noopener noreferrer\">10.11.2020<\/a>):<\/p>\n<blockquote><p><strong>coronavirus del COVID-19<\/strong><br \/>\n<em>m. BIOL.\/PAT.<\/em> Coronavirus del g\u00e8nere Betacoronavirus amb un genoma constitu\u00eft per una c\u00f2pia d&#8217;ARN monocatenari de sentit positiu i un embolcall amb esp\u00edcules, que causa el COVID-19.<br \/>\n<em>cast.<\/em> coronavirus de la COVID-19, coronavirus del COVID-19<br \/>\n<em>angl.<\/em> COVID-19 coronavirus<br \/>\n<em>fr.<\/em> coronavirus de la COVID-19<\/p>\n<p><strong>COVID-19<sup>1<\/sup><\/strong><br \/>\n<em>m.<\/em> o <em>f.<\/em> <em>PAT.<\/em> Malaltia infecciosa causada pel coronavirus SARS-CoV-2, que pot ser asimptom\u00e0tica o produir s\u00edmptomes similars als de la grip, com ara febra, tos, dispnea, mi\u00e0lgia o ast\u00e8nia, per\u00f2 que, especialment quan afecta persones majors amb patologies pr\u00e8vies, pot derivar en una afecci\u00f3 greu multiorg\u00e0nica que pot causar la mort.<br \/>\n<em>cast.<\/em> COVID-19<br \/>\n<em>angl.<\/em> COVID-19<br \/>\n<em>fr.<\/em> COVID-19<\/p>\n<p><strong>covid-19<sup>2<\/sup><\/strong><br \/>\n<em>m.<\/em> o <em>f. PAT.<\/em> COVID-19<sup>1<\/sup>.<br \/>\n<em>cast.<\/em> covid-19<br \/>\n<em>angl.<\/em> covid-19<br \/>\n<em>fr.<\/em> covid-19<\/p><\/blockquote>\n<p>En eixe sentit, podem llegir que el Termcat (consulta: <a href=\"https:\/\/www.termcat.cat\/ca\/diccionaris-en-linia\/286\/fitxa\/NDYwNzEyMg%3D%3D\" target=\"_blank\" rel=\"noopener\">20.04.2022<\/a>) va reflexionant tamb\u00e9 sobre la integraci\u00f3 de la paraula en el vocabulari general de la llengua:<\/p>\n<blockquote><p>S&#8217;observa certa vacil\u00b7laci\u00f3 i l&#8217;\u00fas del g\u00e8nere mascul\u00ed en contextos generals o divulgatius, probablement perqu\u00e8 la denominaci\u00f3 s&#8217;ajusta a l&#8217;estructura morfopros\u00f2dica del substantius en catal\u00e0 (mot agut acabat en [it]) i per un \u00fas meton\u00edmic, menys prec\u00eds, amb refer\u00e8ncia al coronavirus que causa la malaltia.<\/p><\/blockquote>\n<p>Ampliant el debat, Pilar Gispert-Sa\u00fcch Viader mos enlla\u00e7a dos articles de Jordi Badia i Pujol. El m\u00e9s rellevant per a esta fitxa \u00e9s: \u00abPer qu\u00e8 diem \u2018la Covid-19\u2019 i no \u2018el Covid-19\u2019?\u00bb (<em>Vilaweb, <\/em><a href=\"https:\/\/www.vilaweb.cat\/noticies\/per-que-diem-la-covid-19-i-no-el-covid-19\/\" target=\"_blank\" rel=\"noopener noreferrer\">05.05.2020<\/a>; l&#8217;article no explica per qu\u00e8 el nom de la malaltia apareix com si fora un nom propi), que detalla el criteri d&#8217;\u00fas general (i normatiu) sobre l&#8217;adjudicaci\u00f3 del g\u00e8nere a les sigles i acr\u00f2nims, que \u00e9s el criteri que ha donat lloc, en el cas de <em>covid,<\/em> a la concordan\u00e7a amb l&#8217;article <em>la<\/em>.<\/p>\n<p>Quant al g\u00e8nere en castell\u00e0, podem llegir un apunt de la <span class=\"versaleta\">rae<\/span> (18.03.2020; consulta: <a href=\"https:\/\/www.rae.es\/noticias\/crisis-del-covid-19-sobre-la-escritura-de-coronavirus\" target=\"_blank\" rel=\"noopener noreferrer\">03.06.2020<\/a>) on es combinen el principi normatiu i el raonament derivat de l&#8217;atenci\u00f3 a l&#8217;\u00fas:<\/p>\n<blockquote><p>El acr\u00f3nimo\u00a0<em>COVID-19<\/em>\u00a0que nombra la enfermedad causada por el SARS-CoV-2 se usa normalmente en masculino (<em>el COVID-19<\/em>) por influjo del g\u00e9nero de\u00a0<em>coronavirus<\/em>\u00a0y de otras enfermedades v\u00edricas (<em>el zika<\/em>,\u00a0<em>el \u00e9bola<\/em>), que toman por metonimia el nombre del virus que las causa. Aunque el uso en femenino (<em>la COVID-19<\/em>) est\u00e1 justificado por ser\u00a0<em>enfermedad<\/em>\u00a0(<em>disease<\/em>\u00a0en ingl\u00e9s) el n\u00facleo del acr\u00f3nimo (<em>COronaVIrus Disease<\/em>), el uso mayoritario en masculino, por las razones expuestas, se considera plenamente v\u00e1lido.<\/p><\/blockquote>\n<h3>Forma de plural<\/h3>\n<p>Pel que fa al plural, \u00e9s ben possible que vejam apar\u00e9ixer variants posteriors, que supose que duran una xifra diferent <em>(covid-20, covid-21&#8230;). <\/em>En eixe cas, el plural es formar\u00e0 com \u00e9s habitual, <em>covids (<\/em>o <em>c\u00f2vids<\/em>), quan s&#8217;utilitze sense xifra. Si la xifra va canviant amb els anys, no caldria pensar en el plural \u00abrar\u00bb <em>covids-19<\/em> que comenta Ruaix.<\/p>\n<h3><a id=\"pronun\"><\/a>Pronunciaci\u00f3: aguda o plana<\/h3>\n<p>Quant a la pronunciaci\u00f3, una q\u00fcesti\u00f3 que no toquen ni el Termcat ni els articles anteriors \u00e9s que tamb\u00e9 podem sentir espont\u00e0niament \u00abc\u00f2vid\u00bb (m\u00e9s concretament, \u00abc\u00f2vit\u00bb). Ho hem sentit pronunciat aixina per:<\/p>\n<ul>\n<li>Jordi Amat i Fust\u00e9 (escriptor; <em>M\u00e9s 324, <\/em>tv3, 28.02.2024) <a href=\"https:\/\/www.ccma.cat\/3cat\/28022024\/video\/6268832\/\" target=\"_blank\" rel=\"noopener\"><i class=\"fas fa-video\"><\/i><\/a><\/li>\n<li>David Cid Colomer (diputat del Parlament de Catalunya; <em>M\u00e9s 324, <\/em>tv3, 27.02.2024) <a href=\"https:\/\/www.ccma.cat\/3cat\/david-cid-volem-el-compromis-per-part-del-president-i-el-govern-que-el-pla-urbanistic-del-hard-rock-no-tirara-endavant\/video\/6268656\/\" target=\"_blank\" rel=\"noopener\"><i class=\"fas fa-video\"><\/i><\/a><\/li>\n<li>Dona major de la Torre de l&#8217;Espanyol en el programa <em>Hist\u00f2ries de la Prim\u00e0ria<\/em> (19.01.2024).<\/li>\n<li>Arcadi Espa\u00f1a Garcia (conseller d&#8217;Hisenda i Model Econ\u00f2mic; Corts Valencianes, Diputaci\u00f3 Permanent, 09.05.2023) <a href=\"https:\/\/mediateca.cortsvalencianes.es\/watch?id=ODM4OTU4NzMtOWNhMC00NGYyLTgxZDItN2JmMmM0NzE3NDE5&amp;start=26\" target=\"_blank\" rel=\"noopener\"><i class=\"fas fa-external-link-alt\" aria-label=\"Diputaci\u00f3 Permanent\"><\/i><\/a><\/li>\n<li>Anna Comet (esportista i periodista; <em>Tot es Mou<\/em>, tv3, \u00a011.04.2022)<\/li>\n<li>Carla Simon (directora de dinema; <em>Premis Gaud\u00ed 2022. La catifa vermella<\/em>, tv3, 06.03.2022)<\/li>\n<li>Laura Rosel (periodista; <em>Tot es Mou, <\/em>tv3, 15.02.2022)<\/li>\n<li>Toni Soler (periodista;\u00a0<em>Est\u00e0 Passant<\/em>,\u00a0tv3, 17.11.2021)<\/li>\n<li>N\u00faria Bacardit (periodista; <em>Telenot\u00edcies,<\/em> tv3, 02.06.2021)<\/li>\n<li>David Fern\u00e1ndez i Ramos (periodista i pol\u00edtic; <em>M\u00e9s324<\/em>, tv3, 06.04.2021)<\/li>\n<li>Aida Gim\u00e9nez (cantant del grup Guineu; <em>Faqs,<\/em> tv3, 12.12.2020)<\/li>\n<li>Xavier Sala-i-Mart\u00edn (economista; <em>Faqs,<\/em> tv3, 12.12.2020;\u00a0<em>Faqs,<\/em> tv3, 28.11.2021: \u00abel c\u00f2vid\u00bb)<\/li>\n<li>Jordi Gen\u00e9 (pilot; <em>Faqs,<\/em> tv3, 12.12.2020)<\/li>\n<li>Montse Barderi Palau (escriptora; <em>M\u00e9s324, <\/em>tv3, <a href=\"https:\/\/www.ccma.cat\/tv3\/alacarta\/mes-324\/montse-barderi-escriptora-periodista-i-filosofa-ens-presenta-lassaig-manual-damor-aristotelic-per-a-dones-del-segle-xxi\/video\/6069011\/\">11.2020<\/a>)<\/li>\n<li>Jordi Bast\u00e9 (periodista; <em>El M\u00f3n a RAC1,<\/em>10.2020)<\/li>\n<li>Helena Garcia Melero <em>(<\/em>periodista; <em>Tot es<\/em> Mou, tv3, 15.07.2020)<\/li>\n<li>Jos\u00e9-Luis Morales Rull (metge; <em>Tot es Mou<\/em>, tv3, 08.07.2020)<\/li>\n<li>Iu Forn, Joan Julibert (periodistes; <em>Tot es Mou,<\/em> tv3, 16.06.2020)<\/li>\n<li>Antoni Gelonch (advocat; <em>M\u00e9s324,<\/em> tv3, 09.06.2020)<\/li>\n<li>Pilar Rahola (periodista i escriptora; <em>Faqs,<\/em> tv3, 30.05.2020)<\/li>\n<li>Oriol Mitj\u00e0 (epidemi\u00f2leg; <em>Faqs,<\/em> tv3, 02.05.2020)<\/li>\n<li>Manuel Esteller (metge; <em>Faqs,<\/em> tv3, 25.04.2020)<\/li>\n<li>Marc Gir\u00f3 (periodista; <em>Est\u00e0<\/em> <em>Passant<\/em>, tv3, 20.04.2020)<\/li>\n<li>Veu de dona en un anunci institucional de la Generalitat valenciana (23.04.2020)<\/li>\n<li>Francesc Latorre (periodista; <em>Telenoticies Migdia<\/em>, tv3, 21.04.2020)<\/li>\n<li>N\u00farial Orriols (periodista d\u2019<em>cat; Faqs<\/em>, 18.04.2020)<\/li>\n<li>Cinta Pascual (representant de l\u2019Associaci\u00f3 Catalana de Recursos Assistencials)<\/li>\n<li>Alguna vegada li ho he sentit a l\u2019anterior portaveu del govern catal\u00e0 Meritxell Bud\u00f3<\/li>\n<li>V\u00edctor Sorribes [03.04.2020] i Xavier Caralt\u00f3 [10.04.2020] (periodistes de tv3)<\/li>\n<\/ul>\n<p>Seria una variant a tindre en compte a l&#8217;hora d&#8217;incloure la paraula en els diccionaris, ja que respon a l&#8217;accentuaci\u00f3 general dels substantius acabats en <em>-vit, <\/em>en <em>-bit,<\/em> en <em>-vid<\/em> o en <em>-bid<\/em> (que no siguen creacions a partir de participis). Podem adduir cultismes (com ara <em>b\u00f2vid, <\/em><em>c\u00e8rvid&#8230;<\/em>), per\u00f2 cal tindre en compte sobretot les paraules d&#8217;\u00fas general (pose entre cometes formes no recollides pels diccionaris generals):<\/p>\n<blockquote><p>\u00e0mbit, \u00ab\u00e0pit\u00bb, \u00ab\u00e0rbit\u00bb, \u00abc\u00e0nvit\u00bb, c\u00f2lbit, \u00abans\u00f2mit\u00bb, \u00abg\u00e8nit\u00bb, h\u00e0bit, \u00abny\u00e8rvit\u00bb, ny\u00e8bit, \u00f2bit, \u00abpr\u00e8mit\u00bb, x\u00e0mbit, x\u00f2lbit&#8230;<\/p><\/blockquote>\n","protected":false},"excerpt":{"rendered":"<p>El terme covid-19 denomina una malaltia (pneumonia per coronavirus) que s\u2019ha conegut i est\u00e9s pel planeta des del final de l\u2019any 2019 a partir de la Xina (al voltant de la ciutat de Wuhan). El nom\u00a0covid (c\u00f2vid) \u00e9s un acr\u00f2nim creat a partir de la denominaci\u00f3 anglesa coronavirus disease (\u00e9s a dir, malaltia del coronavirus), [&hellip;]<\/p>\n","protected":false},"author":1,"featured_media":0,"comment_status":"open","ping_status":"open","sticky":false,"template":"","format":"standard","meta":{"footnotes":""},"categories":[14],"tags":[17,13,53],"class_list":["post-3016","post","type-post","status-publish","format-standard","hentry","category-lletra-c","tag-lexic","tag-neologia","tag-revisions"],"post_mailing_queue_ids":[],"_links":{"self":[{"href":"https:\/\/www.cdlpv.org\/fitxes\/wp-json\/wp\/v2\/posts\/3016","targetHints":{"allow":["GET"]}}],"collection":[{"href":"https:\/\/www.cdlpv.org\/fitxes\/wp-json\/wp\/v2\/posts"}],"about":[{"href":"https:\/\/www.cdlpv.org\/fitxes\/wp-json\/wp\/v2\/types\/post"}],"author":[{"embeddable":true,"href":"https:\/\/www.cdlpv.org\/fitxes\/wp-json\/wp\/v2\/users\/1"}],"replies":[{"embeddable":true,"href":"https:\/\/www.cdlpv.org\/fitxes\/wp-json\/wp\/v2\/comments?post=3016"}],"version-history":[{"count":74,"href":"https:\/\/www.cdlpv.org\/fitxes\/wp-json\/wp\/v2\/posts\/3016\/revisions"}],"predecessor-version":[{"id":6635,"href":"https:\/\/www.cdlpv.org\/fitxes\/wp-json\/wp\/v2\/posts\/3016\/revisions\/6635"}],"wp:attachment":[{"href":"https:\/\/www.cdlpv.org\/fitxes\/wp-json\/wp\/v2\/media?parent=3016"}],"wp:term":[{"taxonomy":"category","embeddable":true,"href":"https:\/\/www.cdlpv.org\/fitxes\/wp-json\/wp\/v2\/categories?post=3016"},{"taxonomy":"post_tag","embeddable":true,"href":"https:\/\/www.cdlpv.org\/fitxes\/wp-json\/wp\/v2\/tags?post=3016"}],"curies":[{"name":"wp","href":"https:\/\/api.w.org\/{rel}","templated":true}]}}