{"id":2919,"date":"2020-01-16T20:30:15","date_gmt":"2020-01-16T19:30:15","guid":{"rendered":"http:\/\/www.cdlpv.org\/fitxes\/?p=2919"},"modified":"2025-12-29T20:36:19","modified_gmt":"2025-12-29T18:36:19","slug":"rodada","status":"publish","type":"post","link":"https:\/\/www.cdlpv.org\/fitxes\/rodada\/","title":{"rendered":"rodada"},"content":{"rendered":"<figure id=\"attachment_7424\" aria-describedby=\"caption-attachment-7424\" style=\"width: 300px\" class=\"wp-caption alignleft\"><a href=\"https:\/\/www.cdlpv.org\/fitxes\/wp-content\/uploads\/2020\/01\/vespreig.png\"><img loading=\"lazy\" decoding=\"async\" class=\"size-medium wp-image-7424\" src=\"https:\/\/www.cdlpv.org\/fitxes\/wp-content\/uploads\/2020\/01\/vespreig-300x199.png\" alt=\"\" width=\"300\" height=\"199\" srcset=\"https:\/\/www.cdlpv.org\/fitxes\/wp-content\/uploads\/2020\/01\/vespreig-300x199.png 300w, https:\/\/www.cdlpv.org\/fitxes\/wp-content\/uploads\/2020\/01\/vespreig-1024x681.png 1024w, https:\/\/www.cdlpv.org\/fitxes\/wp-content\/uploads\/2020\/01\/vespreig-768x511.png 768w, https:\/\/www.cdlpv.org\/fitxes\/wp-content\/uploads\/2020\/01\/vespreig.png 1035w\" sizes=\"auto, (max-width: 300px) 100vw, 300px\" \/><\/a><figcaption id=\"caption-attachment-7424\" class=\"wp-caption-text\"><span style=\"font-size: 10pt;\">Fragment del cartell anunciado del recital \u00abVespreig Estell\u00e9s\u00bb a Eivissa (28.11.2024). <a href=\"https:\/\/eif.convoca.la\/event\/vespreig-estelles\" target=\"_blank\" rel=\"noopener\">&#x1f517;<\/a><\/span><\/figcaption><\/figure>\n<p>El <abbr class=\"abbrevk\" title=\"Diccionari normatiu valenic\u00e0\">dnv<\/abbr> (consulta: <a href=\"http:\/\/www.avl.gva.es\/lexicval\/?paraula=rodada\" target=\"_blank\" rel=\"noopener noreferrer\">16.01.2020<\/a>) incorpora l&#8217;accepci\u00f3 seg\u00fcent per a esta paraula:<\/p>\n<blockquote><p><strong>rodada<br \/>\n5.<\/strong> <em>f.<\/em> Consumicions que fan diverses persones que van en grup, de bar en bar, prenent begudes, normalment alcoh\u00f2liques, i petites quantitats d&#8217;aliments s\u00f2lids com a acompanyament, que paga en cada bar un membre del grup.<\/p><\/blockquote>\n<p>La definici\u00f3 dels acad\u00e8mics \u00e9s un p\u00e8l massa restrictiva, ja que el fet que hi haja o no aliments o que pague u o altre s\u00f3n detalls accessoris que no haurien d&#8217;interferir en el concepte (llevat que eixes difer\u00e8ncies donen lloc a denominacions diverses).<\/p>\n<p>En tot cas, \u00e9s un terme que, al costat d&#8217;altres f\u00f3rmules usuals (com ara \u00abfer la pica(d)eta\u00bb; veg. <abbr class=\"abbrevk\" title=\"Diccionari normatiu valenic\u00e0\">dnv<\/abbr>, s. v. <em>picadeta;<\/em> consulta: <a href=\"http:\/\/www.avl.gva.es\/lexicval\/?paraula=picadeta\" target=\"_blank\" rel=\"noopener noreferrer\">16.01.2020<\/a>) pot servir com a equivalent dels castellans<a href=\"https:\/\/dle.rae.es\/tapear\" target=\"_blank\" rel=\"noopener noreferrer\"><em> tapear <\/em><\/a>i<em> <a href=\"https:\/\/dle.rae.es\/tapeo\" target=\"_blank\" rel=\"noopener noreferrer\">tapeo<\/a> <abbr class=\"abbrevk\" title=\"Diccionario de la lengua espa\u00f1ola\">(drae)<\/abbr>, tardeo<\/em> (veg. Fund\u00e9u<span class=\"versaleta\"><em>,<\/em><\/span> \u00ab<em>Tardear<\/em> i <em>tardeo,<\/em> voces apropiadas\u00bb, 09.07.2015; consulta: <a href=\"https:\/\/www.fundeu.es\/recomendacion\/tardeo-y-tardear-voces-apropiadas\/\" target=\"_blank\" rel=\"noopener noreferrer\">16.01.2020<\/a>) i <em>poteo <\/em>(<abbr class=\"abbrevk\" title=\"Diccionario del espa\u00f1ol actual\">dea<\/abbr>: &#8216;acci\u00f3n de <a href=\"https:\/\/dle.rae.es\/potear\" target=\"_blank\" rel=\"noopener noreferrer\">potear<\/a>&#8216;). Per exemple, a m\u00e9s d&#8217;anar de bar en bar bevent copes de vi, el <em>poteo<\/em> tamb\u00e9 permet altres degustacions (Antonio Casero Mart\u00ednez, \u00abPinchos desprotegidos\u00bb, <em>El Pa\u00eds<\/em>, 12.01.2020):<\/p>\n<blockquote><p>En las tres [ciudades] es obligatorio el <strong>poteo<\/strong> por los bares de pinchos y en las tres he visto algo que me ha desagradado profundamente: muchos bares se saltan a la torera la obligaci\u00f3n de tener los pinchos y tapas protegidos y\/o refrigerados.<\/p><\/blockquote>\n<h3>El terme de la setmana del Termcat: <em>vespreig<\/em><\/h3>\n<p>El Termcat (11.02.2025) <a href=\"https:\/\/www.termcat.cat\/ca\/actualitat\/apunts\/termedelasetmana-vespreig?ct=t%28Butllet%C3%AD150%29\" target=\"_blank\" rel=\"noopener\"><i class=\"fas fa-external-link-alt\"><\/i><\/a> proposa <em>vespreig. <\/em>En la llista de <em>Taula de Filologia Valenciana <\/em>en un intercanvi de missatges proposat per Sergi N\u00fa\u00f1ez de Arenas (iniciat el 21.07.2019) arran de trobar possibles equivalents en valenci\u00e0 al <em>tardeo<\/em> castell\u00e0, <em>vespreig<\/em> va ser la que va tindre m\u00e9s bona acollida. Al llarg del debat van apar\u00e9ixer tamb\u00e9: <em>tardeig, tardet, terrasseig, vespertina, vespradera, vespradeig.<\/em><\/p>\n<p>Cap al final de l&#8217;any, per votaci\u00f3 popular, l&#8217;<abbr class=\"sigla\" title=\"Institut d'Estudis Catalans\">iec<\/abbr> (17.12.2025) <a title=\"La Veu de l'IEC #300\" href=\"https:\/\/www.iec.cat\/noticia\/?id_noticia=24190\" target=\"_blank\" rel=\"nofollow noopener\"><i class=\"fas fa-external-link-alt\"><\/i><\/a> informa que la paraula de l&#8217;any \u00e9s <em>vespreig<\/em> (3.955 vots).<\/p>\n","protected":false},"excerpt":{"rendered":"<p>El dnv (consulta: 16.01.2020) incorpora l&#8217;accepci\u00f3 seg\u00fcent per a esta paraula: rodada 5. f. Consumicions que fan diverses persones que van en grup, de bar en bar, prenent begudes, normalment alcoh\u00f2liques, i petites quantitats d&#8217;aliments s\u00f2lids com a acompanyament, que paga en cada bar un membre del grup. La definici\u00f3 dels acad\u00e8mics \u00e9s un p\u00e8l [&hellip;]<\/p>\n","protected":false},"author":1,"featured_media":0,"comment_status":"open","ping_status":"open","sticky":false,"template":"","format":"standard","meta":{"footnotes":""},"categories":[44],"tags":[17,13,15,53],"class_list":["post-2919","post","type-post","status-publish","format-standard","hentry","category-lletra-r","tag-lexic","tag-neologia","tag-registres","tag-revisions"],"post_mailing_queue_ids":[],"_links":{"self":[{"href":"https:\/\/www.cdlpv.org\/fitxes\/wp-json\/wp\/v2\/posts\/2919","targetHints":{"allow":["GET"]}}],"collection":[{"href":"https:\/\/www.cdlpv.org\/fitxes\/wp-json\/wp\/v2\/posts"}],"about":[{"href":"https:\/\/www.cdlpv.org\/fitxes\/wp-json\/wp\/v2\/types\/post"}],"author":[{"embeddable":true,"href":"https:\/\/www.cdlpv.org\/fitxes\/wp-json\/wp\/v2\/users\/1"}],"replies":[{"embeddable":true,"href":"https:\/\/www.cdlpv.org\/fitxes\/wp-json\/wp\/v2\/comments?post=2919"}],"version-history":[{"count":12,"href":"https:\/\/www.cdlpv.org\/fitxes\/wp-json\/wp\/v2\/posts\/2919\/revisions"}],"predecessor-version":[{"id":7769,"href":"https:\/\/www.cdlpv.org\/fitxes\/wp-json\/wp\/v2\/posts\/2919\/revisions\/7769"}],"wp:attachment":[{"href":"https:\/\/www.cdlpv.org\/fitxes\/wp-json\/wp\/v2\/media?parent=2919"}],"wp:term":[{"taxonomy":"category","embeddable":true,"href":"https:\/\/www.cdlpv.org\/fitxes\/wp-json\/wp\/v2\/categories?post=2919"},{"taxonomy":"post_tag","embeddable":true,"href":"https:\/\/www.cdlpv.org\/fitxes\/wp-json\/wp\/v2\/tags?post=2919"}],"curies":[{"name":"wp","href":"https:\/\/api.w.org\/{rel}","templated":true}]}}