{"id":2858,"date":"2019-12-26T20:30:18","date_gmt":"2019-12-26T19:30:18","guid":{"rendered":"http:\/\/www.cdlpv.org\/fitxes\/?p=2858"},"modified":"2019-12-26T11:36:11","modified_gmt":"2019-12-26T10:36:11","slug":"holodomor","status":"publish","type":"post","link":"https:\/\/www.cdlpv.org\/fitxes\/holodomor\/","title":{"rendered":"Holodomor"},"content":{"rendered":"<p>La paraula ucra\u00efnesa <em>holodomor<\/em> (<em><span lang=\"uk\">\u0413\u043e\u043b\u043e\u0434\u043e\u043c\u00f3\u0440<\/span><\/em> \u2018mort per fam\u2019; veg. <a href=\"https:\/\/ca.wikipedia.org\/wiki\/Holodomor\" target=\"_blank\" rel=\"noopener noreferrer\">Viquip\u00e8dia<\/a> \/ <a href=\"https:\/\/uk.wikipedia.org\/wiki\/%D0%93%D0%BE%D0%BB%D0%BE%D0%B4%D0%BE%D0%BC%D0%BE%D1%80_%D0%B2_%D0%A3%D0%BA%D1%80%D0%B0%D1%97%D0%BD%D1%96_(1932%E2%80%941933)\" target=\"_blank\" rel=\"noopener noreferrer\">\u0412\u0456\u043a\u0456\u043f\u0435\u0434\u0456\u044f<\/a>) s&#8217;utilitza com a nom propi per a designar el genocidi impulsat per Stalin entre els anys 1931-1932 a Ucra\u00efna. Segons la <span class=\"versaleta\"><em>gec<\/em><\/span> (consulta: <a href=\"https:\/\/www.enciclopedia.cat\/ec-gec-0068156.xml\" target=\"_blank\" rel=\"noopener noreferrer\">26.12.2019<\/a>):<\/p>\n<blockquote><p>Stalin declar\u00e0 els propietaris rurals \u00abenemics de classe\u00bb i dugu\u00e9 a terme l\u2019expulsi\u00f3 i deportaci\u00f3 de prop d\u2019un mili\u00f3 de persones, un nombre indeterminat de les quals moriren en el tr\u00e0nsit. La requisa massiva de b\u00e9ns i aliments s&#8217;agreuj\u00e0, a m\u00e9s, per la imposici\u00f3 de quotes en la producci\u00f3 que deixaven els grangers pr\u00e0cticament sense mitjans de subsist\u00e8ncia. Com a mesura de c\u00e0stig, les autoritats imposaren el tancament de pobles i districtes per a evitar-ne l\u2019emigraci\u00f3, com tamb\u00e9 l\u2019entrada de queviures. El resultat d\u2019aquestes mesures esdevingu\u00e9 especialment dram\u00e0tic els anys 1932-33, durant els quals moriren entre 4 i 7 milions de persones. Amagat per les autoritats sovi\u00e8tiques i semiignorat per les occidentals per raons diplom\u00e0tiques, l\u2019Holodomor (literalment, \u2018mort per fam\u2019 en ucra\u00efn\u00e8s) esdevingu\u00e9 objecte de discussi\u00f3 p\u00fablica a partir de mitjan anys vuitanta, i en la Ucra\u00efna independent \u00e9s commemorat des del 2006. L\u2019Estat rus, hereu en molts aspectes de l\u2019URSS, en continua negant alhora la responsabilitat i la qualificaci\u00f3 de genocidi.<\/p><\/blockquote>\n","protected":false},"excerpt":{"rendered":"<p>La paraula ucra\u00efnesa holodomor (\u0413\u043e\u043b\u043e\u0434\u043e\u043c\u00f3\u0440 \u2018mort per fam\u2019; veg. Viquip\u00e8dia \/ \u0412\u0456\u043a\u0456\u043f\u0435\u0434\u0456\u044f) s&#8217;utilitza com a nom propi per a designar el genocidi impulsat per Stalin entre els anys 1931-1932 a Ucra\u00efna. Segons la gec (consulta: 26.12.2019): Stalin declar\u00e0 els propietaris rurals \u00abenemics de classe\u00bb i dugu\u00e9 a terme l\u2019expulsi\u00f3 i deportaci\u00f3 de prop d\u2019un mili\u00f3 [&hellip;]<\/p>\n","protected":false},"author":1,"featured_media":0,"comment_status":"open","ping_status":"open","sticky":false,"template":"","format":"standard","meta":{"footnotes":""},"categories":[107],"tags":[113,16,38],"class_list":["post-2858","post","type-post","status-publish","format-standard","hentry","category-lletra-h","tag-historia","tag-traduccio","tag-transcripcions"],"post_mailing_queue_ids":[],"_links":{"self":[{"href":"https:\/\/www.cdlpv.org\/fitxes\/wp-json\/wp\/v2\/posts\/2858","targetHints":{"allow":["GET"]}}],"collection":[{"href":"https:\/\/www.cdlpv.org\/fitxes\/wp-json\/wp\/v2\/posts"}],"about":[{"href":"https:\/\/www.cdlpv.org\/fitxes\/wp-json\/wp\/v2\/types\/post"}],"author":[{"embeddable":true,"href":"https:\/\/www.cdlpv.org\/fitxes\/wp-json\/wp\/v2\/users\/1"}],"replies":[{"embeddable":true,"href":"https:\/\/www.cdlpv.org\/fitxes\/wp-json\/wp\/v2\/comments?post=2858"}],"version-history":[{"count":4,"href":"https:\/\/www.cdlpv.org\/fitxes\/wp-json\/wp\/v2\/posts\/2858\/revisions"}],"predecessor-version":[{"id":2862,"href":"https:\/\/www.cdlpv.org\/fitxes\/wp-json\/wp\/v2\/posts\/2858\/revisions\/2862"}],"wp:attachment":[{"href":"https:\/\/www.cdlpv.org\/fitxes\/wp-json\/wp\/v2\/media?parent=2858"}],"wp:term":[{"taxonomy":"category","embeddable":true,"href":"https:\/\/www.cdlpv.org\/fitxes\/wp-json\/wp\/v2\/categories?post=2858"},{"taxonomy":"post_tag","embeddable":true,"href":"https:\/\/www.cdlpv.org\/fitxes\/wp-json\/wp\/v2\/tags?post=2858"}],"curies":[{"name":"wp","href":"https:\/\/api.w.org\/{rel}","templated":true}]}}