{"id":2819,"date":"2019-12-15T13:10:03","date_gmt":"2019-12-15T12:10:03","guid":{"rendered":"http:\/\/www.cdlpv.org\/fitxes\/?p=2819"},"modified":"2019-12-15T13:09:36","modified_gmt":"2019-12-15T12:09:36","slug":"taser","status":"publish","type":"post","link":"https:\/\/www.cdlpv.org\/fitxes\/taser\/","title":{"rendered":"Taser"},"content":{"rendered":"<p>Marca comercial registrada que fabrica pistoles el\u00e8ctriques.<\/p>\n<p>La denominaci\u00f3 s\u2019ha est\u00e9s per a denominar eixes pistoles, m\u00e9s enll\u00e0 que siguen d\u2019eixa marca o no. En valenci\u00e0 no ha entrat encara com nom com\u00fa en els diccionaris de refer\u00e8ncia i, per tant, \u00e9s preferible utilitzar la forma \u00abTaser\u00bb, seguint el criteri general (\u00abTenia dos Mir\u00f3 a la sala d\u2019estar\u00bb, \u00abPer favor, \u00bfmos poseu tres Martini?\u00bb) per a les marques que encara no han adquirit el car\u00e0cter de denominaci\u00f3 gen\u00e8rica (veg. <a href=\"http:\/\/www.cdlpv.org\/fitxes\/marca\/\" target=\"_blank\" rel=\"noopener noreferrer\"><em>marca<\/em><\/a>). Amb tot, sembla f\u00e0cil de predir que la forma que podria utilitzar-se com a gen\u00e8rica, arribat el cas, seria <em>t\u00e0ser.<\/em><\/p>\n<hr \/>\n<p><strong>En castell\u00e0, Taser \/ t\u00e1ser -res<br \/>\n<\/strong><\/p>\n<p>Pel que fa al castell\u00e0, la Fund\u00e9u (23.08.2016), dona la indicaci\u00f3 seg\u00fcent:<\/p>\n<blockquote><p>Su empleo como un sustantivo com\u00fan aconseja su escritura <strong>con min\u00fascula inicial y<\/strong>\u00a0con <strong>tilde<\/strong>, de acuerdo a la pronunciaci\u00f3n llana, mayoritaria en el \u00e1mbito hisp\u00e1nico, y el plural es <em>t\u00e1seres<\/em> (igual que el plural de\u00a0<a href=\"https:\/\/href.li\/?https:\/\/www.fundeu.es\/recomendacion\/laser-plural-laseres\/\" target=\"_blank\" rel=\"noopener noreferrer\"><em>l\u00e1ser<\/em> es <em>l\u00e1seres<\/em><\/a>).<\/p><\/blockquote>\n","protected":false},"excerpt":{"rendered":"<p>Marca comercial registrada que fabrica pistoles el\u00e8ctriques. La denominaci\u00f3 s\u2019ha est\u00e9s per a denominar eixes pistoles, m\u00e9s enll\u00e0 que siguen d\u2019eixa marca o no. En valenci\u00e0 no ha entrat encara com nom com\u00fa en els diccionaris de refer\u00e8ncia i, per tant, \u00e9s preferible utilitzar la forma \u00abTaser\u00bb, seguint el criteri general (\u00abTenia dos Mir\u00f3 a [&hellip;]<\/p>\n","protected":false},"author":1,"featured_media":0,"comment_status":"open","ping_status":"open","sticky":false,"template":"","format":"standard","meta":{"footnotes":""},"categories":[39],"tags":[46,17,13],"class_list":["post-2819","post","type-post","status-publish","format-standard","hentry","category-lletra-t","tag-criteris","tag-lexic","tag-neologia"],"post_mailing_queue_ids":[],"_links":{"self":[{"href":"https:\/\/www.cdlpv.org\/fitxes\/wp-json\/wp\/v2\/posts\/2819","targetHints":{"allow":["GET"]}}],"collection":[{"href":"https:\/\/www.cdlpv.org\/fitxes\/wp-json\/wp\/v2\/posts"}],"about":[{"href":"https:\/\/www.cdlpv.org\/fitxes\/wp-json\/wp\/v2\/types\/post"}],"author":[{"embeddable":true,"href":"https:\/\/www.cdlpv.org\/fitxes\/wp-json\/wp\/v2\/users\/1"}],"replies":[{"embeddable":true,"href":"https:\/\/www.cdlpv.org\/fitxes\/wp-json\/wp\/v2\/comments?post=2819"}],"version-history":[{"count":5,"href":"https:\/\/www.cdlpv.org\/fitxes\/wp-json\/wp\/v2\/posts\/2819\/revisions"}],"predecessor-version":[{"id":2833,"href":"https:\/\/www.cdlpv.org\/fitxes\/wp-json\/wp\/v2\/posts\/2819\/revisions\/2833"}],"wp:attachment":[{"href":"https:\/\/www.cdlpv.org\/fitxes\/wp-json\/wp\/v2\/media?parent=2819"}],"wp:term":[{"taxonomy":"category","embeddable":true,"href":"https:\/\/www.cdlpv.org\/fitxes\/wp-json\/wp\/v2\/categories?post=2819"},{"taxonomy":"post_tag","embeddable":true,"href":"https:\/\/www.cdlpv.org\/fitxes\/wp-json\/wp\/v2\/tags?post=2819"}],"curies":[{"name":"wp","href":"https:\/\/api.w.org\/{rel}","templated":true}]}}