{"id":2755,"date":"2019-11-16T20:30:58","date_gmt":"2019-11-16T18:30:58","guid":{"rendered":"http:\/\/www.cdlpv.org\/fitxes\/?p=2755"},"modified":"2019-11-18T09:58:10","modified_gmt":"2019-11-18T07:58:10","slug":"medir","status":"publish","type":"post","link":"https:\/\/www.cdlpv.org\/fitxes\/medir\/","title":{"rendered":"medir"},"content":{"rendered":"<ol>\n<li>Segons el <em><span class=\"versaleta\">dcvb <\/span><\/em>(consulta: <a href=\"http:\/\/dcvb.iec.cat\/results.asp?Word=medir&amp;Id=93676&amp;search=medir\" target=\"_blank\" rel=\"noopener noreferrer\">22.03.2010<\/a>):<br \/>\n<blockquote><p><b>MEDIR<\/b> <em>v. tr.<\/em> Amidar. <span class=\"exemple\">E a\u00e7\u00f2 nos mostra la sci\u00e8ncia de nostre senyor D\u00e9u Jhesucrist, que&#8217;ns mostra medir tres coses,<\/span> Sermons <span class=\"versaleta\">svf, ii<\/span>, 237.<br \/>\nEtim.: del llat\u00ed <em>met\u012bri,<\/em> mat. sign. L&#8217;\u00fas actual d&#8217;aquest mot s&#8217;ha introdu\u00eft segurament per influ\u00e8ncia del castell\u00e0 <em>medir.<\/em><\/p><\/blockquote>\n<p>El <em>Vocabulari medieval catal\u00e0<\/em> de Llu\u00eds Faraudo <span class=\"versaleta\">(iec)<\/span>, documenta tamb\u00e9 l&#8217;\u00fas del verb:<\/p>\n<blockquote><p><b>MEDIR<\/b> <em>v. a. <\/em>Amidar, prendre mides.<\/p>\n<p><span class=\"exemple\">\u00abItem, que per los dits regents la dita copa sien eletes quatre persones, les quals haien carrech&#8230; de veure, medir e dir e declarar de qui sera lo colp de la joya&#8230;\u00bb<\/span><br \/>\n<em>Cap\u00edtols del joc de la ballesta Val\u00e8ncia<\/em>, 16 de desembre de 1429<\/p>\n<p><span class=\"exemple\">\u00ab&#8230; e mana que li demanassen quant havia del cel a la terra. E respos lo romeu: -Digats a aquex que us trames a mi que ell ho sap millor que jo, car ell ho medi a toms quant lo gitaren per mal cap del cel e caygue en los abismes&#8230;\u00bb<\/span><br \/>\n<em>Recull d&#8217;eximplis e miracles<\/em> LVIII<\/p><\/blockquote>\n<\/li>\n<li>D&#8217;altra banda, Antoni M. Badia i Margarit tracta la q\u00fcesti\u00f3 de l&#8217;antiguitat de l&#8217;aparici\u00f3 del verb en catal\u00e0 (<a href=\"http:\/\/books.google.com\/books?id=ujicJd38ZkQC&amp;pg=PA89&amp;dq=medir+%22Sant+Vicent+Ferrer%22&amp;ei=EGimS-DnFZTGlATS1ITfBw&amp;hl=ca&amp;cd=1#v=onepage&amp;q=medir%20%22Sant%20Vicent%20Ferrer%22&amp;f=false\" target=\"_blank\" rel=\"noopener noreferrer\">veg.<\/a>) i comenta:<br \/>\n<blockquote><p>Si \u00e9s cert que el verb <em>(a)midar<\/em> singularitza la llengua catalana, no \u00e9s menys cert que, pel que fa als or\u00edgens, apareix embolcallat d&#8217;incerteses, cosa que no vol dir que no el tinguem documentat. En el decurs del segle <span class=\"versaleta\">xv<\/span> fa aparici\u00f3 en catal\u00e0 el verb <em>medir<\/em>, pertanyent al m\u00f3n iberorom\u00e0nic, el qual es generalitza amb rapidesa i adquireix categoria liter\u00e0ria. En els verbs <em>(a)midar<\/em> i <em>medir<\/em>, Carbonell, que sabia prou de llat\u00ed, s&#8217;inclina pel que deriva de <em>metiri<\/em> (infinitiu del verb deponent <em>metior<\/em>), que n&#8217;era l&#8217;etimologia manifesta. Per esvair la presumpci\u00f3 de castellanisme de <em>medir<\/em> (no injustificada, at\u00e8s el ve\u00efnatge ja al\u00b7ludit), Joan Coromines retreu tres autors (o textos) del segle <span class=\"versaleta\">xv<\/span>, de genu\u00efnitat ling\u00fc\u00edstica indiscutible: sant Vicent Ferrer, el <em>Recull d&#8217;Eximplis<\/em> i <em>Curial<\/em> (<em>DECat.,<\/em> s. v. <em>mesura<\/em>), els quals, en emprar <em>medir<\/em>, assenyalen el nivell elevat en qu\u00e8 es mou el mot.<\/p><\/blockquote>\n<p>Conv\u00e9 assenyalar que Ferrando Franc\u00e9s (<a href=\"https:\/\/publicacions.iec.cat\/repository\/pdf\/00000016\/00000004.pdf\" target=\"_blank\" rel=\"noopener noreferrer\">veg.<\/a> \u00abLes \u201cRegles de esquivar vocables\u201d: una q\u00fcesti\u00f3 d&#8217;hist\u00f2ria cultural, de filologia i de socioling\u00fc\u00edstica hist\u00f2rica\u00bb) no accepta l&#8217;autoria de Pere Miquel Carbonell per a les <em>Regles d&#8217;esquivar vocables<\/em> proposada per Badia i Margarit; a m\u00e9s, quant al verb <em>medir<\/em> indica:<\/p>\n<blockquote>[&#8230;] contra <em>midar,<\/em> ben documentat en textos principatins dels segles <span class=\"versaleta\">xiv<\/span> i <span class=\"versaleta\">xv<\/span>, per\u00f2 sense documentaci\u00f3 coneguda entre els valencians, recomana <em>medir,<\/em> ja present, sota diverses formes verbals, en els <em>Sermons<\/em> de sant Vicent Ferrer i en altres dos textos an\u00f2nims quatrecentistes, de probable origen valenci\u00e0 <em>(Recull d&#8217;eximplis, Curial e G\u00fcelfa)<\/em> [&#8230;]<\/blockquote>\n<\/li>\n<li>Una forma m\u00e9s comuna de referir-se a eixa operaci\u00f3 \u00e9s \u00abprendre (la) mida\u00bb (<a href=\"http:\/\/www.cdlpv.org\/fitxes\/mida\/\" target=\"_blank\" rel=\"noopener noreferrer\">veg.<\/a> <em>mida<\/em>), tant en sentit lineal de dimensi\u00f3 com en el de proporci\u00f3, de mitj\u00e0 o d&#8217;intensitat (<a href=\"http:\/\/dcvb.iec.cat\/results.asp?Word=mida&amp;Id=95071&amp;search=mida\" target=\"_blank\" rel=\"noopener noreferrer\">veg.<\/a> <span class=\"versaleta\"><em>dcvb<\/em><\/span>). En conson\u00e0ncia amb les dades anteriors, el <span class=\"versaleta\"><em>dgfpastor<\/em><\/span> ja inclo\u00efa el verb <em>medir<\/em> (remetia a <em>amidar<\/em>), i ara ja ha segut recollit finalment en el <span class=\"versaleta\"><em>dnv<\/em><\/span> (consulta: <a href=\"http:\/\/www.avl.gva.es\/lexicval\/?paraula=medir\" target=\"_blank\" rel=\"noopener noreferrer\">16.11.2019<\/a>):<br \/>\n<blockquote><p><strong>medir<\/strong><br \/>\n<em>v. tr.<\/em> <a href=\"http:\/\/www.avl.gva.es\/lexicval\/?paraula=amidar\" target=\"_blank\" rel=\"noopener noreferrer\">Amidar<\/a>. <em>Medir un moble. Medir l&#8217;ampl\u00e0ria d&#8217;una habitaci\u00f3.<\/em><\/p><\/blockquote>\n<p>Tenint en compte les dades sobre l&#8217;ampliaci\u00f3 dels usos de <em>mida<\/em> respecte a la definici\u00f3 d&#8217;<em>amidar<\/em>, sembla que la normativa hauria d&#8217;atendre el fet que tamb\u00e9 el verb <em>medir<\/em> ha ampliat les seues accepcions.<\/li>\n<\/ol>\n","protected":false},"excerpt":{"rendered":"<p>Segons el dcvb (consulta: 22.03.2010): MEDIR v. tr. Amidar. E a\u00e7\u00f2 nos mostra la sci\u00e8ncia de nostre senyor D\u00e9u Jhesucrist, que&#8217;ns mostra medir tres coses, Sermons svf, ii, 237. Etim.: del llat\u00ed met\u012bri, mat. sign. L&#8217;\u00fas actual d&#8217;aquest mot s&#8217;ha introdu\u00eft segurament per influ\u00e8ncia del castell\u00e0 medir. El Vocabulari medieval catal\u00e0 de Llu\u00eds Faraudo (iec), [&hellip;]<\/p>\n","protected":false},"author":1,"featured_media":0,"comment_status":"open","ping_status":"open","sticky":false,"template":"","format":"standard","meta":{"footnotes":""},"categories":[11],"tags":[17,53,62],"class_list":["post-2755","post","type-post","status-publish","format-standard","hentry","category-lletra-m","tag-lexic","tag-revisions","tag-verbs"],"post_mailing_queue_ids":[],"_links":{"self":[{"href":"https:\/\/www.cdlpv.org\/fitxes\/wp-json\/wp\/v2\/posts\/2755","targetHints":{"allow":["GET"]}}],"collection":[{"href":"https:\/\/www.cdlpv.org\/fitxes\/wp-json\/wp\/v2\/posts"}],"about":[{"href":"https:\/\/www.cdlpv.org\/fitxes\/wp-json\/wp\/v2\/types\/post"}],"author":[{"embeddable":true,"href":"https:\/\/www.cdlpv.org\/fitxes\/wp-json\/wp\/v2\/users\/1"}],"replies":[{"embeddable":true,"href":"https:\/\/www.cdlpv.org\/fitxes\/wp-json\/wp\/v2\/comments?post=2755"}],"version-history":[{"count":4,"href":"https:\/\/www.cdlpv.org\/fitxes\/wp-json\/wp\/v2\/posts\/2755\/revisions"}],"predecessor-version":[{"id":2767,"href":"https:\/\/www.cdlpv.org\/fitxes\/wp-json\/wp\/v2\/posts\/2755\/revisions\/2767"}],"wp:attachment":[{"href":"https:\/\/www.cdlpv.org\/fitxes\/wp-json\/wp\/v2\/media?parent=2755"}],"wp:term":[{"taxonomy":"category","embeddable":true,"href":"https:\/\/www.cdlpv.org\/fitxes\/wp-json\/wp\/v2\/categories?post=2755"},{"taxonomy":"post_tag","embeddable":true,"href":"https:\/\/www.cdlpv.org\/fitxes\/wp-json\/wp\/v2\/tags?post=2755"}],"curies":[{"name":"wp","href":"https:\/\/api.w.org\/{rel}","templated":true}]}}