{"id":2722,"date":"2019-10-31T20:30:22","date_gmt":"2019-10-31T18:30:22","guid":{"rendered":"http:\/\/www.cdlpv.org\/fitxes\/?p=2722"},"modified":"2019-11-18T09:58:41","modified_gmt":"2019-11-18T07:58:41","slug":"corresponsabilitat","status":"publish","type":"post","link":"https:\/\/www.cdlpv.org\/fitxes\/corresponsabilitat\/","title":{"rendered":"corresponsabilitat"},"content":{"rendered":"<ol>\n<li>Josep Ruaix i Vinyet proposava (\u00abPrimeres impressions sobre la segona edici\u00f3 del DIEC\u00bb, <em>Llengua Nacional<\/em>, 60, 2007; <a href=\"http:\/\/www.iec.cat\/recull\/ficheros\/2007\/07_jul\/n4479.pdf\" target=\"_blank\" rel=\"noopener noreferrer\"><span class=\"versaleta\">[pdf]<\/span><\/a>):<br \/>\n<blockquote><p>Doblar la erra en compostos com <em>coredemptor, coregent <\/em>(i <em>coreg\u00e8ncia<\/em>)<em>, coregnar <\/em>(i <em>coregnant<\/em>)<em>, coreligionari <\/em>(i, el dia que calgui<em>, <\/em>enregistrar mots tan usats com <em>corresponsable <\/em>i <em>corresponsabilitat <\/em>aix\u00ed, i no pas <em>coresponsable <\/em>i <em>coresponsabilitat<\/em>); tamb\u00e9 en <em>eradicar <\/em>(i derivats).<\/p><\/blockquote>\n<\/li>\n<li>La revisi\u00f3 de l&#8217;ortografia normativa ha acceptat finalment incorporar les formes amb l&#8217;erre doblada. D&#8217;acord amb el punt 2.4.2 (<span class=\"versaleta\">iec<\/span>,\u00a0<em>Ortografia catalana,<\/em> 2017; consulta: <a href=\"https:\/\/www.iec.cat\/llengua\/documents\/ortografia_catalana_versio_digital.pdf\" target=\"_blank\" rel=\"noopener noreferrer\">31.10.2019<\/a>):<br \/>\n<blockquote><p>S\u2019escriuen amb <em>rr<\/em>:<br \/>\n<em>a<\/em>) Els mots formats amb els prefixos <em>a- <\/em>privatiu, <em>a- <\/em>verbalitzador, <em>cor<\/em>&#8211; (variant de <em>con<\/em>-) i <em>ir- <\/em>(variant de <em>in-<\/em>): <em>a<\/em><strong><em>rr<\/em><\/strong><em>afidi<\/em>, <em>a<\/em><strong><em>rr<\/em><\/strong><em>eflexia<\/em>, <em>a<\/em><strong><em>rr<\/em><\/strong><em>\u00edtmia<\/em>, <em>a<\/em><strong><em>rr<\/em><\/strong><em>ize<\/em>; <em>a<\/em><strong><em>rr<\/em><\/strong><em>aconar<\/em>, <em>a<\/em><strong><em>rr<\/em><\/strong><em>ecerar<\/em>, <em>a<\/em><strong><em>rr<\/em><\/strong><em>englerar<\/em>, <em>a<\/em><strong><em>rr<\/em><\/strong><em>iscar<\/em>, <em>a<\/em><strong><em>rr<\/em><\/strong><em>oman\u00e7ar<\/em>, <em>a<\/em><strong><em>rr<\/em><\/strong><em>uinar<\/em>; <em>co<\/em><strong><em>rr<\/em><\/strong><em>edemptor<\/em>, <em>co<\/em><strong><em>rr<\/em><\/strong><em>eferent<\/em>, <em>co<\/em><strong><em>rr<\/em><\/strong><em>egnar<\/em>, <em>co<\/em><strong><em>rr<\/em><\/strong><em>eligionari<\/em>, <em>co<\/em><strong><em>rr<\/em><\/strong><em>epressor<\/em>, <em>co<\/em><strong><em>rr<\/em><\/strong><em>esponsable<\/em>; <em>i<\/em><strong><em>rr<\/em><\/strong><em>acional<\/em>, <em>i<\/em><strong><em>rr<\/em><\/strong><em>eal<\/em>, <em>i<\/em><strong><em>rr<\/em><\/strong><em>egular<\/em>, <em>i<\/em><strong><em>rr<\/em><\/strong><em>esolt<\/em>, <em>i<\/em><strong><em>rr<\/em><\/strong><em>everent<\/em>, <em>i<\/em><strong><em>rr<\/em><\/strong><em>ompible<\/em>.<br \/>\n<em>b<\/em>) El mot <em>e<strong>rr<\/strong>adicar <\/em>i derivats (<em>e<strong>rr<\/strong>adicaci\u00f3<\/em>, <em>e<strong>rr<\/strong>adicatiu<\/em>).<\/p><\/blockquote>\n<\/li>\n<li>Anteriorment, el terme <em>coresponsabilitat<\/em> apareixia en el <span class=\"versaleta\"><em>gdlc<\/em><\/span> en l&#8217;entrada <em>co-<\/em> com a exemple, per\u00f2 no tenia entrada en el diccionari (s\u00ed que apareixia usat en <a href=\"http:\/\/www.enciclopedia.cat\/cgi-bin\/CercaGEC3.exe?APP=CERCAPAR&amp;PAG=0001&amp;PAR=coresponsabilitat\" target=\"_blank\" rel=\"noopener noreferrer\">l&#8217;enciclop\u00e8dia<\/a>: vegeu <em>sinodalitat, Joan Mart\u00ed i Alanis, pecat original<\/em> i <em>just a temps<\/em>; consulta: 17.12.2010). En canvi, el <span class=\"versaleta\"><em>gd62<\/em><\/span> s\u00ed que arreplegava tota la fam\u00edlia: <em>coresponsabilitat, coresponsable, coresponsabilitzaci\u00f3, coresponsabilitzar-se<\/em>.<\/li>\n<li>El Cercaterm va enviar la resposta seg\u00fcent (desembre 2002):<br \/>\n<blockquote><p>En relaci\u00f3 amb la consulta que ens heu adre\u00e7at, us podem informar que la Secci\u00f3 Filol\u00f2gica de l&#8217;IEC va acordar, en relaci\u00f3 amb el prefix <em>con-<\/em> [o <em>com-<\/em>, o <em>col-<\/em>, o <em>cor-<\/em>, o <em>co-<\/em>], de no duplicar la erra en els mots derivats formats amb el prefix <em>co-<\/em> i un mot amb erra inicial (<b>coregnar, coredemptor, corutina, coresponsabilitat<\/b>). Es mant\u00e9, per\u00f2, la doble erra en els mots que en llat\u00ed la duien: correlaci\u00f3, <b>correlat<\/b>, correlatiu, <b>correspondre<\/b>, <b>corregir<\/b>, etc. No se suprimeix cap al\u00b7lomorf d&#8217;aquest prefix. Aquest acord ja s&#8217;ha aplicat en la primera edici\u00f3 del diccionari normatiu i en el <em>Gran Diccionari de la Llengua Catalana<\/em> d&#8217;Enciclop\u00e8dia Catalana. La vostra consulta ens ha perm\u00e9s observar que en algunes entrades del Cercaterm no s&#8217;ha aplicat encara l&#8217;esmena corresponent.<\/p><\/blockquote>\n<\/li>\n<li>En castell\u00e0, ja apareixia <em>corresponsabilidad<\/em> en el <span class=\"versaleta\"><em>drae01<\/em><\/span>.<\/li>\n<\/ol>\n","protected":false},"excerpt":{"rendered":"<p>Josep Ruaix i Vinyet proposava (\u00abPrimeres impressions sobre la segona edici\u00f3 del DIEC\u00bb, Llengua Nacional, 60, 2007; [pdf]): Doblar la erra en compostos com coredemptor, coregent (i coreg\u00e8ncia), coregnar (i coregnant), coreligionari (i, el dia que calgui, enregistrar mots tan usats com corresponsable i corresponsabilitat aix\u00ed, i no pas coresponsable i coresponsabilitat); tamb\u00e9 en eradicar [&hellip;]<\/p>\n","protected":false},"author":1,"featured_media":0,"comment_status":"open","ping_status":"open","sticky":false,"template":"","format":"standard","meta":{"footnotes":""},"categories":[14],"tags":[17,61,53],"class_list":["post-2722","post","type-post","status-publish","format-standard","hentry","category-lletra-c","tag-lexic","tag-ortografia","tag-revisions"],"post_mailing_queue_ids":[],"_links":{"self":[{"href":"https:\/\/www.cdlpv.org\/fitxes\/wp-json\/wp\/v2\/posts\/2722","targetHints":{"allow":["GET"]}}],"collection":[{"href":"https:\/\/www.cdlpv.org\/fitxes\/wp-json\/wp\/v2\/posts"}],"about":[{"href":"https:\/\/www.cdlpv.org\/fitxes\/wp-json\/wp\/v2\/types\/post"}],"author":[{"embeddable":true,"href":"https:\/\/www.cdlpv.org\/fitxes\/wp-json\/wp\/v2\/users\/1"}],"replies":[{"embeddable":true,"href":"https:\/\/www.cdlpv.org\/fitxes\/wp-json\/wp\/v2\/comments?post=2722"}],"version-history":[{"count":1,"href":"https:\/\/www.cdlpv.org\/fitxes\/wp-json\/wp\/v2\/posts\/2722\/revisions"}],"predecessor-version":[{"id":2723,"href":"https:\/\/www.cdlpv.org\/fitxes\/wp-json\/wp\/v2\/posts\/2722\/revisions\/2723"}],"wp:attachment":[{"href":"https:\/\/www.cdlpv.org\/fitxes\/wp-json\/wp\/v2\/media?parent=2722"}],"wp:term":[{"taxonomy":"category","embeddable":true,"href":"https:\/\/www.cdlpv.org\/fitxes\/wp-json\/wp\/v2\/categories?post=2722"},{"taxonomy":"post_tag","embeddable":true,"href":"https:\/\/www.cdlpv.org\/fitxes\/wp-json\/wp\/v2\/tags?post=2722"}],"curies":[{"name":"wp","href":"https:\/\/api.w.org\/{rel}","templated":true}]}}