{"id":2700,"date":"2019-10-29T20:30:43","date_gmt":"2019-10-29T18:30:43","guid":{"rendered":"http:\/\/www.cdlpv.org\/fitxes\/?p=2700"},"modified":"2019-11-18T13:51:28","modified_gmt":"2019-11-18T11:51:28","slug":"txeca","status":"publish","type":"post","link":"https:\/\/www.cdlpv.org\/fitxes\/txeca\/","title":{"rendered":"txeca"},"content":{"rendered":"<p>L&#8217;abreviaci\u00f3 russa <em>\u0427\u041a<\/em> ha segut adaptada al valenci\u00e0 tant en la forma comuna, <em>txeca<\/em>, com per a denominar la instituci\u00f3 policial sovi\u00e8tica Txeca (veg. <span class=\"versaleta\"><em>dnv:<\/em><\/span> <a href=\"http:\/\/www.avl.gva.es\/lexicval\/?paraula=txeca\" target=\"_blank\" rel=\"noopener noreferrer\"><em>txeca<\/em><\/a>).<\/p>\n<p>Seguint les normes de transcripci\u00f3 del rus aprovades per l&#8217;Institut d&#8217;Estudis Catalans (2015; consulta: <a href=\"http:\/\/criteria.espais.iec.cat\/files\/2017\/06\/SF-04_Proposta_rus_actualitzat_26_05_17.pdf\" target=\"_blank\" rel=\"noopener noreferrer\">29.10.2019<\/a>), l&#8217;abreviaci\u00f3 <em>\u0427\u041a<\/em>, amb qu\u00e8 es denominava inicialment uns centres de detenci\u00f3 <em>(\u0427\u0440\u0435\u0437\u0432\u044b\u0447\u0430\u0439\u043d\u0430\u044f \u041a\u043e\u043c\u0438\u0441\u0441\u0438\u044f),<\/em> s&#8217;hauria d&#8217;escriure <em>txek\u00e0 <\/em>(tal com apareix en la Viquip\u00e8dia; consulta: <a href=\"https:\/\/ca.wikipedia.org\/wiki\/Txek%C3%A0\" target=\"_blank\" rel=\"noopener noreferrer\">29.10.2019<\/a>). Vam rebre del Termcat (25.10.2019) una explicaci\u00f3 que confirmava eixe \u00fas:<\/p>\n<blockquote><p>Recomanem, doncs, l\u2019\u00fas de la grafia tradicional <em>(txeca),<\/em> tal com fa el <span class=\"versaleta\"><em>dnv,<\/em><\/span> en qualsevol text hist\u00f2ric, divulgatiu, etc. Tot amb tot, si en un context determinat fos rellevant de remarcar d\u2019alguna manera la pronunciaci\u00f3 original, es podria fer servir la forma transcrita no tradicional <em>(txek\u00e0).<\/em><\/p><\/blockquote>\n<p>En rus, la instituci\u00f3 s&#8217;abreujava \u0412\u0427\u041a, que equival lletrejant a <em>ve-txe-ca;<\/em> pel que he vist (<em>\u0412\u0438\u043a\u0438\u043f\u0435\u0434\u0438\u044f;<\/em> consulta: <a href=\"https:\/\/ru.wikipedia.org\/wiki\/%D0%92%D1%81%D0%B5%D1%80%D0%BE%D1%81%D1%81%D0%B8%D0%B9%D1%81%D0%BA%D0%B0%D1%8F_%D1%87%D1%80%D0%B5%D0%B7%D0%B2%D1%8B%D1%87%D0%B0%D0%B9%D0%BD%D0%B0%D1%8F_%D0%BA%D0%BE%D0%BC%D0%B8%D1%81%D1%81%D0%B8%D1%8F_%D0%BF%D0%BE_%D0%B1%D0%BE%D1%80%D1%8C%D0%B1%D0%B5_%D1%81_%D0%BA%D0%BE%D0%BD%D1%82%D1%80%D1%80%D0%B5%D0%B2%D0%BE%D0%BB%D1%8E%D1%86%D0%B8%D0%B5%D0%B9_%D0%B8_%D1%81%D0%B0%D0%B1%D0%BE%D1%82%D0%B0%D0%B6%D0%B5%D0%BC\" target=\"_blank\" rel=\"noopener noreferrer\">29.10.2019<\/a>), la denominaci\u00f3 del centre com\u00fa de detenci\u00f3 es va estendre (a trav\u00e9s dels treballs d&#8217;estudiosos anglesos) per a denominar tamb\u00e9 la instituci\u00f3.<\/p>\n","protected":false},"excerpt":{"rendered":"<p>L&#8217;abreviaci\u00f3 russa \u0427\u041a ha segut adaptada al valenci\u00e0 tant en la forma comuna, txeca, com per a denominar la instituci\u00f3 policial sovi\u00e8tica Txeca (veg. dnv: txeca). Seguint les normes de transcripci\u00f3 del rus aprovades per l&#8217;Institut d&#8217;Estudis Catalans (2015; consulta: 29.10.2019), l&#8217;abreviaci\u00f3 \u0427\u041a, amb qu\u00e8 es denominava inicialment uns centres de detenci\u00f3 (\u0427\u0440\u0435\u0437\u0432\u044b\u0447\u0430\u0439\u043d\u0430\u044f \u041a\u043e\u043c\u0438\u0441\u0441\u0438\u044f), s&#8217;hauria [&hellip;]<\/p>\n","protected":false},"author":1,"featured_media":0,"comment_status":"open","ping_status":"open","sticky":false,"template":"","format":"standard","meta":{"footnotes":""},"categories":[39],"tags":[32,17,141,142],"class_list":["post-2700","post","type-post","status-publish","format-standard","hentry","category-lletra-t","tag-avl","tag-lexic","tag-manlleus","tag-viquipedia"],"post_mailing_queue_ids":[],"_links":{"self":[{"href":"https:\/\/www.cdlpv.org\/fitxes\/wp-json\/wp\/v2\/posts\/2700","targetHints":{"allow":["GET"]}}],"collection":[{"href":"https:\/\/www.cdlpv.org\/fitxes\/wp-json\/wp\/v2\/posts"}],"about":[{"href":"https:\/\/www.cdlpv.org\/fitxes\/wp-json\/wp\/v2\/types\/post"}],"author":[{"embeddable":true,"href":"https:\/\/www.cdlpv.org\/fitxes\/wp-json\/wp\/v2\/users\/1"}],"replies":[{"embeddable":true,"href":"https:\/\/www.cdlpv.org\/fitxes\/wp-json\/wp\/v2\/comments?post=2700"}],"version-history":[{"count":4,"href":"https:\/\/www.cdlpv.org\/fitxes\/wp-json\/wp\/v2\/posts\/2700\/revisions"}],"predecessor-version":[{"id":2768,"href":"https:\/\/www.cdlpv.org\/fitxes\/wp-json\/wp\/v2\/posts\/2700\/revisions\/2768"}],"wp:attachment":[{"href":"https:\/\/www.cdlpv.org\/fitxes\/wp-json\/wp\/v2\/media?parent=2700"}],"wp:term":[{"taxonomy":"category","embeddable":true,"href":"https:\/\/www.cdlpv.org\/fitxes\/wp-json\/wp\/v2\/categories?post=2700"},{"taxonomy":"post_tag","embeddable":true,"href":"https:\/\/www.cdlpv.org\/fitxes\/wp-json\/wp\/v2\/tags?post=2700"}],"curies":[{"name":"wp","href":"https:\/\/api.w.org\/{rel}","templated":true}]}}