{"id":2681,"date":"2019-10-23T20:30:03","date_gmt":"2019-10-23T18:30:03","guid":{"rendered":"http:\/\/www.cdlpv.org\/fitxes\/?p=2681"},"modified":"2021-03-30T13:16:21","modified_gmt":"2021-03-30T11:16:21","slug":"a-l-igual","status":"publish","type":"post","link":"https:\/\/www.cdlpv.org\/fitxes\/a-l-igual\/","title":{"rendered":"a l&#8217;igual"},"content":{"rendered":"<ol>\n<li>Exclamaci\u00f3 que podem sentir usualment, sobretot amb valor de rebuig o de disgust, en l&#8217;expressi\u00f3 \u00ab\u00a1a l&#8217;igual!\u00bb:<br \/>\n<blockquote><p>\u2022 I a mi, que gaireb\u00e9 m\u2019ennuego, m\u2019ha sortit l\u2019exclamaci\u00f3 preferida dels meus fills: \u00aba l\u2019igual&#8230;\u00bb.<\/p>\n<div align=\"right\">Barcelonaopina.com; consulta: <a href=\"http:\/\/www.barcelonaopina.com\/opina\/content\/l%E2%80%99igual\" target=\"_blank\" rel=\"noopener noreferrer\">16.05.2011<\/a>;<br \/>\nlabarcelonaquecamina.blogspot.com; consulta: <a href=\"http:\/\/labarcelonaquecamina.blogspot.com\/2010\/05\/ligual.html\" target=\"_blank\" rel=\"noopener noreferrer\">23.10.2019<\/a>.<\/div>\n<p>\u2022 <em>Pol\u00f2nia,<\/em>\u00a0(<span class=\"versaleta\">tv3<\/span>, 25.03.2021; cap al minut 30,10): al final de les preses falses que tanquen el programa, el personatge de Pablo Casado diu: \u00abS\u00ed, home, \u00a1a l&#8217;igual!\u00bb, despr\u00e9s de rebutjar fer un glop d&#8217;un \u00abcovidlitro\u00bb (versi\u00f3 adaptada per al gag del \u00abcubalitro\u00bb). <a href=\"https:\/\/www.ccma.cat\/tv3\/alacarta\/polonia\/polonia-25062009\/video\/1335999\/\" target=\"_blank\" rel=\"noopener\"><i class=\"fas fa-external-link-alt\"><\/i><\/a><\/p><\/blockquote>\n<p>Sobre esta expressi\u00f3, Albert Pla Nualart (\u00ab&#8217;Igual&#8217;, &#8216;a l&#8217;igual que&#8217; i &#8216;a l&#8217;igual!&#8217;\u00bb, <em>Ara.cat, <\/em>17.08.2012; consulta: <a href=\"https:\/\/www.ara.cat\/opinio\/Igual-ligual-que_0_757124281.html\" target=\"_blank\" rel=\"noopener noreferrer\">23.10.2019<\/a>) fa el comentari seg\u00fcent:<\/p>\n<blockquote><p>Hi ha tamb\u00e9 un <i> a l&#8217;igual!<\/i> recent, sorgit de l&#8217;argot adolescent, que t\u00e9 un sentit peculiar i vers\u00e0til. Barreja sorpresa, incredulitat i indignaci\u00f3, com <i> i ara!<\/i> o <i>s\u00ed, i qu\u00e8 m\u00e9s!<\/i> , i despr\u00e8n la c\u00e0rrega ir\u00f2nica d&#8217;<i> ara hi corro! <\/i>L&#8217;hem de restringir al seu registre.<\/p><\/blockquote>\n<\/li>\n<li>Seguint Ruaix <span class=\"versaleta\"><em>(daux),<\/em><\/span> \u00e9s correcta la locuci\u00f3 prepositiva\u00a0<em>a l&#8217;igual de <\/em>(veg. <em><span class=\"versaleta\">dnv<\/span>;<\/em> consulta: <a href=\"http:\/\/www.avl.gva.es\/lexicval\/?paraula=igual\" target=\"_blank\" rel=\"noopener noreferrer\">23.10.2019<\/a>), per\u00f2 la locuci\u00f3 conjuntiva <em>a l&#8217;igual que <\/em>\u00e9s incorrecta (seria una interfer\u00e8ncia del castell\u00e0):<br \/>\n<blockquote><p><strong>a l&#8217;igual que<\/strong> <em>loc.<\/em><i> conj.<\/i> igual que, com tamb\u00e9. [&#8230;] Ara b\u00e9, \u00e9s reconeguda pels diccionaris la locuci\u00f3 prepositiva <i>a l&#8217;igual de<\/i> (p. e.: Jo no s\u00f3c tractat a l&#8217;igual dels meus m\u00e8rits).<\/p><\/blockquote>\n<\/li>\n<li>Aprofitant el cas, podem afegir la locuci\u00f3 adverbial <em>per igual<\/em> comentada tamb\u00e9 per Albert Pla Nualart en el mateix article:<br \/>\n<blockquote><p><i>Per igual<\/i> (\u00abNo afecta a tothom per igual\u00bb) no \u00e9s ni al <em><span class=\"versaleta\">diec<\/span>2<\/em> ni al <span class=\"versaleta\"><em>gdlc,<\/em><\/span> per\u00f2 el <span class=\"versaleta\"><em>dcvb<\/em><\/span> el recull, amb exemples del <span class=\"versaleta\">xv<\/span>, al costat d&#8217;un <i> per un igual <\/i>que tamb\u00e9 recull el <span class=\"versaleta\"><em>gd62.<\/em><\/span><\/p><\/blockquote>\n<p>No apareix tampoc en el <span class=\"versaleta\"><em>dnv<\/em><\/span>, per\u00f2 s\u00ed que la podem documentar en obres de refer\u00e8ncia:<\/p>\n<ul>\n<li><em>Vides paral\u00b7leles<\/em> de Plutarc (Fundaci\u00f3 Bernat Metge, 1934; consulta: <a href=\"https:\/\/books.google.es\/books?id=lq9byiYPFRYC&amp;pg=PA115&amp;dq=%22per+igual%22&amp;hl=ca&amp;sa=X&amp;ved=0ahUKEwi4hpHzprLlAhXKDGMBHYiiAtM4FBDoAQg0MAI#v=onepage&amp;q=%22per%20igual%22&amp;f=false\" target=\"_blank\" rel=\"noopener noreferrer\">23.10.2019<\/a>)<\/li>\n<li><em>Pandora al Congo<\/em> d&#8217;Albert S\u00e1nchez Pinyol (2005; consulta: <a href=\"https:\/\/books.google.es\/books?id=jWqaBQAAQBAJ&amp;pg=PT255&amp;dq=%22per+igual%22&amp;hl=ca&amp;sa=X&amp;ved=0ahUKEwiRtIWZqLLlAhVBAWMBHZA1Cj04KBDoAQhEMAQ#v=onepage&amp;q=%22per%20igual%22&amp;f=false\" target=\"_blank\" rel=\"noopener noreferrer\">23.10.2019<\/a>)<\/li>\n<\/ul>\n<\/li>\n<\/ol>\n","protected":false},"excerpt":{"rendered":"<p>Exclamaci\u00f3 que podem sentir usualment, sobretot amb valor de rebuig o de disgust, en l&#8217;expressi\u00f3 \u00ab\u00a1a l&#8217;igual!\u00bb: \u2022 I a mi, que gaireb\u00e9 m\u2019ennuego, m\u2019ha sortit l\u2019exclamaci\u00f3 preferida dels meus fills: \u00aba l\u2019igual&#8230;\u00bb. Barcelonaopina.com; consulta: 16.05.2011; labarcelonaquecamina.blogspot.com; consulta: 23.10.2019. \u2022 Pol\u00f2nia,\u00a0(tv3, 25.03.2021; cap al minut 30,10): al final de les preses falses que tanquen el [&hellip;]<\/p>\n","protected":false},"author":1,"featured_media":0,"comment_status":"open","ping_status":"open","sticky":false,"template":"","format":"standard","meta":{"footnotes":""},"categories":[18],"tags":[66,53],"class_list":["post-2681","post","type-post","status-publish","format-standard","hentry","category-lletra-a","tag-locucions","tag-revisions"],"post_mailing_queue_ids":[],"_links":{"self":[{"href":"https:\/\/www.cdlpv.org\/fitxes\/wp-json\/wp\/v2\/posts\/2681","targetHints":{"allow":["GET"]}}],"collection":[{"href":"https:\/\/www.cdlpv.org\/fitxes\/wp-json\/wp\/v2\/posts"}],"about":[{"href":"https:\/\/www.cdlpv.org\/fitxes\/wp-json\/wp\/v2\/types\/post"}],"author":[{"embeddable":true,"href":"https:\/\/www.cdlpv.org\/fitxes\/wp-json\/wp\/v2\/users\/1"}],"replies":[{"embeddable":true,"href":"https:\/\/www.cdlpv.org\/fitxes\/wp-json\/wp\/v2\/comments?post=2681"}],"version-history":[{"count":7,"href":"https:\/\/www.cdlpv.org\/fitxes\/wp-json\/wp\/v2\/posts\/2681\/revisions"}],"predecessor-version":[{"id":3927,"href":"https:\/\/www.cdlpv.org\/fitxes\/wp-json\/wp\/v2\/posts\/2681\/revisions\/3927"}],"wp:attachment":[{"href":"https:\/\/www.cdlpv.org\/fitxes\/wp-json\/wp\/v2\/media?parent=2681"}],"wp:term":[{"taxonomy":"category","embeddable":true,"href":"https:\/\/www.cdlpv.org\/fitxes\/wp-json\/wp\/v2\/categories?post=2681"},{"taxonomy":"post_tag","embeddable":true,"href":"https:\/\/www.cdlpv.org\/fitxes\/wp-json\/wp\/v2\/tags?post=2681"}],"curies":[{"name":"wp","href":"https:\/\/api.w.org\/{rel}","templated":true}]}}