{"id":2626,"date":"2019-10-21T20:30:41","date_gmt":"2019-10-21T18:30:41","guid":{"rendered":"http:\/\/www.cdlpv.org\/fitxes\/?p=2626"},"modified":"2020-02-07T11:40:29","modified_gmt":"2020-02-07T10:40:29","slug":"basseta-blanca","status":"publish","type":"post","link":"https:\/\/www.cdlpv.org\/fitxes\/basseta-blanca\/","title":{"rendered":"Basseta Blanca, la"},"content":{"rendered":"<figure id=\"attachment_2627\" aria-describedby=\"caption-attachment-2627\" style=\"width: 270px\" class=\"wp-caption alignright\"><a href=\"http:\/\/www.cdlpv.org\/fitxes\/wp-content\/uploads\/2019\/10\/labassetablanca1.png\"><img loading=\"lazy\" decoding=\"async\" class=\"size-medium wp-image-2627\" src=\"http:\/\/www.cdlpv.org\/fitxes\/wp-content\/uploads\/2019\/10\/labassetablanca1-270x300.png\" alt=\"Basseta Blanca, la\" width=\"270\" height=\"300\" srcset=\"https:\/\/www.cdlpv.org\/fitxes\/wp-content\/uploads\/2019\/10\/labassetablanca1-270x300.png 270w, https:\/\/www.cdlpv.org\/fitxes\/wp-content\/uploads\/2019\/10\/labassetablanca1.png 621w\" sizes=\"auto, (max-width: 270px) 100vw, 270px\" \/><\/a><figcaption id=\"caption-attachment-2627\" class=\"wp-caption-text\">La partida de la Basseta Blanca (Riba-roja de T\u00faria).<\/figcaption><\/figure>\n<p>A Riba-roja hi ha la partida de la Basseta Blanca (tal com podem vore en el mapa: \u00abla Basseta Blanca\u00bb). Eixe nom s&#8217;origina en el fet que hi ha la basseta Blanca (\u00abBasseta Blanca\u00bb en el mapa), que realment \u00e9s una basseta i conserva, per tant, el valor de terme gen\u00e8ric en la part inicial (en els mapes eixos gen\u00e8rics s&#8217;escriuen amb maj\u00fascula inicial i sense article).<\/p>\n<p>A m\u00e9s, en el parlament valenci\u00e0 es discutixen iniciatives per a segellar l\u2019abocador de la Basseta Blanca; per tant, no seria \u00aben Basseta Blanca\u00bb ni \u00abl\u2019abocador de Basseta Blanca\u00bb, a pesar que sovint apareix aixina en la premsa.<\/p>\n","protected":false},"excerpt":{"rendered":"<p>A Riba-roja hi ha la partida de la Basseta Blanca (tal com podem vore en el mapa: \u00abla Basseta Blanca\u00bb). Eixe nom s&#8217;origina en el fet que hi ha la basseta Blanca (\u00abBasseta Blanca\u00bb en el mapa), que realment \u00e9s una basseta i conserva, per tant, el valor de terme gen\u00e8ric en la part inicial [&hellip;]<\/p>\n","protected":false},"author":1,"featured_media":0,"comment_status":"open","ping_status":"open","sticky":false,"template":"","format":"standard","meta":{"footnotes":""},"categories":[28],"tags":[32,57],"class_list":["post-2626","post","type-post","status-publish","format-standard","hentry","category-lletra-b","tag-avl","tag-toponimia"],"post_mailing_queue_ids":[],"_links":{"self":[{"href":"https:\/\/www.cdlpv.org\/fitxes\/wp-json\/wp\/v2\/posts\/2626","targetHints":{"allow":["GET"]}}],"collection":[{"href":"https:\/\/www.cdlpv.org\/fitxes\/wp-json\/wp\/v2\/posts"}],"about":[{"href":"https:\/\/www.cdlpv.org\/fitxes\/wp-json\/wp\/v2\/types\/post"}],"author":[{"embeddable":true,"href":"https:\/\/www.cdlpv.org\/fitxes\/wp-json\/wp\/v2\/users\/1"}],"replies":[{"embeddable":true,"href":"https:\/\/www.cdlpv.org\/fitxes\/wp-json\/wp\/v2\/comments?post=2626"}],"version-history":[{"count":2,"href":"https:\/\/www.cdlpv.org\/fitxes\/wp-json\/wp\/v2\/posts\/2626\/revisions"}],"predecessor-version":[{"id":2982,"href":"https:\/\/www.cdlpv.org\/fitxes\/wp-json\/wp\/v2\/posts\/2626\/revisions\/2982"}],"wp:attachment":[{"href":"https:\/\/www.cdlpv.org\/fitxes\/wp-json\/wp\/v2\/media?parent=2626"}],"wp:term":[{"taxonomy":"category","embeddable":true,"href":"https:\/\/www.cdlpv.org\/fitxes\/wp-json\/wp\/v2\/categories?post=2626"},{"taxonomy":"post_tag","embeddable":true,"href":"https:\/\/www.cdlpv.org\/fitxes\/wp-json\/wp\/v2\/tags?post=2626"}],"curies":[{"name":"wp","href":"https:\/\/api.w.org\/{rel}","templated":true}]}}