{"id":2623,"date":"2019-10-18T20:30:55","date_gmt":"2019-10-18T18:30:55","guid":{"rendered":"http:\/\/www.cdlpv.org\/fitxes\/?p=2623"},"modified":"2019-10-18T12:25:22","modified_gmt":"2019-10-18T10:25:22","slug":"cases-de-lalfori","status":"publish","type":"post","link":"https:\/\/www.cdlpv.org\/fitxes\/cases-de-lalfori\/","title":{"rendered":"Cases de l&#8217;Alfor\u00ed, les"},"content":{"rendered":"<p>A causa de la diverg\u00e8ncia entre la informaci\u00f3 continguda en el <a href=\"http:\/\/www.icv.gva.es\/auto\/aplicaciones\/visors_tematics\/nomenclator\/nomenclator_visor\/?locate=ca\" target=\"_blank\" rel=\"noopener noreferrer\"><em>Nomencl\u00e0tor topon\u00edmic valenci\u00e0<\/em><\/a> <em>(Casetes de l\u2019Alfor\u00ed)<\/em> i la senyalitzaci\u00f3 vi\u00e0ria actual (consulta: <a href=\"https:\/\/www.google.es\/maps\/@40.2998885,-0.3026791,3a,75y,142.21h,91.52t\/data=!3m6!1e1!3m4!1s_WZndNEDSz5Zvn84FdYVwQ!2e0!7i13312!8i6656?hl=ca\" target=\"_blank\" rel=\"noopener noreferrer\">18.10.2019<\/a>) de la urbanitzaci\u00f3 <em>(Les cases de l\u2019Alfor\u00ed)<\/em>, vam consultar amb l\u2019AVL quina era la forma que consideraven m\u00e9s adequada. La resposta ha segut (17.10.2019):<\/p>\n<blockquote><p><span lang=\"CA\">En resposta a la seua consulta, li comuniquem que la zona que vost\u00e9 assenyala era coneguda pel top\u00f2nim <i>casetes de l\u2019Alfor\u00ed<\/i> l\u2019any 1999, quan el nostre col\u00b7laborador de camp va dur a terme la primera enquesta topon\u00edmica al terme municipal de Vistabella del Maestrat. Amb el pas del temps, eixes casetes s\u2019han convertit en una urbanitzaci\u00f3, per la qual cosa ara resulta m\u00e9s adequada la denominaci\u00f3 <i>les Cases de l\u2019Alfor\u00ed<\/i>.<\/span><\/p><\/blockquote>\n","protected":false},"excerpt":{"rendered":"<p>A causa de la diverg\u00e8ncia entre la informaci\u00f3 continguda en el Nomencl\u00e0tor topon\u00edmic valenci\u00e0 (Casetes de l\u2019Alfor\u00ed) i la senyalitzaci\u00f3 vi\u00e0ria actual (consulta: 18.10.2019) de la urbanitzaci\u00f3 (Les cases de l\u2019Alfor\u00ed), vam consultar amb l\u2019AVL quina era la forma que consideraven m\u00e9s adequada. La resposta ha segut (17.10.2019): En resposta a la seua consulta, li [&hellip;]<\/p>\n","protected":false},"author":1,"featured_media":0,"comment_status":"open","ping_status":"open","sticky":false,"template":"","format":"standard","meta":{"footnotes":""},"categories":[14],"tags":[32,57],"class_list":["post-2623","post","type-post","status-publish","format-standard","hentry","category-lletra-c","tag-avl","tag-toponimia"],"post_mailing_queue_ids":[],"_links":{"self":[{"href":"https:\/\/www.cdlpv.org\/fitxes\/wp-json\/wp\/v2\/posts\/2623","targetHints":{"allow":["GET"]}}],"collection":[{"href":"https:\/\/www.cdlpv.org\/fitxes\/wp-json\/wp\/v2\/posts"}],"about":[{"href":"https:\/\/www.cdlpv.org\/fitxes\/wp-json\/wp\/v2\/types\/post"}],"author":[{"embeddable":true,"href":"https:\/\/www.cdlpv.org\/fitxes\/wp-json\/wp\/v2\/users\/1"}],"replies":[{"embeddable":true,"href":"https:\/\/www.cdlpv.org\/fitxes\/wp-json\/wp\/v2\/comments?post=2623"}],"version-history":[{"count":1,"href":"https:\/\/www.cdlpv.org\/fitxes\/wp-json\/wp\/v2\/posts\/2623\/revisions"}],"predecessor-version":[{"id":2624,"href":"https:\/\/www.cdlpv.org\/fitxes\/wp-json\/wp\/v2\/posts\/2623\/revisions\/2624"}],"wp:attachment":[{"href":"https:\/\/www.cdlpv.org\/fitxes\/wp-json\/wp\/v2\/media?parent=2623"}],"wp:term":[{"taxonomy":"category","embeddable":true,"href":"https:\/\/www.cdlpv.org\/fitxes\/wp-json\/wp\/v2\/categories?post=2623"},{"taxonomy":"post_tag","embeddable":true,"href":"https:\/\/www.cdlpv.org\/fitxes\/wp-json\/wp\/v2\/tags?post=2623"}],"curies":[{"name":"wp","href":"https:\/\/api.w.org\/{rel}","templated":true}]}}