{"id":2564,"date":"2019-08-06T20:30:17","date_gmt":"2019-08-06T18:30:17","guid":{"rendered":"http:\/\/www.cdlpv.org\/fitxes\/?p=2564"},"modified":"2019-08-06T14:30:16","modified_gmt":"2019-08-06T12:30:16","slug":"escaig","status":"publish","type":"post","link":"https:\/\/www.cdlpv.org\/fitxes\/escaig\/","title":{"rendered":"escaig"},"content":{"rendered":"<p>La paraula <em>escaig<\/em> t\u00e9 tres accepcions, segons el <span class=\"versaleta\"><em>dnv<\/em><\/span> i el <span class=\"versaleta\"><em>dcvb<\/em><\/span>:<\/p>\n<blockquote><p><span class=\"versaleta\"><em>(dnv)<\/em><\/span> <strong>1. <\/strong>m. Fracci\u00f3 que excedix una quantitat redona. <em>Sis euros i escaig.<\/em><br \/>\n<span class=\"versaleta\"><em>(dnv)<\/em><\/span> <strong>2. <\/strong>m. Talleruca, retall, tros extrem d&#8217;una pe\u00e7a de roba o de paper.<br \/>\n<em><span class=\"versaleta\">(dcvb) <\/span><\/em><strong>3. <\/strong>Barrisc, conjunt de coses comprat o venut a ull, sense mesurar. <em>He comprat un escaig de fesoles.<\/em><\/p><\/blockquote>\n<p>En el sentit de la primera accepci\u00f3, la m\u00e9s comuna, hi ha diverses locucions que tenen un significat semblant i que no solen tindre tant d&#8217;\u00fas en contexts on es podrien utilitzar alternativament (i evitant pensar que l&#8217;\u00fanica alternativa \u00e9s el castell\u00e0 \u00abi pico\u00bb):<\/p>\n<blockquote><p><em>(<span class=\"versaleta\">espinal<\/span>)<\/em> ben comptats, i busques, i les dents,<sup>1<\/sup> i (un) remitj\u00f3, i repic\u00f3,<sup>2<\/sup> i tac\u00f3, i tants, <em>(<span class=\"versaleta\">dnv<\/span>) <\/em><a href=\"http:\/\/www.avl.gva.es\/lexicval\/?paraula=passera\" target=\"_blank\" rel=\"noopener noreferrer\">i passeres<\/a>, <a href=\"http:\/\/www.avl.gva.es\/lexicval\/?paraula=tac\u00f3\" target=\"_blank\" rel=\"noopener noreferrer\">i tac\u00f3<\/a>.<sup>3<\/sup><br \/>\n\t<div class=\"simple-alert-boxes sab_info sab_normal \">\r\n\t\t<strong>Nota 1.<\/strong> Esta sembla utilitzada nom\u00e9s com a r\u00e8plica d&#8217;incredulitat quan es parla de l&#8217;edat. L&#8217;exemple documentat per <span class=\"versaleta\"><em>espinal<\/em><\/span> \u00e9s: \u00abDiu que t\u00e9 vint anys?&#8230; i les dents! Ja fa anys que els va complir.\u00bb<br \/>\n<strong>Nota 2.<\/strong> Esta t\u00e9 un significat m\u00e9s prec\u00eds: \u00abrepic\u00a0que solen precedir o seguir una s\u00e8rie de tocs d&#8217;av\u00eds m\u00e9s cadenciosos\u00bb.<br \/>\n<strong>Nota 3.<\/strong> No localitze exemples d&#8217;estes dos que no siguen de diccionari.<br \/>\n\t<\/div>\r\n\t<\/blockquote>\n<p>Exemples:<\/p>\n<ul>\n<li>El canvi es produeix quan els sectors econ\u00f2mics i empresarials van comen\u00e7ar, fa dos dies <strong>ben comptats&#8230;<\/strong> (Patr\u00edcia Gabancho, <em>La batalla de l&#8217;Estatut; <\/em>consulta: <a href=\"https:\/\/books.google.es\/books?id=t3igAAAAMAAJ&amp;q=%22ben+comptats%22&amp;dq=%22ben+comptats%22&amp;hl=ca&amp;sa=X&amp;ved=0ahUKEwju3r2Rku7jAhXEoFwKHSoIAi84ChDoAQhVMAk\" target=\"_blank\" rel=\"noopener noreferrer\">06.08.2019<\/a>)<\/li>\n<li><span class=\"st\">Quan fa uns dos anys <em><strong>i busques<\/strong><\/em> Blai em contava que rellegia i estudiava els sonets miquelangelians i els shakespearians<\/span>&#8230; (Pere Rossell\u00f3 Bover, <em>Bartomeu Rossell\u00f3-P\u00f2rcel i Blai Bonet;<\/em> consulta: <a href=\"https:\/\/books.google.es\/books?id=_3ZPpW-1aAUC&amp;pg=PA221&amp;dq=%22i+busques%22&amp;hl=ca&amp;sa=X&amp;ved=0ahUKEwjy34G5ke7jAhVbQ0EAHbBaDawQ6AEILzAB#v=onepage&amp;q=%22i%20busques%22&amp;f=false\" target=\"_blank\" rel=\"noopener noreferrer\">06.08.2019<\/a>)<\/li>\n<li>Hai tingut tres cafissos d&#8217;ordi <strong>i un remitj\u00f3<\/strong>. (Carles Salvador, <em>Vocabular de Benassal;<\/em> consulta: <a href=\"https:\/\/books.google.es\/books?id=GMWrQOzjgXgC&amp;pg=PA258&amp;dq=%22i+un+remitj%C3%B3%22&amp;hl=ca&amp;sa=X&amp;ved=0ahUKEwjxgqPplu7jAhWTa8AKHSATAf0Q6AEIKjAA#v=onepage&amp;q=%22i%20un%20remitj%C3%B3%22&amp;f=false\" target=\"_blank\" rel=\"noopener noreferrer\">06.08.2019<\/a>)<\/li>\n<li>Amb els sis mil <strong>i tants<\/strong> que hi deu haver a Barcelona resulta que la meva biblioteca s&#8217;atansa, si no hi arriba, als onze mil. (Manuel de Pedrolo, <em>Diari 1987;<\/em> consulta: <a href=\"https:\/\/books.google.es\/books?id=kejjAAAAMAAJ&amp;q=%22mil+i+tants%22&amp;dq=%22mil+i+tants%22&amp;hl=ca&amp;sa=X&amp;ved=0ahUKEwi-1seMmu7jAhU2QEEAHb02AQAQ6AEIUjAI\" target=\"_blank\" rel=\"noopener noreferrer\">06.08.2019<\/a>)<\/li>\n<\/ul>\n","protected":false},"excerpt":{"rendered":"<p>La paraula escaig t\u00e9 tres accepcions, segons el dnv i el dcvb: (dnv) 1. m. Fracci\u00f3 que excedix una quantitat redona. Sis euros i escaig. (dnv) 2. m. Talleruca, retall, tros extrem d&#8217;una pe\u00e7a de roba o de paper. (dcvb) 3. Barrisc, conjunt de coses comprat o venut a ull, sense mesurar. He comprat un [&hellip;]<\/p>\n","protected":false},"author":1,"featured_media":0,"comment_status":"open","ping_status":"open","sticky":false,"template":"","format":"standard","meta":{"footnotes":""},"categories":[30],"tags":[26,17],"class_list":["post-2564","post","type-post","status-publish","format-standard","hentry","category-lletra-e","tag-expressions","tag-lexic"],"post_mailing_queue_ids":[],"_links":{"self":[{"href":"https:\/\/www.cdlpv.org\/fitxes\/wp-json\/wp\/v2\/posts\/2564","targetHints":{"allow":["GET"]}}],"collection":[{"href":"https:\/\/www.cdlpv.org\/fitxes\/wp-json\/wp\/v2\/posts"}],"about":[{"href":"https:\/\/www.cdlpv.org\/fitxes\/wp-json\/wp\/v2\/types\/post"}],"author":[{"embeddable":true,"href":"https:\/\/www.cdlpv.org\/fitxes\/wp-json\/wp\/v2\/users\/1"}],"replies":[{"embeddable":true,"href":"https:\/\/www.cdlpv.org\/fitxes\/wp-json\/wp\/v2\/comments?post=2564"}],"version-history":[{"count":6,"href":"https:\/\/www.cdlpv.org\/fitxes\/wp-json\/wp\/v2\/posts\/2564\/revisions"}],"predecessor-version":[{"id":2571,"href":"https:\/\/www.cdlpv.org\/fitxes\/wp-json\/wp\/v2\/posts\/2564\/revisions\/2571"}],"wp:attachment":[{"href":"https:\/\/www.cdlpv.org\/fitxes\/wp-json\/wp\/v2\/media?parent=2564"}],"wp:term":[{"taxonomy":"category","embeddable":true,"href":"https:\/\/www.cdlpv.org\/fitxes\/wp-json\/wp\/v2\/categories?post=2564"},{"taxonomy":"post_tag","embeddable":true,"href":"https:\/\/www.cdlpv.org\/fitxes\/wp-json\/wp\/v2\/tags?post=2564"}],"curies":[{"name":"wp","href":"https:\/\/api.w.org\/{rel}","templated":true}]}}