{"id":2478,"date":"2019-06-21T20:30:38","date_gmt":"2019-06-21T18:30:38","guid":{"rendered":"http:\/\/www.cdlpv.org\/fitxes\/?p=2478"},"modified":"2019-06-21T14:00:49","modified_gmt":"2019-06-21T12:00:49","slug":"dempeus","status":"publish","type":"post","link":"https:\/\/www.cdlpv.org\/fitxes\/dempeus\/","title":{"rendered":"dempeus"},"content":{"rendered":"<p>Este adverbi (veg. <em><a href=\"https:\/\/href.li\/?http:\/\/www.avl.gva.es\/lexicval\/?paraula=dempeus\" target=\"_blank\" rel=\"noopener noreferrer\"><span class=\"versaleta\">dnv<\/span><\/a><\/em>) \u00e9s el resultat, segons Coromines, de la combinaci\u00f3 de dos expressions anteriors: \u00aben peus\u00bb (antiga i recollida en el <a href=\"https:\/\/href.li\/?http:\/\/www.diccionari.cat\/lexicx.jsp?GECART=0103506\" target=\"_blank\" rel=\"noopener noreferrer\"><em><span class=\"versaleta\">gdlc<\/span><\/em><\/a>) i \u00abde peus\u00bb (versi\u00f3 valenciana, habitual a partir del segle <span class=\"versaleta\">xv<\/span> i recollida en el <span class=\"versaleta\"><em><a href=\"https:\/\/href.li\/?http:\/\/www.avl.gva.es\/lexicval\/?paraula=peu\" target=\"_blank\" rel=\"noopener noreferrer\">dnv<\/a><\/em><\/span>). De fet, podem localitzar les dos formes en el <em><a href=\"https:\/\/href.li\/?http:\/\/einesdellengua.com\/tirantloweb\/tirantloblanch.html\" target=\"_blank\" rel=\"noopener noreferrer\">Tirant lo Blanch<\/a><\/em>:<\/p>\n<ul>\n<li>En a\u00e7\u00f2 lo duch se lev\u00e0 de peus\u2026<\/li>\n<li>En a\u00e7\u00f2 lo rey se lev\u00e0 en peus ab molta ira\u2026<\/li>\n<\/ul>\n<p>Coromines pensa que va ser Ruyra qui va fondre les dos expressions en una forma aglutinada. Va tindre \u00e8xit i actualment podel trobar este adverbi en els diccionaris (i no la forma \u00abd\u2019en peus\u00bb*).<\/p>\n","protected":false},"excerpt":{"rendered":"<p>Este adverbi (veg. dnv) \u00e9s el resultat, segons Coromines, de la combinaci\u00f3 de dos expressions anteriors: \u00aben peus\u00bb (antiga i recollida en el gdlc) i \u00abde peus\u00bb (versi\u00f3 valenciana, habitual a partir del segle xv i recollida en el dnv). De fet, podem localitzar les dos formes en el Tirant lo Blanch: En a\u00e7\u00f2 lo [&hellip;]<\/p>\n","protected":false},"author":1,"featured_media":0,"comment_status":"open","ping_status":"open","sticky":false,"template":"","format":"standard","meta":{"footnotes":""},"categories":[35],"tags":[17,61],"class_list":["post-2478","post","type-post","status-publish","format-standard","hentry","category-lletra-d","tag-lexic","tag-ortografia"],"post_mailing_queue_ids":[],"_links":{"self":[{"href":"https:\/\/www.cdlpv.org\/fitxes\/wp-json\/wp\/v2\/posts\/2478","targetHints":{"allow":["GET"]}}],"collection":[{"href":"https:\/\/www.cdlpv.org\/fitxes\/wp-json\/wp\/v2\/posts"}],"about":[{"href":"https:\/\/www.cdlpv.org\/fitxes\/wp-json\/wp\/v2\/types\/post"}],"author":[{"embeddable":true,"href":"https:\/\/www.cdlpv.org\/fitxes\/wp-json\/wp\/v2\/users\/1"}],"replies":[{"embeddable":true,"href":"https:\/\/www.cdlpv.org\/fitxes\/wp-json\/wp\/v2\/comments?post=2478"}],"version-history":[{"count":1,"href":"https:\/\/www.cdlpv.org\/fitxes\/wp-json\/wp\/v2\/posts\/2478\/revisions"}],"predecessor-version":[{"id":2480,"href":"https:\/\/www.cdlpv.org\/fitxes\/wp-json\/wp\/v2\/posts\/2478\/revisions\/2480"}],"wp:attachment":[{"href":"https:\/\/www.cdlpv.org\/fitxes\/wp-json\/wp\/v2\/media?parent=2478"}],"wp:term":[{"taxonomy":"category","embeddable":true,"href":"https:\/\/www.cdlpv.org\/fitxes\/wp-json\/wp\/v2\/categories?post=2478"},{"taxonomy":"post_tag","embeddable":true,"href":"https:\/\/www.cdlpv.org\/fitxes\/wp-json\/wp\/v2\/tags?post=2478"}],"curies":[{"name":"wp","href":"https:\/\/api.w.org\/{rel}","templated":true}]}}