{"id":2469,"date":"2019-06-20T20:30:57","date_gmt":"2019-06-20T18:30:57","guid":{"rendered":"http:\/\/www.cdlpv.org\/fitxes\/?p=2469"},"modified":"2019-06-20T09:54:45","modified_gmt":"2019-06-20T07:54:45","slug":"pirrat-ada","status":"publish","type":"post","link":"https:\/\/www.cdlpv.org\/fitxes\/pirrat-ada\/","title":{"rendered":"pirrat* -ada"},"content":{"rendered":"<ol>\n<li>Empar Marco (<span class=\"versaleta\">tv3<\/span>) f\u00e9u servir fa uns anys (dc. 07.11.2007; ll\u00e0stima que el v\u00eddeo no estiga disponible) l&#8217;adjectiu <em>pirrat* -ada<\/em>, paraula que no recullen els diccionaris generals. Sembla que \u00e9s una adaptaci\u00f3 al valenci\u00e0 d&#8217;un possible adjectiu castell\u00e0 <em>pirrado -da<\/em>, que tampoc he trobat en els diccionaris i que \u00e9s el participi del verb <em>pirrarse<\/em> (<em><span class=\"versaleta\">drae<\/span><\/em>; consulta: <a href=\"https:\/\/dle.rae.es\/srv\/search\/fetch?id=TB716qX\" target=\"_blank\" rel=\"noopener noreferrer\">20.06.2019<\/a>):<br \/>\n<blockquote><p>1. intr. coloq. <em>Esp.<\/em> Encantar, gustar mucho. Les pirra el cine. U. t. c. prnl. <em>Se pirra <span class=\"versaleta\">por<\/span> lo dulce.<\/em><\/p>\n\t<div class=\"simple-alert-boxes sab_info sab_normal \">\r\n\t\tEn una versi\u00f3 anterior del mateix diccionari: 1. prnl. coloq. Desear con vehemencia algo. <em>Se pirra POR lo dulce.<\/em>\t<\/div>\r\n\t<\/blockquote>\n<p>Quan li ho vaig comentar, Empar Marco em digu\u00e9 que s\u00ed que s&#8217;usava a Val\u00e8ncia. Jo no ho havia sentit mai fins que ella el va usar en la seua cr\u00f2nica. Observe en internet que no t\u00e9 molt d&#8217;\u00fas, per\u00f2 s\u00ed que hi ha qui ho ha utilitzat a <a href=\"http:\/\/joa-net.blogspot.com\/2005\/12\/un-any-en-quatre-paraules.html\" target=\"_blank\" rel=\"noopener noreferrer\">Mallorca<\/a> i a altres llocs des de fa ja uns anys (com ara el mateix <a href=\"http:\/\/relatsencatala.cat\/conversa\/felicitats-a-la-guanyadoraaa-o-guanyadoorrr\/435963\" target=\"_blank\" rel=\"noopener noreferrer\">2007<\/a>).<\/p>\n<p>Poca cosa, en tot cas, i no semblaria que haguera d&#8217;acabar en els diccionaris, llevat que els espanyols l&#8217;usaren bona cosa (ja apareix en el <a href=\"http:\/\/www.woxikon.de\/spa\/estar%20pirrado%20por.php\" target=\"_blank\" rel=\"noopener noreferrer\">Woxikon<\/a>).<\/li>\n<li>Per un altre cant\u00f3, Joaquim Mart\u00ed recull en el seu <em>Diccionari hist\u00f2ric del valenci\u00e0 col\u00b7loquial,<\/em> el mot <em>pirro<\/em> &#8216;embriac&#8217; (consulta: <a href=\"https:\/\/books.google.es\/books?id=foyqzcz84O8C&amp;pg=PP1&amp;lpg=PP1&amp;sig=uEpc1TmlaSnT08QRIsZ0I9NAucE&amp;q=pirrat&amp;redir_esc=y#v=snippet&amp;q=pirro&amp;f=false\" target=\"_blank\" rel=\"noopener noreferrer\">20.06.2019<\/a>), amb la dada afegida que l&#8217;antic company meu d&#8217;escola i institut Francesc Gasc\u00f3n i Navarro (1999) el documenta a Beneixema amb un altre significat:<br \/>\n<blockquote>[R]eferit a especialment a la gent gran, que ja ha perdut algunes facultats, que no coordina i fa alguns disbarats<\/p><\/blockquote>\n<\/li>\n<\/ol>\n","protected":false},"excerpt":{"rendered":"<p>Empar Marco (tv3) f\u00e9u servir fa uns anys (dc. 07.11.2007; ll\u00e0stima que el v\u00eddeo no estiga disponible) l&#8217;adjectiu pirrat* -ada, paraula que no recullen els diccionaris generals. Sembla que \u00e9s una adaptaci\u00f3 al valenci\u00e0 d&#8217;un possible adjectiu castell\u00e0 pirrado -da, que tampoc he trobat en els diccionaris i que \u00e9s el participi del verb pirrarse [&hellip;]<\/p>\n","protected":false},"author":1,"featured_media":0,"comment_status":"open","ping_status":"open","sticky":false,"template":"","format":"standard","meta":{"footnotes":""},"categories":[50],"tags":[49,126,17,53],"class_list":["post-2469","post","type-post","status-publish","format-standard","hentry","category-lletra-p","tag-adjectius","tag-castella","tag-lexic","tag-revisions"],"post_mailing_queue_ids":[],"_links":{"self":[{"href":"https:\/\/www.cdlpv.org\/fitxes\/wp-json\/wp\/v2\/posts\/2469","targetHints":{"allow":["GET"]}}],"collection":[{"href":"https:\/\/www.cdlpv.org\/fitxes\/wp-json\/wp\/v2\/posts"}],"about":[{"href":"https:\/\/www.cdlpv.org\/fitxes\/wp-json\/wp\/v2\/types\/post"}],"author":[{"embeddable":true,"href":"https:\/\/www.cdlpv.org\/fitxes\/wp-json\/wp\/v2\/users\/1"}],"replies":[{"embeddable":true,"href":"https:\/\/www.cdlpv.org\/fitxes\/wp-json\/wp\/v2\/comments?post=2469"}],"version-history":[{"count":7,"href":"https:\/\/www.cdlpv.org\/fitxes\/wp-json\/wp\/v2\/posts\/2469\/revisions"}],"predecessor-version":[{"id":2477,"href":"https:\/\/www.cdlpv.org\/fitxes\/wp-json\/wp\/v2\/posts\/2469\/revisions\/2477"}],"wp:attachment":[{"href":"https:\/\/www.cdlpv.org\/fitxes\/wp-json\/wp\/v2\/media?parent=2469"}],"wp:term":[{"taxonomy":"category","embeddable":true,"href":"https:\/\/www.cdlpv.org\/fitxes\/wp-json\/wp\/v2\/categories?post=2469"},{"taxonomy":"post_tag","embeddable":true,"href":"https:\/\/www.cdlpv.org\/fitxes\/wp-json\/wp\/v2\/tags?post=2469"}],"curies":[{"name":"wp","href":"https:\/\/api.w.org\/{rel}","templated":true}]}}