{"id":2427,"date":"2019-06-05T20:30:12","date_gmt":"2019-06-05T18:30:12","guid":{"rendered":"http:\/\/www.cdlpv.org\/fitxes\/?p=2427"},"modified":"2019-06-05T17:28:29","modified_gmt":"2019-06-05T15:28:29","slug":"jira","status":"publish","type":"post","link":"https:\/\/www.cdlpv.org\/fitxes\/jira\/","title":{"rendered":"<i>jira<\/i>"},"content":{"rendered":"<p>El Dia de la Jira \u00e9s un dia festiu a Asp i al Fond\u00f3 de les Neus. La paraula castellana <em>jira<\/em>, segons el <em><span class=\"versaleta\">drae<\/span><\/em>, ve del franc\u00e9s <em>ch(i)\u00e8re<\/em> \u2018menjar\u2019. Hi ha pobles a Andalusia i Extremadura que tamb\u00e9 tenen aquesta festa. El <span class=\"versaleta\"><em>dea<\/em><\/span> li dona el significat &#8216;merienda campestre&#8217;.<\/p>\n<p>Localitze en la xarxa una explicaci\u00f3 (Ignacio Fr\u00edas, 15.04.2009; consulta: <a href=\"https:\/\/cvc.cervantes.es\/foros\/leer_asunto1.asp?vCodigo=35634\" target=\"_blank\" rel=\"noopener noreferrer\">05.06.2019<\/a>) treta del <em>Breve diccionario etimol\u00f3gico de la llengua castellana<\/em> de Coromines (que no he pogut comprovar per ara):<\/p>\n<blockquote><p><span class=\"texto_mini\"><strong>jira<\/strong><\/span><\/p>\n<p>&#8216;Banquete op\u00edparo&#8217;. Uso registrado en castellano desde 1535. Del franc\u00e9s antiguo <i>chi\u00e8re<\/i>, &#8216;comida de calidad&#8217;, extra\u00eddo de la locuci\u00f3n <i>faire bonne chi\u00e8re<\/i>, &#8216;dar bien de comer a alguien&#8217; (propiamente &#8216;acogerle bien&#8217;, &#8216;hacerle buena cara&#8217;), en la cual <i>chi\u00e8re<\/i> significaba de por s\u00ed &#8216;rostro&#8217; o &#8216;semblante&#8217;, del mismo origen que el castellano \u00abcara\u00bb.<\/p>\n<p>La forma castellana debe proceder de la francesa dialectal <i>chere<\/i>, propia del Este y del extremo Norte de este pa\u00eds. En castellano \u00abjira\u00bb design\u00f3 constantemente un banquete o comida en todo el Siglo de Oro y solo en el siglo XIX empez\u00f3 a tomar el sentido de &#8216;banquete campestre&#8217; bajo el influjo del verbo \u00abgirar\u00bb; m\u00e1s recientemente, anticuado el vocablo en muchas partes, lo han desenterrado algunos que, relacion\u00e1ndolo con \u00abgirar\u00bb, le dan el sentido de &#8216;excursi\u00f3n&#8217; o &#8216;viaje m\u00e1s o menos circular&#8217; y suelen escribirlo con \u00abg-\u00bb, ortograf\u00eda sin fundamento etimol\u00f3gico.<\/p><\/blockquote>\n","protected":false},"excerpt":{"rendered":"<p>El Dia de la Jira \u00e9s un dia festiu a Asp i al Fond\u00f3 de les Neus. La paraula castellana jira, segons el drae, ve del franc\u00e9s ch(i)\u00e8re \u2018menjar\u2019. Hi ha pobles a Andalusia i Extremadura que tamb\u00e9 tenen aquesta festa. El dea li dona el significat &#8216;merienda campestre&#8217;. Localitze en la xarxa una explicaci\u00f3 [&hellip;]<\/p>\n","protected":false},"author":1,"featured_media":0,"comment_status":"open","ping_status":"open","sticky":false,"template":"","format":"standard","meta":{"footnotes":""},"categories":[22],"tags":[126,17],"class_list":["post-2427","post","type-post","status-publish","format-standard","hentry","category-lletra-j","tag-castella","tag-lexic"],"post_mailing_queue_ids":[],"_links":{"self":[{"href":"https:\/\/www.cdlpv.org\/fitxes\/wp-json\/wp\/v2\/posts\/2427","targetHints":{"allow":["GET"]}}],"collection":[{"href":"https:\/\/www.cdlpv.org\/fitxes\/wp-json\/wp\/v2\/posts"}],"about":[{"href":"https:\/\/www.cdlpv.org\/fitxes\/wp-json\/wp\/v2\/types\/post"}],"author":[{"embeddable":true,"href":"https:\/\/www.cdlpv.org\/fitxes\/wp-json\/wp\/v2\/users\/1"}],"replies":[{"embeddable":true,"href":"https:\/\/www.cdlpv.org\/fitxes\/wp-json\/wp\/v2\/comments?post=2427"}],"version-history":[{"count":3,"href":"https:\/\/www.cdlpv.org\/fitxes\/wp-json\/wp\/v2\/posts\/2427\/revisions"}],"predecessor-version":[{"id":2431,"href":"https:\/\/www.cdlpv.org\/fitxes\/wp-json\/wp\/v2\/posts\/2427\/revisions\/2431"}],"wp:attachment":[{"href":"https:\/\/www.cdlpv.org\/fitxes\/wp-json\/wp\/v2\/media?parent=2427"}],"wp:term":[{"taxonomy":"category","embeddable":true,"href":"https:\/\/www.cdlpv.org\/fitxes\/wp-json\/wp\/v2\/categories?post=2427"},{"taxonomy":"post_tag","embeddable":true,"href":"https:\/\/www.cdlpv.org\/fitxes\/wp-json\/wp\/v2\/tags?post=2427"}],"curies":[{"name":"wp","href":"https:\/\/api.w.org\/{rel}","templated":true}]}}