{"id":2354,"date":"2019-04-27T15:30:35","date_gmt":"2019-04-27T13:30:35","guid":{"rendered":"http:\/\/www.cdlpv.org\/fitxes\/?p=2354"},"modified":"2019-04-28T22:11:28","modified_gmt":"2019-04-28T20:11:28","slug":"sistar","status":"publish","type":"post","link":"https:\/\/www.cdlpv.org\/fitxes\/sistar\/","title":{"rendered":"sistar"},"content":{"rendered":"<ol>\n<li>El substantiu mascul\u00ed\u00a0<em>sistar<\/em> t\u00e9, segons el <span class=\"versaleta\"><em>dnv <\/em><\/span>(consulta: <a href=\"http:\/\/www.avl.gva.es\/lexicval\/?paraula=sistar\" target=\"_blank\" rel=\"noopener noreferrer\">27.04.2019<\/a>), la definici\u00f3 seg\u00fcent:<br \/>\n<blockquote><p>m. AGR. Partidor d&#8217;aig\u00fces d&#8217;una s\u00e9quia.<\/p><\/blockquote>\n<p>Veig que la <span class=\"versaleta\"><em>gec<\/em><\/span> i el <a href=\"http:\/\/www.diccionari.cat\/lexicx.jsp?GECART=0030009\" target=\"_blank\" rel=\"noopener noreferrer\"><span class=\"versaleta\"><em>gdlc<\/em><\/span><\/a> l&#8217;escriuen \u00abcistar\u00bb (i que el <span class=\"versaleta\"><em>diec<\/em><\/span> no inclou este terme). Revise la versi\u00f3 antiga d&#8217;esta fitxa, en qu\u00e8 havia apuntat que el <em><span class=\"versaleta\">declc<\/span><\/em> de Coromines ho escrivia \u00absistar\u00bb:<\/p>\n<blockquote><p>Segons el <span class=\"versaleta\"><em>dcorom,<\/em><\/span> &#8216;boca de sortida de l&#8217;aigua d&#8217;una grossa s\u00e8quia o canal, despr\u00e9s de travessar un petit t\u00fanel o can\u00f3, prove\u00efda d&#8217;una reixa&#8217;: serveis per filtrar una mica l&#8217;aigua de grosses impureses, i generalment, tamb\u00e9, per distribuir l&#8217;aigua entre dos canals, que des d&#8217;all\u00e0 se separen. Podria vindre del llat\u00ed C\u012dSTA, per\u00f2 considera que aix\u00f2 hauria d&#8217;haver derivat en <i>txi-<\/i>, per la qual cosa es preferix un possible origen en l&#8217;encreuament dels mots \u00e0rabs <i>sit\u00e2r<\/i> i <i>mist\u00e2r<\/i> &#8216;cobertor, vel&#8217;. A m\u00e9s, emparentat amb el mot <i>sitara<\/i> &#8216;barandat&#8217; (Salt 2.0), &#8216;env\u00e0, paret prima&#8217; a Mon\u00f2ver (citant Sanchis Guarner).<\/p><\/blockquote>\n<p>Els escric als d&#8217;Enciclop\u00e8dia Catalana, per si volen revisar eixa grafia.<\/li>\n<li>\n<figure style=\"width: 270px\" class=\"wp-caption alignright\"><a href=\"https:\/\/www.diarilaveu.com\/apunt\/26746\/carrers-6-el-reg-als-carrers\"><img loading=\"lazy\" decoding=\"async\" class=\"\" src=\"http:\/\/3.bp.blogspot.com\/-x-UqMX4jJYo\/U2urRpkQViI\/AAAAAAAAUrc\/2Hn61B7qqk4\/s1600\/DSC_1745.JPG\" alt=\"Carrer del Sistar\" width=\"270\" height=\"143\" \/><\/a><figcaption class=\"wp-caption-text\">Carrer del Sistar (Faura).<\/figcaption><\/figure>\n<p>Amplie la informaci\u00f3 amb l&#8217;enlla\u00e7 a un article de Jes\u00fas Bernat Agut (<em>Diari La Veu<\/em>, 02.01.2015) relacionat amb els termes del reg: \u00abCarrers (6) El reg als carrers\u00bb (consulta: <a href=\"https:\/\/www.diarilaveu.com\/apunt\/26746\/carrers-6-el-reg-als-carrers\" target=\"_blank\" rel=\"noopener noreferrer\">27.04.2019<\/a>).<\/li>\n<\/ol>\n","protected":false},"excerpt":{"rendered":"<p>El substantiu mascul\u00ed\u00a0sistar t\u00e9, segons el dnv (consulta: 27.04.2019), la definici\u00f3 seg\u00fcent: m. AGR. Partidor d&#8217;aig\u00fces d&#8217;una s\u00e9quia. Veig que la gec i el gdlc l&#8217;escriuen \u00abcistar\u00bb (i que el diec no inclou este terme). Revise la versi\u00f3 antiga d&#8217;esta fitxa, en qu\u00e8 havia apuntat que el declc de Coromines ho escrivia \u00absistar\u00bb: Segons el [&hellip;]<\/p>\n","protected":false},"author":1,"featured_media":0,"comment_status":"closed","ping_status":"closed","sticky":false,"template":"","format":"aside","meta":{"footnotes":""},"categories":[33],"tags":[32,17,61,53],"class_list":["post-2354","post","type-post","status-publish","format-aside","hentry","category-lletra-s","tag-avl","tag-lexic","tag-ortografia","tag-revisions","post_format-post-format-aside"],"post_mailing_queue_ids":[],"_links":{"self":[{"href":"https:\/\/www.cdlpv.org\/fitxes\/wp-json\/wp\/v2\/posts\/2354","targetHints":{"allow":["GET"]}}],"collection":[{"href":"https:\/\/www.cdlpv.org\/fitxes\/wp-json\/wp\/v2\/posts"}],"about":[{"href":"https:\/\/www.cdlpv.org\/fitxes\/wp-json\/wp\/v2\/types\/post"}],"author":[{"embeddable":true,"href":"https:\/\/www.cdlpv.org\/fitxes\/wp-json\/wp\/v2\/users\/1"}],"replies":[{"embeddable":true,"href":"https:\/\/www.cdlpv.org\/fitxes\/wp-json\/wp\/v2\/comments?post=2354"}],"version-history":[{"count":10,"href":"https:\/\/www.cdlpv.org\/fitxes\/wp-json\/wp\/v2\/posts\/2354\/revisions"}],"predecessor-version":[{"id":2367,"href":"https:\/\/www.cdlpv.org\/fitxes\/wp-json\/wp\/v2\/posts\/2354\/revisions\/2367"}],"wp:attachment":[{"href":"https:\/\/www.cdlpv.org\/fitxes\/wp-json\/wp\/v2\/media?parent=2354"}],"wp:term":[{"taxonomy":"category","embeddable":true,"href":"https:\/\/www.cdlpv.org\/fitxes\/wp-json\/wp\/v2\/categories?post=2354"},{"taxonomy":"post_tag","embeddable":true,"href":"https:\/\/www.cdlpv.org\/fitxes\/wp-json\/wp\/v2\/tags?post=2354"}],"curies":[{"name":"wp","href":"https:\/\/api.w.org\/{rel}","templated":true}]}}