{"id":2342,"date":"2019-04-24T20:30:04","date_gmt":"2019-04-24T18:30:04","guid":{"rendered":"http:\/\/www.cdlpv.org\/fitxes\/?p=2342"},"modified":"2019-04-27T13:08:18","modified_gmt":"2019-04-27T11:08:18","slug":"dasboot","status":"publish","type":"post","link":"https:\/\/www.cdlpv.org\/fitxes\/dasboot\/","title":{"rendered":"<i>Das Boot ist voll<\/i>"},"content":{"rendered":"<p>Expressi\u00f3 en alemany que comenta\u00a0<a href=\"https:\/\/ca.wikipedia.org\/wiki\/Javier_Valenzuela\" target=\"_blank\" rel=\"noopener\">Javier Valenzuela<\/a>\u00a0en \u00abEl oro nazi pasa factura a Suiza\u00bb (<em>El Pa\u00eds,<\/em> <a href=\"https:\/\/elpais.com\/diario\/1996\/10\/04\/internacional\/844380010_850215.html\" target=\"_blank\" rel=\"noopener\">04.10.1996<\/a>):<\/p>\n<blockquote><p>Y en plena II Guerra Mundial, y en aplicaci\u00f3n del principio <em>la barca est\u00e1 llena<\/em> <em>(Das boot <\/em>[<em>sic<\/em>]<em> ist voll)<\/em>, formulado el 30 de agosto de 1942 en Zurich por Eduard Von Steiger, jefe del departamento de Justicia y Polic\u00eda, se cerraron las fronteras a los refugiados de todos los pa\u00edses europeos ocupados por el III Reich.<\/p><\/blockquote>\n<p>L&#8217;expressi\u00f3\u00a0va ser represa en 1967 per <a href=\"https:\/\/de.wikipedia.org\/wiki\/Alfred_A._H%C3%A4sler\" target=\"_blank\" rel=\"noopener\">Alfred A. H\u00e4sler<\/a> per a titular un estudi sobre l&#8217;actuaci\u00f3 dels governants\u00a0de Su\u00efssa\u00a0durant la segona guerra mundial: <a href=\"https:\/\/books.google.es\/books?id=Gl_jAAAAMAAJ&amp;q=%22Das+boot+ist+voll%22&amp;dq=%22Das+boot+ist+voll%22&amp;hl=ca&amp;sa=X&amp;ved=0ahUKEwiQw-SR3ejhAhUMzoUKHQlND0wQ6AEIKDAA\" target=\"_blank\" rel=\"noopener\"><em>Das Boot ist voll: die Schweiz und die Fl\u00fcchtlinge 1933-1945<\/em><\/a>.<\/p>\n","protected":false},"excerpt":{"rendered":"<p>Expressi\u00f3 en alemany que comenta\u00a0Javier Valenzuela\u00a0en \u00abEl oro nazi pasa factura a Suiza\u00bb (El Pa\u00eds, 04.10.1996): Y en plena II Guerra Mundial, y en aplicaci\u00f3n del principio la barca est\u00e1 llena (Das boot [sic] ist voll), formulado el 30 de agosto de 1942 en Zurich por Eduard Von Steiger, jefe del departamento de Justicia y [&hellip;]<\/p>\n","protected":false},"author":1,"featured_media":0,"comment_status":"open","ping_status":"open","sticky":false,"template":"","format":"standard","meta":{"footnotes":""},"categories":[35],"tags":[26,113,21],"class_list":["post-2342","post","type-post","status-publish","format-standard","hentry","category-lletra-d","tag-expressions","tag-historia","tag-revisions-2001"],"post_mailing_queue_ids":[],"_links":{"self":[{"href":"https:\/\/www.cdlpv.org\/fitxes\/wp-json\/wp\/v2\/posts\/2342","targetHints":{"allow":["GET"]}}],"collection":[{"href":"https:\/\/www.cdlpv.org\/fitxes\/wp-json\/wp\/v2\/posts"}],"about":[{"href":"https:\/\/www.cdlpv.org\/fitxes\/wp-json\/wp\/v2\/types\/post"}],"author":[{"embeddable":true,"href":"https:\/\/www.cdlpv.org\/fitxes\/wp-json\/wp\/v2\/users\/1"}],"replies":[{"embeddable":true,"href":"https:\/\/www.cdlpv.org\/fitxes\/wp-json\/wp\/v2\/comments?post=2342"}],"version-history":[{"count":3,"href":"https:\/\/www.cdlpv.org\/fitxes\/wp-json\/wp\/v2\/posts\/2342\/revisions"}],"predecessor-version":[{"id":2348,"href":"https:\/\/www.cdlpv.org\/fitxes\/wp-json\/wp\/v2\/posts\/2342\/revisions\/2348"}],"wp:attachment":[{"href":"https:\/\/www.cdlpv.org\/fitxes\/wp-json\/wp\/v2\/media?parent=2342"}],"wp:term":[{"taxonomy":"category","embeddable":true,"href":"https:\/\/www.cdlpv.org\/fitxes\/wp-json\/wp\/v2\/categories?post=2342"},{"taxonomy":"post_tag","embeddable":true,"href":"https:\/\/www.cdlpv.org\/fitxes\/wp-json\/wp\/v2\/tags?post=2342"}],"curies":[{"name":"wp","href":"https:\/\/api.w.org\/{rel}","templated":true}]}}