{"id":2316,"date":"2019-04-16T10:30:00","date_gmt":"2019-04-16T09:30:00","guid":{"rendered":"http:\/\/www.cdlpv.org\/fitxes\/?p=2316"},"modified":"2019-05-07T20:00:47","modified_gmt":"2019-05-07T18:00:47","slug":"a-arbre-net","status":"publish","type":"post","link":"https:\/\/www.cdlpv.org\/fitxes\/a-arbre-net\/","title":{"rendered":"a arbre net"},"content":{"rendered":"<ol>\n<li>El company Aureli Querol mos d\u00f3na a con\u00e9ixer esta expressi\u00f3, que no apareix en els diccionaris habituals i que podr\u00edem definir, seguint Francisca Ram\u00f3n Fern\u00e1ndez (\u00abEl costum en les relacions agr\u00e0ries valencianes. El cas de la Safor\u00bb, CEIC Alfons el Vell, 2008; consulta: <a href=\"https:\/\/nanopdf.com\/download\/el-costum-en-les-relacions-agraries-valencianes-el-cas-de-la-safor_pdf\" target=\"_blank\" rel=\"noopener noreferrer\">16.04.2019<\/a>):<br \/>\n<blockquote><p><strong>a arbre net<\/strong> <em>loc. adv.\u00a0<\/em>Arreplegant tot el fruit\u00a0de l&#8217;arbre.<\/p><\/blockquote>\n<p>En castell\u00e0 se n&#8217;ha fet alguna adaptaci\u00f3: \u00aba \u00e1rbol limpio\u00bb o \u00aba limpia \u00e1rbol\u00bb.<\/li>\n<li>Dins d&#8217;este mateix camp de l&#8217;agricultura, localitzem una expressi\u00f3 que tampoc no apareix en els diccionaris (\u00abQualitat en l&#8217;empresa exportadora citr\u00edcola espanyola (2.\u00aa part)\u00bb, 2001; consulta: <a href=\"https:\/\/www.interempresas.net\/Horticola\/Articulos\/63317-Calidad-en-la-empresa-exportadora-citricola-espanola-(2-PARTE).html\" target=\"_blank\" rel=\"noopener noreferrer\">16.04.2019<\/a>):<br \/>\n<blockquote><p><strong>a passades<\/strong> <em>loc. adv.<\/em> Seleccionant els fruits pel color, el calibre i la maduresa.<\/p><\/blockquote>\n<p>En castell\u00e0, segons la mateixa font, \u00aba pasadas\u00bb.<\/li>\n<\/ol>\n","protected":false},"excerpt":{"rendered":"<p>El company Aureli Querol mos d\u00f3na a con\u00e9ixer esta expressi\u00f3, que no apareix en els diccionaris habituals i que podr\u00edem definir, seguint Francisca Ram\u00f3n Fern\u00e1ndez (\u00abEl costum en les relacions agr\u00e0ries valencianes. El cas de la Safor\u00bb, CEIC Alfons el Vell, 2008; consulta: 16.04.2019): a arbre net loc. adv.\u00a0Arreplegant tot el fruit\u00a0de l&#8217;arbre. En castell\u00e0 [&hellip;]<\/p>\n","protected":false},"author":1,"featured_media":0,"comment_status":"open","ping_status":"open","sticky":false,"template":"","format":"standard","meta":{"footnotes":""},"categories":[18],"tags":[17,66],"class_list":["post-2316","post","type-post","status-publish","format-standard","hentry","category-lletra-a","tag-lexic","tag-locucions"],"post_mailing_queue_ids":[],"_links":{"self":[{"href":"https:\/\/www.cdlpv.org\/fitxes\/wp-json\/wp\/v2\/posts\/2316","targetHints":{"allow":["GET"]}}],"collection":[{"href":"https:\/\/www.cdlpv.org\/fitxes\/wp-json\/wp\/v2\/posts"}],"about":[{"href":"https:\/\/www.cdlpv.org\/fitxes\/wp-json\/wp\/v2\/types\/post"}],"author":[{"embeddable":true,"href":"https:\/\/www.cdlpv.org\/fitxes\/wp-json\/wp\/v2\/users\/1"}],"replies":[{"embeddable":true,"href":"https:\/\/www.cdlpv.org\/fitxes\/wp-json\/wp\/v2\/comments?post=2316"}],"version-history":[{"count":6,"href":"https:\/\/www.cdlpv.org\/fitxes\/wp-json\/wp\/v2\/posts\/2316\/revisions"}],"predecessor-version":[{"id":2407,"href":"https:\/\/www.cdlpv.org\/fitxes\/wp-json\/wp\/v2\/posts\/2316\/revisions\/2407"}],"wp:attachment":[{"href":"https:\/\/www.cdlpv.org\/fitxes\/wp-json\/wp\/v2\/media?parent=2316"}],"wp:term":[{"taxonomy":"category","embeddable":true,"href":"https:\/\/www.cdlpv.org\/fitxes\/wp-json\/wp\/v2\/categories?post=2316"},{"taxonomy":"post_tag","embeddable":true,"href":"https:\/\/www.cdlpv.org\/fitxes\/wp-json\/wp\/v2\/tags?post=2316"}],"curies":[{"name":"wp","href":"https:\/\/api.w.org\/{rel}","templated":true}]}}