{"id":2218,"date":"2019-03-27T20:30:15","date_gmt":"2019-03-27T19:30:15","guid":{"rendered":"http:\/\/www.cdlpv.org\/fitxes\/?p=2218"},"modified":"2019-03-27T10:03:59","modified_gmt":"2019-03-27T09:03:59","slug":"postular","status":"publish","type":"post","link":"https:\/\/www.cdlpv.org\/fitxes\/postular\/","title":{"rendered":"postular"},"content":{"rendered":"<p>En l&#8217;accepci\u00f3 (<span class=\"versaleta\"><em>dnv, <\/em><\/span>s. v.\u00a0<em>postular;<\/em> consulta: <a href=\"http:\/\/www.avl.gva.es\/lexicval\/?paraula=postular\" target=\"_blank\" rel=\"noopener\">26.03.2019<\/a>)\u00a0&#8216;demanar amb insist\u00e8ncia, sol\u00b7licitar (especialment un c\u00e0rrec o un privilegi)&#8217;, els diccionaris no recullen en\u00a0valenci\u00e0 la possibilitat d&#8217;usar este verb pronominalment. \u00c9s un \u00fas que s&#8217;ha est\u00e9s a partir de l&#8217;\u00fas castell\u00e0 que s\u00ed que apareix en els diccionaris (<em><span class=\"versaleta\">drae<\/span>, <\/em>s. v. <em>postular;<\/em> consulta: <a href=\"https:\/\/dle.rae.es\/?id=Tqj4Rok\" target=\"_blank\" rel=\"noopener\">26.03.2019<\/a>):<\/p>\n<blockquote><p><strong>5.<\/strong>\u00a0tr. Proponer un candidato para un cargo electivo. U. t. c. prnl.<\/p><\/blockquote>\n<p>Per tant, en esta accepci\u00f3 i fent \u00fas de la forma pronominal,\u00a0eixe contingut es pot expressar amb el verb\u00a0<em>proposar:<\/em><\/p>\n<blockquote><p><em>&#8230;i es va postular com a substitut <strong>&gt;<\/strong> &#8230;i es va proposar com a substitut<\/em><\/p><\/blockquote>\n<p>Sense l&#8217;\u00fas pronominal, l&#8217;\u00fas hauria de ser el seg\u00fcent:<\/p>\n<blockquote><p><em><span style=\"font-size: large;\">Postulava rebre beneficis.<\/span><\/em> (<a href=\"http:\/\/www.diccionari.cat\/lexicx.jsp?GECART=0107818\" target=\"_blank\" rel=\"noopener\"><span class=\"versaleta\"><em>gdlc<\/em><\/span><\/a>)<br \/>\n<em>El van postular per a l&#8217;abadiat del monestir.<br \/>\n<\/em><\/p><\/blockquote>\n<p>Amb tot, l&#8217;\u00c9sadir (consulta: <a href=\"http:\/\/esadir.cat\/entrades\/fitxa\/node\/postularse\" target=\"_blank\" rel=\"noopener\">26.03.2019<\/a>) s\u00ed que ha acceptat la possibilitat pronominal (tot i que no accepta l&#8217;extensi\u00f3 de l&#8217;\u00fas com a sin\u00f2nim del verb <em>perfilar<\/em> &#8216;comen\u00e7ar a prendre forma&#8217;, &#8216;apar\u00e8ixer com a aconseguidor d&#8217;un objectiu&#8217;):<\/p>\n<blockquote><p>Proposar-se per a un c\u00e0rrec. [<a href=\"http:\/\/esadir.cat\/lexic\/norecollitaldiec\">\u00das no recollit al DIEC<\/a>]\n<p><strong>L&#8217;alcalde de la capital italiana es postula per presidir el seu partit<\/strong><\/p>\n<p>No \u00e9s sin\u00f2nim de <strong>perfilar<\/strong>:<\/p>\n<p><em>El\u00a0Joventut es postula com a rival del Bar\u00e7a a la final<\/em><br \/>\n<strong>El\u00a0Joventut es perfila com a rival del Bar\u00e7a a la final<\/strong><\/p><\/blockquote>\n<p>&nbsp;<\/p>\n","protected":false},"excerpt":{"rendered":"<p>En l&#8217;accepci\u00f3 (dnv, s. v.\u00a0postular; consulta: 26.03.2019)\u00a0&#8216;demanar amb insist\u00e8ncia, sol\u00b7licitar (especialment un c\u00e0rrec o un privilegi)&#8217;, els diccionaris no recullen en\u00a0valenci\u00e0 la possibilitat d&#8217;usar este verb pronominalment. \u00c9s un \u00fas que s&#8217;ha est\u00e9s a partir de l&#8217;\u00fas castell\u00e0 que s\u00ed que apareix en els diccionaris (drae, s. v. postular; consulta: 26.03.2019): 5.\u00a0tr. Proponer un candidato [&hellip;]<\/p>\n","protected":false},"author":1,"featured_media":0,"comment_status":"open","ping_status":"open","sticky":false,"template":"","format":"standard","meta":{"footnotes":""},"categories":[50],"tags":[122,62],"class_list":["post-2218","post","type-post","status-publish","format-standard","hentry","category-lletra-p","tag-regims","tag-verbs"],"post_mailing_queue_ids":[],"_links":{"self":[{"href":"https:\/\/www.cdlpv.org\/fitxes\/wp-json\/wp\/v2\/posts\/2218","targetHints":{"allow":["GET"]}}],"collection":[{"href":"https:\/\/www.cdlpv.org\/fitxes\/wp-json\/wp\/v2\/posts"}],"about":[{"href":"https:\/\/www.cdlpv.org\/fitxes\/wp-json\/wp\/v2\/types\/post"}],"author":[{"embeddable":true,"href":"https:\/\/www.cdlpv.org\/fitxes\/wp-json\/wp\/v2\/users\/1"}],"replies":[{"embeddable":true,"href":"https:\/\/www.cdlpv.org\/fitxes\/wp-json\/wp\/v2\/comments?post=2218"}],"version-history":[{"count":2,"href":"https:\/\/www.cdlpv.org\/fitxes\/wp-json\/wp\/v2\/posts\/2218\/revisions"}],"predecessor-version":[{"id":2222,"href":"https:\/\/www.cdlpv.org\/fitxes\/wp-json\/wp\/v2\/posts\/2218\/revisions\/2222"}],"wp:attachment":[{"href":"https:\/\/www.cdlpv.org\/fitxes\/wp-json\/wp\/v2\/media?parent=2218"}],"wp:term":[{"taxonomy":"category","embeddable":true,"href":"https:\/\/www.cdlpv.org\/fitxes\/wp-json\/wp\/v2\/categories?post=2218"},{"taxonomy":"post_tag","embeddable":true,"href":"https:\/\/www.cdlpv.org\/fitxes\/wp-json\/wp\/v2\/tags?post=2218"}],"curies":[{"name":"wp","href":"https:\/\/api.w.org\/{rel}","templated":true}]}}