{"id":2182,"date":"2019-03-04T20:30:11","date_gmt":"2019-03-04T19:30:11","guid":{"rendered":"http:\/\/www.cdlpv.org\/fitxes\/?p=2182"},"modified":"2019-03-04T14:10:56","modified_gmt":"2019-03-04T13:10:56","slug":"refranys-jose-saramago","status":"publish","type":"post","link":"https:\/\/www.cdlpv.org\/fitxes\/refranys-jose-saramago\/","title":{"rendered":"refranys en l&#8217;obra de Jos\u00e9 Saramago"},"content":{"rendered":"<ol>\n<li>Trets d&#8217;<i>Ensaio sobre a cegueira<\/i> de Jos\u00e9 Saramago\u00a0(ed. Caminho, 1995, 2.<sup><span style=\"font-size: small;\">\u00aa<\/span><\/sup> edici\u00f3):<br \/>\n<blockquote><p>\u00abHoje por si, amanh\u00e2 por mim\u00bb (p. 13)<br \/>\n\u00abA ocasi\u00e2o nem sempre faz o ladr\u00e2o\u00bb (p. 25)<br \/>\n\u00abMorrendo o bicho, acaba-se a pe\u00e7onha\u00bb (p. 64)<br \/>\n\u00abCandeia que vai adiante alumia duas vezes\u00bb (p. 90)<br \/>\n\u00abNa terra dos cegos quem tem un olho \u00e9 rei\u00bb (p. 103)<br \/>\n\u00abO mal \u00e9 se nos acontece o mesmo que ao cavalo daquele, que morreu quando j\u00e1 se tinha deshabituado de comer\u00bb (p. 148)<br \/>\n\u00abCaridades bem entendida por n\u00f3s pr\u00f3prios \u00e9s que ter\u00e1 de come\u00e7ar\u00bb (p. 163)<br \/>\n\u00abO justo a pagar pelo pecador\u00bb (p. 163)<br \/>\n\u00abN\u00e2o \u00e9 por ter muito madrugado que se h\u00e1-de morrer mais cedo\u00bb (p. 169)<br \/>\n\u00abO diabo nem sempre est\u00e1 atr\u00e1s da porta\u00bb (p. 193)<br \/>\n\u00abN\u00e2o poderiam nem com uma gata pelo rabo\u00bb (p. 196)<br \/>\n\u00abEstar a espera de sapatos de defunto\u00bb (p. 198)<br \/>\n\u00abSai-lhe o tiro pela culata\u00bb (p. 203)<br \/>\n\u00abAssim como o h\u00e1bito n\u00e2o faz o monge, tamb\u00e9m o ceptro n\u00e2o faz o rei\u00bb (p. 204)<br \/>\n\u00ab\u00c1gua mole em brasa viva tanto d\u00e1 at\u00e9 que apaga\u00bb (p. 213)<br \/>\n\u00abTanto se lhes daria tambor como caixa de rufo\u00bb (p. 231)<br \/>\n\u00abQuem n\u00e2o tem c\u00e2o ca\u00e7a com gato\u00bb (p. 268)<br \/>\n\u00abO trabalho do velho \u00e9 pouco, mas quem o despreza \u00e9 louco\u00bb (p. reelaboraci\u00f3 d&#8217;un que en lloc de <em>velho<\/em> diu <em>menino<\/em>, i en lloc de <em>despreza<\/em> diu <em>desdenha<\/em>) (p. 269)<br \/>\n\u00abGuarda o que n\u00e2o presta, encontrar\u00e1s o que \u00e9 preciso\u00bb (p. 273)<br \/>\n\u00abPara casa, nem que seja uma pedra\u00bb (p. 273)<br \/>\n\u00abA paci\u00eancia \u00e9 boa para a vista\u00bb (p. 283)<br \/>\n\u00abO pior cego foi aquele que n\u00e2o quis ver\u00bb (p. 283)<br \/>\n\u00abCom a ajuda dos santos, que sendo para baixo acodem todos\u00bb (p. 286)<br \/>\n\u00abO puxador da porta \u00e9 a m\u00e2o estendida de uma casa\u00bb (p. 289)<\/p><\/blockquote>\n<\/li>\n<li>Trets d&#8217;<i>O ano da Morte de Ricardo Reis<\/i> (ed. Caminho, 1984):<br \/>\n<blockquote><p>\u00abNa ocasi\u00e2o se faz o ladr\u00e2o\u00bb (p. 59)<br \/>\n\u00abSobre a nudez forte da verdade, o manto di\u00e1fano da fantasia\u00bb (p. 62)&#8230;<\/p><\/blockquote>\n<\/li>\n<li>Enlla\u00e7:\n<ul>\n<li>\u00a0Xavier P\u00e0mies (2001): <a href=\"https:\/\/www.escriptors.cat\/?q=publicacions_atextos_caverna\" target=\"_blank\" rel=\"noopener\">\u00abCom he tradu\u00eft <em>La caverna<\/em> de Jos\u00e9 Saramago\u00bb<\/a>.<\/li>\n<\/ul>\n<\/li>\n<\/ol>\n<p>&nbsp;<\/p>\n","protected":false},"excerpt":{"rendered":"<p>Trets d&#8217;Ensaio sobre a cegueira de Jos\u00e9 Saramago\u00a0(ed. Caminho, 1995, 2.\u00aa edici\u00f3): \u00abHoje por si, amanh\u00e2 por mim\u00bb (p. 13) \u00abA ocasi\u00e2o nem sempre faz o ladr\u00e2o\u00bb (p. 25) \u00abMorrendo o bicho, acaba-se a pe\u00e7onha\u00bb (p. 64) \u00abCandeia que vai adiante alumia duas vezes\u00bb (p. 90) \u00abNa terra dos cegos quem tem un olho \u00e9 [&hellip;]<\/p>\n","protected":false},"author":1,"featured_media":0,"comment_status":"open","ping_status":"open","sticky":false,"template":"","format":"standard","meta":{"footnotes":""},"categories":[44],"tags":[118,125,124,53],"class_list":["post-2182","post","type-post","status-publish","format-standard","hentry","category-lletra-r","tag-literatura","tag-portugues","tag-refranys","tag-revisions"],"post_mailing_queue_ids":[],"_links":{"self":[{"href":"https:\/\/www.cdlpv.org\/fitxes\/wp-json\/wp\/v2\/posts\/2182","targetHints":{"allow":["GET"]}}],"collection":[{"href":"https:\/\/www.cdlpv.org\/fitxes\/wp-json\/wp\/v2\/posts"}],"about":[{"href":"https:\/\/www.cdlpv.org\/fitxes\/wp-json\/wp\/v2\/types\/post"}],"author":[{"embeddable":true,"href":"https:\/\/www.cdlpv.org\/fitxes\/wp-json\/wp\/v2\/users\/1"}],"replies":[{"embeddable":true,"href":"https:\/\/www.cdlpv.org\/fitxes\/wp-json\/wp\/v2\/comments?post=2182"}],"version-history":[{"count":2,"href":"https:\/\/www.cdlpv.org\/fitxes\/wp-json\/wp\/v2\/posts\/2182\/revisions"}],"predecessor-version":[{"id":2184,"href":"https:\/\/www.cdlpv.org\/fitxes\/wp-json\/wp\/v2\/posts\/2182\/revisions\/2184"}],"wp:attachment":[{"href":"https:\/\/www.cdlpv.org\/fitxes\/wp-json\/wp\/v2\/media?parent=2182"}],"wp:term":[{"taxonomy":"category","embeddable":true,"href":"https:\/\/www.cdlpv.org\/fitxes\/wp-json\/wp\/v2\/categories?post=2182"},{"taxonomy":"post_tag","embeddable":true,"href":"https:\/\/www.cdlpv.org\/fitxes\/wp-json\/wp\/v2\/tags?post=2182"}],"curies":[{"name":"wp","href":"https:\/\/api.w.org\/{rel}","templated":true}]}}