{"id":2176,"date":"2019-02-27T20:30:40","date_gmt":"2019-02-27T19:30:40","guid":{"rendered":"http:\/\/www.cdlpv.org\/fitxes\/?p=2176"},"modified":"2019-02-27T16:55:27","modified_gmt":"2019-02-27T15:55:27","slug":"reces","status":"publish","type":"post","link":"https:\/\/www.cdlpv.org\/fitxes\/reces\/","title":{"rendered":"rec\u00e9s"},"content":{"rendered":"<p>Fins fa uns anys, este substantiu no apareixia en els diccionaris amb el significat &#8216;descans&#8217; o &#8216;interrupci\u00f3&#8217;. L&#8217;\u00c9sadir (consulta: <a href=\"http:\/\/www.esadir.cat\/entrades\/fitxa\/node\/reces\" target=\"_blank\" rel=\"noopener\">27.02.2019<\/a>)\u00a0s\u00ed que la incorporat amb eixe significat en l&#8217;\u00fas dels mitjans audiovisuals:<\/p>\n<blockquote><p>Interrupci\u00f3, pausa, descans (en una activitat). [\u00das no recollit al <span class=\"versaleta\"><em>diec<\/em><\/span>]\n<em>La sessi\u00f3 es reprendr\u00e0 despr\u00e9s d&#8217;un rec\u00e9s de quinze minuts<br \/>\n<\/em>Plural: recessos.<\/p><\/blockquote>\n<p>A conseq\u00fc\u00e8ncia d&#8217;aix\u00f2, en <span class=\"versaleta\">tv3<\/span>, en ser cosa de tribunals i parlaments, pareix que ja no fan <em>descansos, pauses<\/em>\u00a0o <em>parades,<\/em> tot s\u00f3n <em>recessos<\/em>.<\/p>\n<p>I el <span class=\"versaleta\"><em>dnv<\/em><\/span> (consulta: <a href=\"http:\/\/www.avl.gva.es\/lexicval\/?paraula=rec\u00e9s\" target=\"_blank\" rel=\"noopener\">27.02.2019<\/a>) ha incl\u00f2s tamb\u00e9 eixa accepci\u00f3:<\/p>\n<blockquote><p><strong>rec\u00e9s <\/strong>[&#8230;]<strong>\u00a03.<\/strong> <em>m.<\/em> Interrupci\u00f3 que es fa en una activitat.<\/p><\/blockquote>\n","protected":false},"excerpt":{"rendered":"<p>Fins fa uns anys, este substantiu no apareixia en els diccionaris amb el significat &#8216;descans&#8217; o &#8216;interrupci\u00f3&#8217;. L&#8217;\u00c9sadir (consulta: 27.02.2019)\u00a0s\u00ed que la incorporat amb eixe significat en l&#8217;\u00fas dels mitjans audiovisuals: Interrupci\u00f3, pausa, descans (en una activitat). [\u00das no recollit al diec] La sessi\u00f3 es reprendr\u00e0 despr\u00e9s d&#8217;un rec\u00e9s de quinze minuts Plural: recessos. A [&hellip;]<\/p>\n","protected":false},"author":1,"featured_media":0,"comment_status":"open","ping_status":"open","sticky":false,"template":"","format":"standard","meta":{"footnotes":""},"categories":[44],"tags":[23,60,20,17],"class_list":["post-2176","post","type-post","status-publish","format-standard","hentry","category-lletra-r","tag-accepcions","tag-audiovisuals","tag-juridicoadministratiu","tag-lexic"],"post_mailing_queue_ids":[],"_links":{"self":[{"href":"https:\/\/www.cdlpv.org\/fitxes\/wp-json\/wp\/v2\/posts\/2176","targetHints":{"allow":["GET"]}}],"collection":[{"href":"https:\/\/www.cdlpv.org\/fitxes\/wp-json\/wp\/v2\/posts"}],"about":[{"href":"https:\/\/www.cdlpv.org\/fitxes\/wp-json\/wp\/v2\/types\/post"}],"author":[{"embeddable":true,"href":"https:\/\/www.cdlpv.org\/fitxes\/wp-json\/wp\/v2\/users\/1"}],"replies":[{"embeddable":true,"href":"https:\/\/www.cdlpv.org\/fitxes\/wp-json\/wp\/v2\/comments?post=2176"}],"version-history":[{"count":4,"href":"https:\/\/www.cdlpv.org\/fitxes\/wp-json\/wp\/v2\/posts\/2176\/revisions"}],"predecessor-version":[{"id":2181,"href":"https:\/\/www.cdlpv.org\/fitxes\/wp-json\/wp\/v2\/posts\/2176\/revisions\/2181"}],"wp:attachment":[{"href":"https:\/\/www.cdlpv.org\/fitxes\/wp-json\/wp\/v2\/media?parent=2176"}],"wp:term":[{"taxonomy":"category","embeddable":true,"href":"https:\/\/www.cdlpv.org\/fitxes\/wp-json\/wp\/v2\/categories?post=2176"},{"taxonomy":"post_tag","embeddable":true,"href":"https:\/\/www.cdlpv.org\/fitxes\/wp-json\/wp\/v2\/tags?post=2176"}],"curies":[{"name":"wp","href":"https:\/\/api.w.org\/{rel}","templated":true}]}}