{"id":2167,"date":"2019-02-27T20:30:40","date_gmt":"2019-02-27T19:30:40","guid":{"rendered":"http:\/\/www.cdlpv.org\/fitxes\/?p=2167"},"modified":"2019-03-21T19:50:28","modified_gmt":"2019-03-21T18:50:28","slug":"actualitat","status":"publish","type":"post","link":"https:\/\/www.cdlpv.org\/fitxes\/actualitat\/","title":{"rendered":"actualitat"},"content":{"rendered":"<p>Hi havia una fitxa de l&#8217;Optimot (consulta: 04.02.2010) que\u00a0mirava d&#8217;interpretar\u00a0les accepcions del <span class=\"versaleta\"><em>diec<\/em><\/span> per a la paraula <em>actualitat<\/em> en un sentit molt restrictiu:<\/p>\n<blockquote><p>El diccionari normatiu recull dues accepcions del mot <em>actualitat<\/em>: 1) qualitat d&#8217;actual, i 2) conjunt de fets recents o informacions noves sobre fets antics que poden \u00e9sser donats com a not\u00edcia.<\/p>\n<p>Aix\u00ed, en catal\u00e0, l&#8217;expressi\u00f3 <em>en l&#8217;actualitat<\/em> no pot voler dir &#8216;actualment, ara mateix&#8217;, significat que s\u00ed que t\u00e9 en castell\u00e0. En canvi, aquesta expressi\u00f3\u00a0\u00e9s correcta sempre que el sentit del mot <em>actualitat<\/em>\u00a0es correspongui amb el que recull el diccionari normatiu. Per exemple: <span class=\"exemple\">La proposta es basa en l&#8217;actualitat dels fets.<\/span><\/p><\/blockquote>\n<p>Ja en\u00a0aquell moment convenia tindre en compte que eixa paraula tenia m\u00e9s accepcions en altres diccionaris (que recollien la locuci\u00f3), com ara el <span class=\"versaleta\"><em>gdlc<\/em><\/span>:<\/p>\n<blockquote><p><strong>2 <\/strong><em>1 <\/em>Cosa d&#8217;ara, del moment, de moda.<br \/>\n<em>2 <\/em>Temps actual. <span class=\"exemple\">Ha durat fins a l&#8217;actualitat.<\/span><br \/>\n<em>3 <\/em><strong>d&#8217;actualitat<\/strong> <em>loc adj<\/em> Que interessa ara, de qu\u00e8 es parla molt ara. <span class=\"exemple\">Un tema d&#8217;actualitat.<\/span><br \/>\n<em>4 <\/em><strong>en l&#8217;actualitat<\/strong> <em>loc adv<\/em> Actualment, ara.<\/p><\/blockquote>\n<p>De fet, el mateix <span class=\"versaleta\"><em>diec<\/em><\/span> fea servir la paraula de manera que tampoc podria ser interpretada (si segu\u00edrem nom\u00e9s les seues definicions). Per exemple:<\/p>\n<blockquote><p><strong>edat<\/strong> [&#8230;] <strong>3\u00a0<\/strong><em>8\u00a0<\/em> <strong><em>edat moderna<\/em><\/strong> Edat de la hist\u00f2ria que s\u2019est\u00e9n des de la caiguda de l\u2019Imperi bizant\u00ed fins a la Revoluci\u00f3 Francesa o fins a l\u2019actualitat.<\/p>\n<p><strong>relicte -a <\/strong> [&#8230;] <strong>2\u00a0<\/strong><em>2\u00a0<\/em>adj. Que s\u2019ha format en condicions diferents a les de l\u2019actualitat, s\u2019aplica als s\u00f2ls i a les formes de relleu.<\/p>\n<p><strong>foramin\u00edfers<\/strong> <em>1\u00a0<\/em>m. pl. Ordre de protozous riz\u00f2podes, prove\u00efts d\u2019una closca calc\u00e0ria, quitinosa o aglutinada, formada per una o diverses cambres, amb forats diminuts, d\u2019h\u00e0bit de vida principalment mar\u00ed, coneguts des del cambri\u00e0 fins a l\u2019actualitat. [&#8230;]<\/blockquote>\n<p>Aleshores i ara, per tant, conv\u00e9 pensar que cal ampliar la definici\u00f3 del <span class=\"versaleta\"><em>diec<\/em><\/span> (que no s&#8217;ha modificat, de moment).\u00a0I\u00a0tamb\u00e9, tal com ha fet finalment l&#8217;Optimot (agra\u00efm\u00a0l&#8217;av\u00eds sobre eixe canvi\u00a0a\u00a0Xavier Albons; vegeu la fitxa 1423\/6; consulta: <a href=\"https:\/\/aplicacions.llengua.gencat.cat\/llc\/AppJava\/index.html;jsessionid=C681320775699D6D97415EAC1192D9C6?input_cercar=actualitat&amp;action=Principal&amp;method=detall_completa&amp;databaseFilterName=Fitxes de l'Optimot&amp;numPagina=1&amp;idHit=11993&amp;database=FITXES_PUB&amp;tipusFont=Fitxes de l'Optimot&amp;databaseFilter=FITXES_PUB&amp;parameterField=FITXES_PUB&amp;idFont=11993&amp;titol=\u00c9s correcte 'en l'actualitat' en catal\u00e0?&amp;numeroResultat=1&amp;clickLink=detall&amp;tipusCerca=cerca.tot\" target=\"_blank\" rel=\"noopener\">27.02.2019<\/a>), arreplegar la locuci\u00f3 i donar-li el sentit que t\u00e9 i que apareix en altres diccionaris, com ara en el <span class=\"versaleta\"><em>dnv <\/em><\/span>(consulta: <a href=\"http:\/\/www.avl.gva.es\/lexicval\/?paraula=actualitat\" target=\"_blank\" rel=\"noopener\">27.02.2019<\/a>):<\/p>\n<blockquote><p><strong>actualitat<\/strong> [&#8230;] <strong>4.<\/strong> <strong>en l&#8217;actualitat<\/strong> <em>loc. adv.<\/em> Actualment. En l&#8217;actualitat, l&#8217;\u00edndex d&#8217;analfabetisme s&#8217;ha redu\u00eft considerablement.<\/p><\/blockquote>\n<p>En eixe sentit, Xavier Rofes (21.03.2019) ha fet una petita recerca i envia la nota seg\u00fcent que confirma la tend\u00e8ncia:<\/p>\n<blockquote><p>Ni la <em><span class=\"versaleta\">giec<\/span><\/em> (ni la <em><span class=\"versaleta\">geiec<\/span><\/em>) registren la locuci\u00f3, tot i que hi recorren sovint en la redacci\u00f3 (en el cas de la <a href=\"http:\/\/bit.ly\/2Wg4YKG\" target=\"_blank\" rel=\"noopener\"><em><span class=\"versaleta\">geiec<\/span><\/em><\/a> fins a quinze vegades<wbr \/>). La locuci\u00f3 figura en el <a href=\"https:\/\/dsff.uab.cat\/concepte\/actualment\" target=\"_blank\" rel=\"noopener\"><i>Diccionari de sin\u00f2nims de frases fetes<\/i><\/a> de M. Teresa Espinal.<\/p><\/blockquote>\n","protected":false},"excerpt":{"rendered":"<p>Hi havia una fitxa de l&#8217;Optimot (consulta: 04.02.2010) que\u00a0mirava d&#8217;interpretar\u00a0les accepcions del diec per a la paraula actualitat en un sentit molt restrictiu: El diccionari normatiu recull dues accepcions del mot actualitat: 1) qualitat d&#8217;actual, i 2) conjunt de fets recents o informacions noves sobre fets antics que poden \u00e9sser donats com a not\u00edcia. Aix\u00ed, [&hellip;]<\/p>\n","protected":false},"author":1,"featured_media":0,"comment_status":"open","ping_status":"open","sticky":false,"template":"","format":"standard","meta":{"footnotes":""},"categories":[18],"tags":[17,66,53,128,127],"class_list":["post-2167","post","type-post","status-publish","format-standard","hentry","category-lletra-a","tag-lexic","tag-locucions","tag-revisions","tag-xavier-albons","tag-xavier-rofes"],"post_mailing_queue_ids":[],"_links":{"self":[{"href":"https:\/\/www.cdlpv.org\/fitxes\/wp-json\/wp\/v2\/posts\/2167","targetHints":{"allow":["GET"]}}],"collection":[{"href":"https:\/\/www.cdlpv.org\/fitxes\/wp-json\/wp\/v2\/posts"}],"about":[{"href":"https:\/\/www.cdlpv.org\/fitxes\/wp-json\/wp\/v2\/types\/post"}],"author":[{"embeddable":true,"href":"https:\/\/www.cdlpv.org\/fitxes\/wp-json\/wp\/v2\/users\/1"}],"replies":[{"embeddable":true,"href":"https:\/\/www.cdlpv.org\/fitxes\/wp-json\/wp\/v2\/comments?post=2167"}],"version-history":[{"count":8,"href":"https:\/\/www.cdlpv.org\/fitxes\/wp-json\/wp\/v2\/posts\/2167\/revisions"}],"predecessor-version":[{"id":2202,"href":"https:\/\/www.cdlpv.org\/fitxes\/wp-json\/wp\/v2\/posts\/2167\/revisions\/2202"}],"wp:attachment":[{"href":"https:\/\/www.cdlpv.org\/fitxes\/wp-json\/wp\/v2\/media?parent=2167"}],"wp:term":[{"taxonomy":"category","embeddable":true,"href":"https:\/\/www.cdlpv.org\/fitxes\/wp-json\/wp\/v2\/categories?post=2167"},{"taxonomy":"post_tag","embeddable":true,"href":"https:\/\/www.cdlpv.org\/fitxes\/wp-json\/wp\/v2\/tags?post=2167"}],"curies":[{"name":"wp","href":"https:\/\/api.w.org\/{rel}","templated":true}]}}