{"id":2160,"date":"2019-02-26T20:30:13","date_gmt":"2019-02-26T19:30:13","guid":{"rendered":"http:\/\/www.cdlpv.org\/fitxes\/?p=2160"},"modified":"2019-03-21T20:37:28","modified_gmt":"2019-03-21T19:37:28","slug":"iment-ement","status":"publish","type":"post","link":"https:\/\/www.cdlpv.org\/fitxes\/iment-ement\/","title":{"rendered":"-iment\/-ement"},"content":{"rendered":"<p>Es pot fonamentar hist\u00f2ricament i normativament la correcci\u00f3 de l&#8217;increment <em>-iment<\/em> en paraules com ara <em>creiximent, naiximent,<\/em> etc., que s\u00f3n les formes usuals a molts llocs. Sobre la q\u00fcesti\u00f3, podem llegir <a href=\"http:\/\/www.einesdellengua.com\/Fitxes\/Textos\/Arxius\/iment.htm\">un article<\/a> d&#8217;Emili S\u00e1ez (Forest-IEC, 2002). Al final de l&#8217;article, l&#8217;autor proposa:<\/p>\n<blockquote><p>La normativa hauria de plantejar-se la conveni\u00e8ncia de mantindre aquesta irregularitat: potser seria preferible assumir com a formes principals les regulars \u2014i tradicionals\u2014 en <i>i<\/i> (o fins i tot substituir aquelles per aquestes), que s\u00f3n tamb\u00e9 les que ha mantingut sense excepcions tot el valenci\u00e0. Aquestes \u00faltimes, com a m\u00ednim, haurien de ser admeses normativament.<\/p><\/blockquote>\n<p>La gram\u00e0tica de l&#8217;<span class=\"versaleta\">avl (2006)<\/span> comentava en una nota (37.5.1.3):<\/p>\n<blockquote><p>Els substantius derivats en <em>-ment<\/em> a partir de verbs de la segona conjugaci\u00f3 acabats en <em>-xer<\/em> presenten la doble possibilitat: <em>naixement<\/em> (o <em>naiximent<\/em>), <em>creixement<\/em> (o <em><span class=\"\"><span class=\"highlight begin selected\">creix<\/span><\/span><span class=\"highlight middle selected\">i<\/span><span class=\"\"><span class=\"highlight end selected\">ment<\/span><\/span><\/em>).<\/p><\/blockquote>\n<p>L&#8217;acad\u00e8mia ha consentit finalment el m\u00ednim proposat per Emili S\u00e1ez i ha afegit en el <span class=\"versaleta\"><em>dnv<\/em><\/span> (consulta: <a href=\"http:\/\/www.avl.gva.es\/lexicval\/?paraula=*ximent\" target=\"_blank\" rel=\"noopener\">25.02.2019<\/a>) les formes en <em>i<\/em> com a formes secund\u00e0ries, com podem vore en una llista de paraules (18 casos) extreta del diccionari:<\/p>\n<blockquote><p><em>acreiximent, apareiximent, autoconeiximent, compareiximent, coneiximent, creiximent, decreiximent, desconeiximent, desmereiximent, intercreiximent, mereiximent, naiximent, prerenaiximent, reconeiximent, recreiximent, reeiximent, renaiximent, sobrenaiximent<\/em><\/p><\/blockquote>\n<p>Totes estes paraules remeten a la variants amb &#8211;<em>ement<\/em>.<\/p>\n<p>El company Xavier Rofes (21.03.2019) afig unes dades sobre la q\u00fcesti\u00f3:<\/p>\n<blockquote><p>La <span class=\"versaleta\"><em>giec<\/em><\/span> i la <span class=\"versaleta\"><em>geiec<\/em><\/span> en diuen aix\u00f2: \u00abAmb el sufix &#8211;<i>ment<\/i>, la vocal origin\u00e0riament era <i>i<\/i>,\u00a0la qual es mant\u00e9 en tots els parlars en certs mots (<i>abatiment<\/i>, <i> venciment<\/i>), per\u00f2 en altres mots es produeixen difer\u00e8ncies entre parlars, com mostren les formes valencianes <i>creiximent<\/i> o <i>naiximent<\/i>, que s\u2019eviten en els registres formals en favor de les m\u00e9s generals <i>creixement<\/i> i <i>naixement<\/i>\u00bb (<em><span class=\"versaleta\">giec<\/span><\/em>,\u00a0 10.1.3a \/ <em><span class=\"versaleta\">geiec<\/span><\/em> \u00a7 <a title=\"https:\/\/geiec.iec.cat\/capitol_veure.asp?id_gelc=408&amp;capitol=6.3\" href=\"https:\/\/geiec.iec.cat\/capitol_veure.asp?id_gelc=408&amp;capitol=6.3\" target=\"_blank\" rel=\"noopener\" data-saferedirecturl=\"https:\/\/www.google.com\/url?q=https:\/\/geiec.iec.cat\/capitol_veure.asp?id_gelc%3D408%26capitol%3D6.3&amp;source=gmail&amp;ust=1553277978247000&amp;usg=AFQjCNFG1di9GvERxFgpCS0yskClR7JhyQ\"> 6.3<\/a>)<\/p><\/blockquote>\n<p>Pel que fa al comentari \u00abque s&#8217;eviten en els registres formals\u00bb del fragment citat de l&#8217;<span class=\"versaleta\">iec<\/span>, podem pensar que deu tindre una bona base de fet \u2014i no far\u00e9 ara un apunt sobre les causes d&#8217;eixe costum; podeu consultar sobre aix\u00f2 l&#8217;article d&#8217;Abelard Saragoss\u00e0 \u00abL\u2019\u00fas del valenci\u00e0:mirada al present i al futur. Reflexions per a un valencianisme transversal i majoritari\u00bb (consulta: <a href=\"https:\/\/taulafilologiavalenciana.files.wordpress.com\/2016\/11\/abelard-aula3.pdf\" target=\"_blank\" rel=\"noopener\">21.03.2019<\/a>)\u2014, per\u00f2 que convindria estendre el costum a <em>no evitar <\/em>l&#8217;\u00fas de les variants <em>menys <\/em>generals (m\u00e9s encara quan s\u00f3n \u00abregulars\u00bb i \u00abtradicionals\u00bb, tal com explica Emili S\u00e1ez en l&#8217;article citat) de la llengua en qualsevol registre.<\/p>\n","protected":false},"excerpt":{"rendered":"<p>Es pot fonamentar hist\u00f2ricament i normativament la correcci\u00f3 de l&#8217;increment -iment en paraules com ara creiximent, naiximent, etc., que s\u00f3n les formes usuals a molts llocs. Sobre la q\u00fcesti\u00f3, podem llegir un article d&#8217;Emili S\u00e1ez (Forest-IEC, 2002). Al final de l&#8217;article, l&#8217;autor proposa: La normativa hauria de plantejar-se la conveni\u00e8ncia de mantindre aquesta irregularitat: potser [&hellip;]<\/p>\n","protected":false},"author":1,"featured_media":0,"comment_status":"open","ping_status":"open","sticky":false,"template":"","format":"standard","meta":{"footnotes":""},"categories":[73],"tags":[131,129,17,108,12,53,130],"class_list":["post-2160","post","type-post","status-publish","format-standard","hentry","category-lletra-i","tag-abelard-saragossa","tag-emili-saez","tag-lexic","tag-morfologia","tag-normativa","tag-revisions","tag-xaier-rofes"],"post_mailing_queue_ids":[],"_links":{"self":[{"href":"https:\/\/www.cdlpv.org\/fitxes\/wp-json\/wp\/v2\/posts\/2160","targetHints":{"allow":["GET"]}}],"collection":[{"href":"https:\/\/www.cdlpv.org\/fitxes\/wp-json\/wp\/v2\/posts"}],"about":[{"href":"https:\/\/www.cdlpv.org\/fitxes\/wp-json\/wp\/v2\/types\/post"}],"author":[{"embeddable":true,"href":"https:\/\/www.cdlpv.org\/fitxes\/wp-json\/wp\/v2\/users\/1"}],"replies":[{"embeddable":true,"href":"https:\/\/www.cdlpv.org\/fitxes\/wp-json\/wp\/v2\/comments?post=2160"}],"version-history":[{"count":6,"href":"https:\/\/www.cdlpv.org\/fitxes\/wp-json\/wp\/v2\/posts\/2160\/revisions"}],"predecessor-version":[{"id":2205,"href":"https:\/\/www.cdlpv.org\/fitxes\/wp-json\/wp\/v2\/posts\/2160\/revisions\/2205"}],"wp:attachment":[{"href":"https:\/\/www.cdlpv.org\/fitxes\/wp-json\/wp\/v2\/media?parent=2160"}],"wp:term":[{"taxonomy":"category","embeddable":true,"href":"https:\/\/www.cdlpv.org\/fitxes\/wp-json\/wp\/v2\/categories?post=2160"},{"taxonomy":"post_tag","embeddable":true,"href":"https:\/\/www.cdlpv.org\/fitxes\/wp-json\/wp\/v2\/tags?post=2160"}],"curies":[{"name":"wp","href":"https:\/\/api.w.org\/{rel}","templated":true}]}}