{"id":2109,"date":"2025-01-09T20:30:30","date_gmt":"2025-01-09T18:30:30","guid":{"rendered":"http:\/\/www.cdlpv.org\/fitxes\/?p=2109"},"modified":"2025-03-05T09:04:35","modified_gmt":"2025-03-05T08:04:35","slug":"badomia","status":"publish","type":"post","link":"https:\/\/www.cdlpv.org\/fitxes\/badomia\/","title":{"rendered":"badomia"},"content":{"rendered":"<figure id=\"attachment_7311\" aria-describedby=\"caption-attachment-7311\" style=\"width: 300px\" class=\"wp-caption alignleft\"><a href=\"https:\/\/www.cdlpv.org\/fitxes\/wp-content\/uploads\/2025\/01\/badomia.png\"><img loading=\"lazy\" decoding=\"async\" class=\"size-medium wp-image-7311\" src=\"https:\/\/www.cdlpv.org\/fitxes\/wp-content\/uploads\/2025\/01\/badomia-300x190.png\" alt=\"badomia\" width=\"300\" height=\"190\" srcset=\"https:\/\/www.cdlpv.org\/fitxes\/wp-content\/uploads\/2025\/01\/badomia-300x190.png 300w, https:\/\/www.cdlpv.org\/fitxes\/wp-content\/uploads\/2025\/01\/badomia.png 340w\" sizes=\"auto, (max-width: 300px) 100vw, 300px\" \/><\/a><figcaption id=\"caption-attachment-7311\" class=\"wp-caption-text\"><span style=\"font-size: 10pt;\">Fragment del llibre <em>Escalante i el teatre del segle\u00a0 <span class=\"versaleta\">xix<\/span><\/em> de Ferran Carb\u00f3, Ramon X. Rossell\u00f3 i Josep Llu\u00eds Sirera. \/ Tret de <a href=\"https:\/\/books.google.es\/books?id=D73WFsE0K8QC&amp;pg=PA83&amp;dq=badomia+escalante&amp;hl=ca&amp;newbks=1&amp;newbks_redir=0&amp;sa=X&amp;ved=2ahUKEwiyzLHvmemKAxXTA9sEHQ9aIOgQ6AF6BAgFEAI#v=onepage&amp;q=badomia%20escalante&amp;f=false\" target=\"_blank\" rel=\"noopener\">Google Llibres<\/a>.<\/span><\/figcaption><\/figure>\n<p>Segons el <abbr class=\"abbrevk\" title=\"'Diccionari general' de Francesc Ferrer Pastor\">dfpastor<\/abbr>:<\/p>\n<blockquote><p><strong>badomia<\/strong> f. Badomeria, idea disbaratada. <em>[necedad, tonter\u00eda, badomia]<\/em><\/p><\/blockquote>\n<p>Estranyament, hi ha diccionaris que encara (consulta: 09.01.2025) arrepleguen esta paraula nom\u00e9s en plural, <em>badomies<\/em>, com ara el <span class=\"versaleta\"><em>gdlc <\/em><\/span><a href=\"https:\/\/www.diccionari.cat\/GDLC\/badomies#\" target=\"_blank\" rel=\"noopener\"><i class=\"fas fa-external-link-alt\"><\/i><\/a> o el <span class=\"versaleta\"><em>diec2<\/em><\/span>. <a href=\"https:\/\/dlc.iec.cat\/Results?DecEntradaText=badomies#\" target=\"_blank\" rel=\"noopener\"><i class=\"fas fa-external-link-alt\"><\/i><\/a><\/p>\n<p>L&#8217;\u00fas en singular, encara que amb baixa freq\u00fc\u00e8ncia d&#8217;\u00fas, \u00e9s conegut al Pa\u00eds Valenci\u00e0, tal com apareix (consulta: 16.02.2019, 09.01.2025) en el <abbr class=\"abbrevk\" title=\"Diccionari catal\u00e0-valenci\u00e0-balear\">dcvb.<\/abbr> <a href=\"https:\/\/dcvb.iec.cat\/results.asp?Word=badomia&amp;Id=18878&amp;search=badomia\" target=\"_blank\" rel=\"noopener\"><i class=\"fas fa-external-link-alt\"><\/i><\/a> Emili Casanova havia indicat fea temps (\u00abEl valenci\u00e0 oral del segle <span class=\"versaleta\">xviii<\/span> i el factor hivernacle del castell\u00e0\u00bb, 1997)<a href=\"https:\/\/books.google.es\/books?id=cAuFcvvImsEC&amp;pg=PA144&amp;dq=badomia&amp;hl=ca&amp;newbks=1&amp;newbks_redir=0&amp;sa=X&amp;ved=2ahUKEwiGqsyFy-iKAxU5K_sDHWaUBl44ChDoAXoECAQQAg#v=onepage&amp;q=badomia&amp;f=false\" target=\"_blank\" rel=\"noopener\"><sup><i class=\"fab fa-google\"><\/i><\/sup><\/a> que la paraula \u00e9s coneguda passivament al Pa\u00eds Valenci\u00e0. Joan Veny i Mar Massanell (<em>Dialectologia catalana<\/em>, 2015)<sup><a href=\"https:\/\/books.google.es\/books?id=WTssCgAAQBAJ&amp;pg=PA284&amp;dq=badomia&amp;hl=ca&amp;newbks=1&amp;newbks_redir=0&amp;sa=X&amp;ved=2ahUKEwiGqsyFy-iKAxU5K_sDHWaUBl44ChDoAXoECAwQAg#v=onepage&amp;q=badomia&amp;f=false\" target=\"_blank\" rel=\"noopener\"><i class=\"fab fa-google\"><\/i><\/a><\/sup> consideren que\u00a0<em>badomia<\/em> \u00e9s un arcaisme conservat al Pa\u00eds Valenci\u00e0 perqu\u00e8 \u00e9s una \u00ab\u00e0rea lateral i tardana\u00bb d&#8217;extensi\u00f3 de la llengua.<\/p>\n<p>El <abbr class=\"abbrevk\" title=\"Diccionari normatiu valenci\u00e0\">dnv<\/abbr> tamb\u00e9 dona entrada a la forma en singular i afig una nota sobre l&#8217;\u00fas habitual en plural (tal com fa el <em>Petit diccionari 62 de la llengua catalana<\/em> de Llu\u00eds L\u00f3pez del Castillo, 2010):<sup><a href=\"https:\/\/books.google.es\/books?id=Q0DAGG40hdoC&amp;pg=PT12&amp;dq=badomia&amp;hl=ca&amp;newbks=1&amp;newbks_redir=0&amp;sa=X&amp;ved=2ahUKEwipy-jIzuiKAxUsKvsDHcKkJ-Q4PBDoAXoECAkQAg#v=onepage&amp;q=badomia&amp;f=false\" target=\"_blank\" rel=\"noopener\"><i class=\"fab fa-google\"><\/i><\/a><\/sup><\/p>\n<blockquote><p><strong>badomia <\/strong><a href=\"https:\/\/www.avl.gva.es\/lexicval\/?paraula=badomia\" target=\"_blank\" rel=\"noopener\"><i class=\"fas fa-external-link-alt\"><\/i><\/a><br \/>\n[usat generalment en plural]\n<p><em>f.<\/em> Desprop\u00f2sit, idea desbaratada.<\/p><\/blockquote>\n<p>Com a exemple d&#8217;\u00fas oral modern, hem pogut sentir la paraula en una intervenci\u00f3 parlament\u00e0ria del diputat Llu\u00eds Torr\u00f3 Gil (del <abbr class=\"sigla\" title=\"Grup parlamentari\">gp<\/abbr> Comprom\u00eds, <span class=\"versaleta\"><em>ds<\/em><\/span> 7\/<span class=\"versaleta\">vii<\/span>, 15.04.2008): <a href=\"https:\/\/www.cortsvalencianes.es\/ca-va\/activitat\/publicacions\/consulta_dsccv#dsc\/sumari\/clau\/VII%20000070%20%20%20%20CO\" target=\"_blank\" rel=\"noopener\"><i class=\"fas fa-external-link-alt\"><\/i><\/a><\/p>\n<blockquote><p>Perqu\u00e8 jo crec que, quan estem parlant d&#8217;un problema de vint-i-un anys \u2014com a poc\u2014, evidentment tots han tingut alguna quota de responsabilitat i tamb\u00e9, jo crec que no estic dient ninguna <strong>badomia<\/strong>, crec que aquells que han estat m\u00e9s temps governant, l\u00f2gicament, tindran una quota de responsabilitat molt superior respecte als altres.<\/p><\/blockquote>\n<p>Hi ha una nota interessant de Pedro \u00c1lvarez de Miranda (\u00abCela y el l\u00e9xico espa\u00f1ol\u00bb, dins <em>La colmena <\/em>de Camilo Jos\u00e9 Cela, edici\u00f3 commemorativa de la <abbr class=\"sigla\">rae<\/abbr> i l&#8217;<abbr class=\"sigla\">asale<\/abbr>, 2016),<sup><a href=\"https:\/\/books.google.es\/books?id=3mK8DAAAQBAJ&amp;pg=PT52&amp;dq=badomia&amp;hl=ca&amp;newbks=1&amp;newbks_redir=0&amp;sa=X&amp;ved=2ahUKEwiXitSD0-iKAxU5d6QEHfekPOgQ6AF6BAgLEAI#v=onepage&amp;q=badomia&amp;f=false\" target=\"_blank\" rel=\"noopener\"><i class=\"fab fa-google\"><\/i><\/a><\/sup> relacionada amb el pas d&#8217;esta paraula valenciana al castell\u00e0:<\/p>\n<blockquote><p>La palabra <em>gazafat\u00f3n<\/em> es de suyo bastante rara, pero la que quiero examinar, porque est\u00e1 hecho el art\u00edculo correspondiente del <em>Diccionario hist\u00f3rico<\/em>, es <em>badom\u00eda<\/em>, que, m\u00e1s que rara, puede decirse que, pr\u00e1cticamente, no existe en espa\u00f1ol. Cela, sin duda, vio la palabra en el diccionario de la Academia, donde estaba, y est\u00e1, con la marca de \u00abpoco usada\u00bb y la definici\u00f3n &#8216;desprop\u00f3sito, disparate\u2019. Remont\u00e1ndonos aguas atr\u00e1s encontramos que fue la edici\u00f3n de 1803 la primera en recogerla. Y gracias al <em>Diccionario hist\u00f3rico<\/em> sabemos que esa inclusi\u00f3n obedeci\u00f3 a la existencia de una c\u00e9dula guardada en los ficheros de la Academia en la que se hab\u00edan copiado un par de textos de cierto libro de principios del <span class=\"versaleta\">xvi<\/span> extremadamente raro. Tanto, que cuando se redact\u00f3 ese art\u00edculo del <em>Diccionario hist\u00f3rico<\/em> no se pudieron cotejar las citas, pues no exist\u00eda ning\u00fan ejemplar en las bibliotecas espa\u00f1olas. Los textos, en consecuencia, se citaron bas\u00e1ndose en aquella antigua papeleta. Y dec\u00edan as\u00ed:<\/p>\n<p style=\"padding-left: 40px;\">Porque en el Alcor\u00e1n se fallan tantas contralidades, y tantas hystorias trastocadas, y tantas fals\u00edas, y tantas badom\u00edas.<\/p>\n<p style=\"padding-left: 40px;\">\u00bfPues qu\u00e9 te parece, moro, desta badom\u00eda tant grande?<\/p>\n<p>Pues bien, disponemos hoy de una cuidada edici\u00f3n moderna del libro en cuesti\u00f3n, titulado <em>Confusi\u00f3n o confutaci\u00f3n de la secta mahom\u00e9tica y del Alcor\u00e1n<\/em>, obra de cierto Juan Andr\u00e9s nacido en J\u00e1tiva que pas\u00f3 de ser alfaqu\u00ed a convertirse al cristianismo y hacerse sacerdote. Esta refutaci\u00f3n de su antigua fe vio la luz en Valencia en 1515 y se conservan de ella, en efecto, tres ejemplares, uno en la British Library, otro en la Biblioteca del Congreso de Washington y otro m\u00e1s en la Biblioteca Civica de Brescia. En la edici\u00f3n moderna he podido cotejar, por fin, las dos citas, que eran perfectamente correctas, y hasta encontrar otras dos en la misma obra.<\/p>\n<p>Estamos ante un catalanismo muy ocasional; de hecho, m\u00e1s bien, ante una palabra catalano-valenciana, <em>badomia,<\/em> inserta en un contexto castellano. Recu\u00e9rdese que el autor de ese rar\u00edsimo libro, que Cela de ning\u00fan modo pudo conocer, era de J\u00e1tiva. Para la palabra catalana <em>badomia<\/em> remito al <em>Diccionari catal\u00e0-valenci\u00e0-balear<\/em> de Alcover y Moll, que la trae, y a la informaci\u00f3n que ofrece Corominas. Pero donde Cela la vio fue sin duda en el diccionario de la Academia, en el que la voz nunca deber\u00eda haber entrado, pues, insisto, no es castellana. Hubiera sido preferible que los acad\u00e9micos de 1803, desestimando aquellos pasajes, no registraran la palabra, pues las consecuencias de su celo vinieron a ser perturbadoras, al recogerla como si fuera corriente en espa\u00f1ol. As\u00ed, hasta que Cela tropez\u00f3 con ella en el diccionario.<\/p><\/blockquote>\n<p>A pesar de la indicaci\u00f3 de Camilo Jos\u00e9 Cela Conde sobre el fet que l&#8217;obra valenciana (editada al 1515) <a title=\"BICORE. Di\u00e1logo Religioso y Controversias. Biblioteca Ib\u00e9rica Digita\" href=\"https:\/\/bibliotequesbh.uab.cat\/bicore\/publiques\/obra.php?bicoreid=68\" target=\"_blank\" rel=\"noopener\"><i class=\"fas fa-external-link-alt\"><\/i><\/a> origina la introducci\u00f3 de la paraula en castell\u00e0, podem localitzar m\u00e9s documentaci\u00f3 sobre la paraula <em>badom\u00eda<\/em> en el castell\u00e0 editat aquell segle \u2014i posteriorment\u2014, com ara en <em>Primera parte de las differencias de libros que ay en el vniuerso<\/em> d&#8217;Alejo Vanegas (editat en 1540, 1572 i 1583, per\u00f2 sembla que escrit abans del 1539), on tamb\u00e9 localitzem la paraula: <sup><a title=\"1540\" href=\"https:\/\/books.google.es\/books?id=f_US4mF1tLgC&amp;pg=PP369&amp;dq=badomia&amp;hl=ca&amp;newbks=1&amp;newbks_redir=0&amp;sa=X&amp;ved=2ahUKEwi24K_gmOmKAxWK7LsIHT78DR0Q6AF6BAgGEAI#v=onepage&amp;q=badomia&amp;f=false\" target=\"_blank\" rel=\"noopener\"><i class=\"fab fa-google\"><\/i><\/a><\/sup> <sup><a title=\"1572\" href=\"https:\/\/books.google.es\/books?id=xoZJabzxF3QC&amp;newbks=1&amp;newbks_redir=0&amp;printsec=frontcover&amp;hl=ca#v=onepage&amp;q&amp;f=false\" target=\"_blank\" rel=\"noopener\"><i class=\"fab fa-google\"><\/i><\/a> <a title=\"1583\" href=\"https:\/\/books.google.es\/books?id=5WnZPV2dErcC&amp;pg=PA369&amp;dq=badomia&amp;hl=ca&amp;newbks=1&amp;newbks_redir=0&amp;sa=X&amp;ved=2ahUKEwiAl_nZ1-iKAxVn8LsIHdgoC5w4FBDoAXoECAYQAg#v=onepage&amp;q=badomia&amp;f=false\" target=\"_blank\" rel=\"noopener\"><i class=\"fab fa-google\"><\/i><\/a><\/sup><\/p>\n<blockquote>[Transcripci\u00f3 de l&#8217;edici\u00f3 de 1583] Mas como digo, pues ning\u00fan creyente estriba en raz\u00f3n humana: para convencer al gentil de su falsa idolatr\u00eda: y al moro de la <strong>Badom\u00eda<\/strong> de su secta: y al jud\u00edo de la pertinancia de ceguedad [&#8230;].<\/p><\/blockquote>\n","protected":false},"excerpt":{"rendered":"<p>Segons el dfpastor: badomia f. Badomeria, idea disbaratada. [necedad, tonter\u00eda, badomia] Estranyament, hi ha diccionaris que encara (consulta: 09.01.2025) arrepleguen esta paraula nom\u00e9s en plural, badomies, com ara el gdlc o el diec2. L&#8217;\u00fas en singular, encara que amb baixa freq\u00fc\u00e8ncia d&#8217;\u00fas, \u00e9s conegut al Pa\u00eds Valenci\u00e0, tal com apareix (consulta: 16.02.2019, 09.01.2025) en el [&hellip;]<\/p>\n","protected":false},"author":1,"featured_media":0,"comment_status":"open","ping_status":"open","sticky":false,"template":"","format":"standard","meta":{"footnotes":""},"categories":[28],"tags":[17,53,91],"class_list":["post-2109","post","type-post","status-publish","format-standard","hentry","category-lletra-b","tag-lexic","tag-revisions","tag-substantius"],"post_mailing_queue_ids":[],"_links":{"self":[{"href":"https:\/\/www.cdlpv.org\/fitxes\/wp-json\/wp\/v2\/posts\/2109","targetHints":{"allow":["GET"]}}],"collection":[{"href":"https:\/\/www.cdlpv.org\/fitxes\/wp-json\/wp\/v2\/posts"}],"about":[{"href":"https:\/\/www.cdlpv.org\/fitxes\/wp-json\/wp\/v2\/types\/post"}],"author":[{"embeddable":true,"href":"https:\/\/www.cdlpv.org\/fitxes\/wp-json\/wp\/v2\/users\/1"}],"replies":[{"embeddable":true,"href":"https:\/\/www.cdlpv.org\/fitxes\/wp-json\/wp\/v2\/comments?post=2109"}],"version-history":[{"count":30,"href":"https:\/\/www.cdlpv.org\/fitxes\/wp-json\/wp\/v2\/posts\/2109\/revisions"}],"predecessor-version":[{"id":7463,"href":"https:\/\/www.cdlpv.org\/fitxes\/wp-json\/wp\/v2\/posts\/2109\/revisions\/7463"}],"wp:attachment":[{"href":"https:\/\/www.cdlpv.org\/fitxes\/wp-json\/wp\/v2\/media?parent=2109"}],"wp:term":[{"taxonomy":"category","embeddable":true,"href":"https:\/\/www.cdlpv.org\/fitxes\/wp-json\/wp\/v2\/categories?post=2109"},{"taxonomy":"post_tag","embeddable":true,"href":"https:\/\/www.cdlpv.org\/fitxes\/wp-json\/wp\/v2\/tags?post=2109"}],"curies":[{"name":"wp","href":"https:\/\/api.w.org\/{rel}","templated":true}]}}