{"id":2097,"date":"2019-02-13T20:30:42","date_gmt":"2019-02-13T19:30:42","guid":{"rendered":"http:\/\/www.cdlpv.org\/fitxes\/?p=2097"},"modified":"2019-03-22T12:37:57","modified_gmt":"2019-03-22T11:37:57","slug":"anoserque","status":"publish","type":"post","link":"https:\/\/www.cdlpv.org\/fitxes\/anoserque\/","title":{"rendered":"a no ser que"},"content":{"rendered":"<p>Les locucions <em>a no ser que<\/em> i <em>a no ser per<\/em>: quant a estes locucions, que tenen valor condicional,\u00a0<span class=\"versaleta\"><em>mestil<\/em><\/span> (<span class=\"versaleta\">xxi<\/span>, 2.2.2.2) considera que \u00abs\u00f3n calcs innecessaris de l&#8217;espanyol\u00bb i les rebutja, tal com f\u00e9u Fabra en 1922 i 1925 (<a href=\"https:\/\/publicacions.iec.cat\/repository\/pdf\/00000155\/00000055.pdf\" target=\"_blank\" rel=\"noopener\">veg.<\/a> <em>Converses filol\u00f2giques<\/em>). <span class=\"versaleta\">lacreu<\/span> (2002)\u00a0considera <em>a no ser que<\/em>\u00a0tamb\u00e9 un calc del\u00a0castell\u00e0 i diu que cal evitar-la.<\/p>\n<p>Tampoc l&#8217;admet el Comit\u00e8 Terminol\u00f2gic de Dret, comit\u00e9 impulsat pel Termcat (\u00abConnectors conflictius en la redacci\u00f3 jur\u00eddica (I)\u00bb; consulta: 13.02.2019; <a href=\"http:\/\/www.terminologiajuridica.cat\/ca\/actualitat\/apunts\/connectors-conflictius-la-redaccio-juridica-i\" target=\"_blank\" rel=\"noopener\">22.03.2019<\/a>):<\/p>\n<blockquote>\n<table>\n<tbody>\n<tr>\n<td width=\"198\"><strong>Forma incorrecta<\/strong><\/td>\n<td width=\"368\"><strong>Formes correctes<\/strong><\/td>\n<\/tr>\n<tr>\n<td width=\"198\">sempre i quan<\/td>\n<td width=\"368\">sempre que<\/td>\n<\/tr>\n<tr>\n<td width=\"198\">a no ser que<\/td>\n<td width=\"368\">llevat que, tret que, a excepci\u00f3 que<\/td>\n<\/tr>\n<tr>\n<td width=\"198\">en relaci\u00f3 a<sup>1<\/sup><\/td>\n<td width=\"368\">en relaci\u00f3 amb, amb relaci\u00f3 a<\/td>\n<\/tr>\n<tr>\n<td width=\"198\">en el que concerneix a \u2026<\/td>\n<td width=\"368\">pel que concerneix (una cosa) (sense preposici\u00f3)<\/td>\n<\/tr>\n<tr>\n<td width=\"198\">m\u00e0xim<\/td>\n<td width=\"368\">sobretot, especialment<\/td>\n<\/tr>\n<tr>\n<td width=\"198\">en atenci\u00f3 a<sup>2<\/sup><\/td>\n<td width=\"368\">en vista de<\/td>\n<\/tr>\n<tr>\n<td width=\"198\">en ordre a<\/td>\n<td width=\"368\">amb vista a, amb la finalitat de, a l\u2019efecte de<\/td>\n<\/tr>\n<tr>\n<td colspan=\"2\">Nota 1. El <em>Diccionari normatiu valenci\u00e0<\/em> (AVL; consulta: <a href=\"http:\/\/www.avl.gva.es\/lexicval\/?paraula=relaci\u00f3\" target=\"_blank\" rel=\"noopener\">14.02.2019<\/a>) considera correcta la locuci\u00f3 preposicional <em>en relaci\u00f3 a. <\/em>Veg. la fitxa <em><a href=\"http:\/\/www.einesdellengua.com\/Fitxes\/Textos\/E\/enrelacioa.htm\" target=\"_blank\" rel=\"noopener\">en relaci\u00f3 a<\/a>.<br \/>\n<\/em>Nota 2. El <em>Diccionari normatiu valenci\u00e0 <\/em>(AVL; consulta: <a href=\"http:\/\/www.avl.gva.es\/lexicval\/?paraula=atenci\u00f3\" target=\"_blank\" rel=\"noopener\">15.02.2019<\/a>) considera correcta la locuci\u00f3 preposicional <em>en atenci\u00f3 a.<\/em><\/td>\n<\/tr>\n<\/tbody>\n<\/table>\n<\/blockquote>\n<p>En canvi, Ruaix <em>(<span class=\"versaleta\">daux<\/span>)<\/em> considera bona\u00a0<em>a no ser&#8230; <\/em>(tamb\u00e9 en la versi\u00f3 positiva <em>a ser possible<\/em>):<\/p>\n<blockquote><p><em>A ser possible&#8230; <\/em>L&#8217;infinitiu pot anar precedit de la negaci\u00f3: <em>A no ser per ell&#8230; A no ser que&#8230;<\/em><\/p><\/blockquote>\n<p>El company Xavier Rofes (21.03.2019) envia una reflexi\u00f3 sobre una passatge de la gram\u00e0tica de l&#8217;<span class=\"versaleta\">iec<\/span> que podria donar validesa per extensi\u00f3 a estes locucions:<\/p>\n<blockquote><p>Tot i que la <a title=\"http:\/\/bit.ly\/Optimot1422-4\" href=\"http:\/\/bit.ly\/Optimot1422-4\" target=\"_blank\" rel=\"noopener\" data-saferedirecturl=\"https:\/\/www.google.com\/url?q=http:\/\/bit.ly\/Optimot1422-4&amp;source=gmail&amp;ust=1553277978248000&amp;usg=AFQjCNGE_C3mr-xqtzYrCGA6KeBf9jgZ-g\"> fitxa 1422\/4<\/a> de l&#8217;Optimot diu que <i>a no ser que\u00a0<\/i>en catal\u00e0\u00a0no \u00e9s adequada i que la <em><span class=\"versaleta\">giec<\/span><\/em> no registra expl\u00edcitament l&#8217;expressi\u00f3, s\u00ed que assenyala, aquesta darrera obra, que \u00abtamb\u00e9 poden rebre una interpretaci\u00f3 condicional [\u2026] certes construccions d&#8217;infinitiu precedit de <i>a<\/i>. [\u2026] Respecte a l&#8217;infinitiu, les construccions introdu\u00efdes per <i>a<\/i>\u00a0es restringeixen a f\u00f3rmules fixades, com ara l&#8217;expressi\u00f3 <i>a jutjar per<\/i>: <i>A jutjar per les informacions rebudes, hem de creure que \u00e9s veritat<\/i>\u00a0(&#8216;si hem de jutjar per les informacions rebudes&#8217;).\u00bb (\u00a7 30.2.6d, p. 1152-1153) [Cal tenir en compte, per exemple, que \u00aba jutjar per\u00bb no figura en el <span class=\"versaleta\"><em>diec<\/em><\/span> ni el <span class=\"versaleta\"><em>dnv<\/em><\/span>.]<\/blockquote>\n","protected":false},"excerpt":{"rendered":"<p>Les locucions a no ser que i a no ser per: quant a estes locucions, que tenen valor condicional,\u00a0mestil (xxi, 2.2.2.2) considera que \u00abs\u00f3n calcs innecessaris de l&#8217;espanyol\u00bb i les rebutja, tal com f\u00e9u Fabra en 1922 i 1925 (veg. Converses filol\u00f2giques). lacreu (2002)\u00a0considera a no ser que\u00a0tamb\u00e9 un calc del\u00a0castell\u00e0 i diu que cal [&hellip;]<\/p>\n","protected":false},"author":1,"featured_media":0,"comment_status":"open","ping_status":"open","sticky":false,"template":"","format":"standard","meta":{"footnotes":""},"categories":[18],"tags":[66,12,127],"class_list":["post-2097","post","type-post","status-publish","format-standard","hentry","category-lletra-a","tag-locucions","tag-normativa","tag-xavier-rofes"],"post_mailing_queue_ids":[],"_links":{"self":[{"href":"https:\/\/www.cdlpv.org\/fitxes\/wp-json\/wp\/v2\/posts\/2097","targetHints":{"allow":["GET"]}}],"collection":[{"href":"https:\/\/www.cdlpv.org\/fitxes\/wp-json\/wp\/v2\/posts"}],"about":[{"href":"https:\/\/www.cdlpv.org\/fitxes\/wp-json\/wp\/v2\/types\/post"}],"author":[{"embeddable":true,"href":"https:\/\/www.cdlpv.org\/fitxes\/wp-json\/wp\/v2\/users\/1"}],"replies":[{"embeddable":true,"href":"https:\/\/www.cdlpv.org\/fitxes\/wp-json\/wp\/v2\/comments?post=2097"}],"version-history":[{"count":10,"href":"https:\/\/www.cdlpv.org\/fitxes\/wp-json\/wp\/v2\/posts\/2097\/revisions"}],"predecessor-version":[{"id":2214,"href":"https:\/\/www.cdlpv.org\/fitxes\/wp-json\/wp\/v2\/posts\/2097\/revisions\/2214"}],"wp:attachment":[{"href":"https:\/\/www.cdlpv.org\/fitxes\/wp-json\/wp\/v2\/media?parent=2097"}],"wp:term":[{"taxonomy":"category","embeddable":true,"href":"https:\/\/www.cdlpv.org\/fitxes\/wp-json\/wp\/v2\/categories?post=2097"},{"taxonomy":"post_tag","embeddable":true,"href":"https:\/\/www.cdlpv.org\/fitxes\/wp-json\/wp\/v2\/tags?post=2097"}],"curies":[{"name":"wp","href":"https:\/\/api.w.org\/{rel}","templated":true}]}}