{"id":2078,"date":"2019-02-04T20:30:26","date_gmt":"2019-02-04T19:30:26","guid":{"rendered":"http:\/\/www.cdlpv.org\/fitxes\/?p=2078"},"modified":"2019-02-04T14:17:45","modified_gmt":"2019-02-04T13:17:45","slug":"tabolla","status":"publish","type":"post","link":"https:\/\/www.cdlpv.org\/fitxes\/tabolla\/","title":{"rendered":"tabolla"},"content":{"rendered":"<ol>\n<li>Els diccionaris recullen l&#8217;adjectiu <em>taboll -lla <\/em>(consulta: 04.02.2019):<br \/>\n<blockquote><p><a href=\"http:\/\/www.diccionari.cat\/lexicx.jsp?GECART=0130424\" target=\"_blank\" rel=\"noopener\"><span class=\"versaleta\"><em>[GDLC]<\/em><\/span><\/a> <em>adj.<\/em> <strong>1. <\/strong>Mig madur, que ja comen\u00e7a a verolar. <em>Segar el blat taboll. Les figues tabolles s\u00f3n indigestes.<\/em><strong> \\2. <\/strong>Curt de seny; groller, descort\u00e8s.<br \/>\n<a href=\"https:\/\/dlc.iec.cat\/results.asp?txtEntrada=tabolla&amp;operEntrada=0\" target=\"_blank\" rel=\"noopener\"><span class=\"versaleta\"><em>[DIEC2]<\/em><\/span><\/a> [&#8230;] <strong>2 <\/strong><em>2 <\/em>adj. Grosser 2.<\/p><\/blockquote>\n<p>Per contra, no inclouen l&#8217;accepci\u00f3 que correspon al nom d&#8217;un dol\u00e7 t\u00edpic. Segons la versi\u00f3 de <span class=\"versaleta\"><em>colomina:<\/em><\/span><\/p>\n<blockquote><p>MDom\u00ednguez ens n&#8217;ofereix una variant, <em>+tabolla:<\/em> \u00abAbans de mesclar-les amb l&#8217;arrop, les petites llesques de carabassa, mig cuites, mig dolces, toves per dins, amb una ferma i trencadissa crosta per fora, s&#8217;oferien com una llepolia d&#8217;urg\u00e8ncia. I tenien un nom incitant: <em>tabolles<\/em> (<em>L&#8217;ullal,<\/em> 57).<\/p><\/blockquote>\n<p>Fa uns dies (21.04.2011), mon tio Agust\u00ed em recordava el plaer de menjar-ne i em contava com les feen en Carcaixent, cuites per fora en un bany d&#8217;aigua amb cal\u00e7.<\/li>\n<li>El <span class=\"versaleta\"><em>dgfpastor<\/em><\/span> s\u00ed que recull el verb que se&#8217;n deriva (per\u00f2 no el nom del dol\u00e7):<br \/>\n<blockquote><p><strong>atabollar.<\/strong> v. tr. Entrar en color la fruita en madurar, especialment les figues. \/\/ -se. Prendre color, entrar en color, per l&#8217;exposici\u00f3 al sol o per haver sofert una calor excessiva. \/\/ Astorar, torbar d&#8217;admiraci\u00f3. <em>[pasmar]<\/em><\/p><\/blockquote>\n<\/li>\n<\/ol>\n","protected":false},"excerpt":{"rendered":"<p>Els diccionaris recullen l&#8217;adjectiu taboll -lla (consulta: 04.02.2019): [GDLC] adj. 1. Mig madur, que ja comen\u00e7a a verolar. Segar el blat taboll. Les figues tabolles s\u00f3n indigestes. \\2. Curt de seny; groller, descort\u00e8s. [DIEC2] [&#8230;] 2 2 adj. Grosser 2. Per contra, no inclouen l&#8217;accepci\u00f3 que correspon al nom d&#8217;un dol\u00e7 t\u00edpic. Segons la versi\u00f3 [&hellip;]<\/p>\n","protected":false},"author":1,"featured_media":0,"comment_status":"open","ping_status":"open","sticky":false,"template":"","format":"standard","meta":{"footnotes":""},"categories":[39],"tags":[23,49,17,53,91],"class_list":["post-2078","post","type-post","status-publish","format-standard","hentry","category-lletra-t","tag-accepcions","tag-adjectius","tag-lexic","tag-revisions","tag-substantius"],"post_mailing_queue_ids":[],"_links":{"self":[{"href":"https:\/\/www.cdlpv.org\/fitxes\/wp-json\/wp\/v2\/posts\/2078","targetHints":{"allow":["GET"]}}],"collection":[{"href":"https:\/\/www.cdlpv.org\/fitxes\/wp-json\/wp\/v2\/posts"}],"about":[{"href":"https:\/\/www.cdlpv.org\/fitxes\/wp-json\/wp\/v2\/types\/post"}],"author":[{"embeddable":true,"href":"https:\/\/www.cdlpv.org\/fitxes\/wp-json\/wp\/v2\/users\/1"}],"replies":[{"embeddable":true,"href":"https:\/\/www.cdlpv.org\/fitxes\/wp-json\/wp\/v2\/comments?post=2078"}],"version-history":[{"count":1,"href":"https:\/\/www.cdlpv.org\/fitxes\/wp-json\/wp\/v2\/posts\/2078\/revisions"}],"predecessor-version":[{"id":2079,"href":"https:\/\/www.cdlpv.org\/fitxes\/wp-json\/wp\/v2\/posts\/2078\/revisions\/2079"}],"wp:attachment":[{"href":"https:\/\/www.cdlpv.org\/fitxes\/wp-json\/wp\/v2\/media?parent=2078"}],"wp:term":[{"taxonomy":"category","embeddable":true,"href":"https:\/\/www.cdlpv.org\/fitxes\/wp-json\/wp\/v2\/categories?post=2078"},{"taxonomy":"post_tag","embeddable":true,"href":"https:\/\/www.cdlpv.org\/fitxes\/wp-json\/wp\/v2\/tags?post=2078"}],"curies":[{"name":"wp","href":"https:\/\/api.w.org\/{rel}","templated":true}]}}