{"id":2042,"date":"2019-01-14T15:30:14","date_gmt":"2019-01-14T14:30:14","guid":{"rendered":"http:\/\/www.cdlpv.org\/fitxes\/?p=2042"},"modified":"2019-01-15T09:19:47","modified_gmt":"2019-01-15T08:19:47","slug":"coresponsabilitat","status":"publish","type":"post","link":"https:\/\/www.cdlpv.org\/fitxes\/coresponsabilitat\/","title":{"rendered":"coresponsabilitat"},"content":{"rendered":"<ol>\n<li>Terme que apareix en l&#8217;entrada\u00a0<em>co-<\/em> com a exemple, per\u00f2 que no t\u00e9 entrada en el <span class=\"versaleta\"><em>gdlc<\/em><\/span> (encara que s\u00ed que apareix usat en <a href=\"http:\/\/www.enciclopedia.cat\/cgi-bin\/CercaGEC3.exe?APP=CERCAPAR&amp;PAG=0001&amp;PAR=coresponsabilitat\" target=\"_blank\" rel=\"noopener\">l&#8217;enciclop\u00e8dia<\/a>: vegeu <em>sinodalitat, Joan Mart\u00ed i Alanis, pecat original<\/em> i <em>just a temps<\/em>; consulta: 17.12.2010). En canvi, el <span class=\"versaleta\"><em>gd62<\/em><\/span> s\u00ed que l&#8217;arreplega tota la fam\u00edlia: <em>coresponsabilitat, coresponsable, coresponsabilitzaci\u00f3, coresponsabilitzar-se<\/em>. Cal indicar que Josep Ruaix i Vinyet proposa (\u00abPrimeres impressions sobre la segona edici\u00f3 del DIEC\u00bb, <em>Llengua Nacional<\/em>, 60, 2007; <a href=\"http:\/\/www.iec.cat\/recull\/ficheros\/2007\/07_jul\/n4479.pdf\" target=\"_blank\" rel=\"noopener\"><span class=\"versaleta\">[pdf]<\/span><\/a>):<br \/>\n<blockquote><p>Doblar la erra en compostos com <em>coredemptor, coregent <\/em>(i <em>coreg\u00e8ncia<\/em>)<em>, coregnar <\/em>(i <em>coregnant<\/em>)<em>, coreligionari <\/em>(i, el dia que calgui<em>, <\/em>enregistrar mots tan usats com <em>corresponsable <\/em>i <em>corresponsabilitat <\/em>aix\u00ed, i no pas <em>coresponsable <\/em>i <em>coresponsabilitat<\/em>); tamb\u00e9 en <em>eradicar <\/em>(i derivats).<\/p><\/blockquote>\n<\/li>\n<li>El Cercaterm va respondre fa un temps (desembre 2002):<br \/>\n<blockquote><p>En relaci\u00f3 amb la consulta que ens heu adre\u00e7at, us podem informar que la Secci\u00f3 Filol\u00f2gica de l&#8217;IEC va acordar, en relaci\u00f3 amb el prefix <em>con-<\/em> [o <em>com-<\/em>, o <em>col-<\/em>, o <em>cor-<\/em>, o <em>co-<\/em>], de no duplicar la erra en els mots derivats formats amb el prefix <em>co-<\/em> i un mot amb erra inicial (<b>coregnar, coredemptor, corutina, coresponsabilitat<\/b>). Es mant\u00e9, per\u00f2, la doble erra en els mots que en llat\u00ed la duien: correlaci\u00f3, <b>correlat<\/b>, correlatiu, <b>correspondre<\/b>, <b>corregir<\/b>, etc. No se suprimeix cap al\u00b7lomorf d&#8217;aquest prefix. Aquest acord ja s&#8217;ha aplicat en la primera edici\u00f3 del diccionari normatiu i en el <em>Gran Diccionari de la Llengua Catalana<\/em> d&#8217;Enciclop\u00e8dia Catalana. La vostra consulta ens ha perm\u00e9s observar que en algunes entrades del Cercaterm no s&#8217;ha aplicat encara l&#8217;esmena corresponent.<\/p><\/blockquote>\n<\/li>\n<li>Posteriorment (juny del 2018;\u00a0) l&#8217;<span class=\"versaleta\">avl<\/span> va acceptar temporalment les formes amb <em>r<\/em> i amb <em>rr<\/em> en determinats casos (decisi\u00f3 que ha aplicat en el <span class=\"versaleta\"><em>dnv<\/em><\/span>; consulta:\u00a0<a href=\"http:\/\/www.avl.gva.es\/lexicval\/?paraula=corresponsabilitat\" target=\"_blank\" rel=\"noopener\"><span class=\"versaleta\">14.01.2018<\/span><\/a>):<br \/>\n<blockquote><p>Tamb\u00e9 accepta la duplicaci\u00f3 de la <em>r (rr)<\/em> en casos en qu\u00e8 apareix entre vocals precedit d\u2019un prefix o d\u2019un radical culte: <em>arr\u00edtmia, <a href=\"http:\/\/www.avl.gva.es\/lexicval\/?paraula=corresponsable\" target=\"_blank\" rel=\"noopener\">corresponsable<\/a>, erradicar<\/em> o <em>cefalorraquidi.<\/em> [&#8230;]\n<p>En tres anys, revisar\u00e0 i consensuar\u00e0 les decisions normatives amb les altres institucions corresponents de l\u2019\u00e0mbit ling\u00fc\u00edstic, amb l\u2019objectiu d\u2019aconseguir unes regles comprensibles i aplicables.<\/p><\/blockquote>\n<\/li>\n<li>En castell\u00e0, <a href=\"http:\/\/dle.rae.es\/?id=Az1v23k\" target=\"_blank\" rel=\"noopener\"><em>corresponsabilidad<\/em><\/a> en el <span class=\"versaleta\"><em>drae01<\/em><\/span>.<\/li>\n<\/ol>\n","protected":false},"excerpt":{"rendered":"<p>Terme que apareix en l&#8217;entrada\u00a0co- com a exemple, per\u00f2 que no t\u00e9 entrada en el gdlc (encara que s\u00ed que apareix usat en l&#8217;enciclop\u00e8dia: vegeu sinodalitat, Joan Mart\u00ed i Alanis, pecat original i just a temps; consulta: 17.12.2010). En canvi, el gd62 s\u00ed que l&#8217;arreplega tota la fam\u00edlia: coresponsabilitat, coresponsable, coresponsabilitzaci\u00f3, coresponsabilitzar-se. Cal indicar que [&hellip;]<\/p>\n","protected":false},"author":1,"featured_media":0,"comment_status":"open","ping_status":"open","sticky":false,"template":"","format":"standard","meta":{"footnotes":""},"categories":[14],"tags":[17,21],"class_list":["post-2042","post","type-post","status-publish","format-standard","hentry","category-lletra-c","tag-lexic","tag-revisions-2001"],"post_mailing_queue_ids":[],"_links":{"self":[{"href":"https:\/\/www.cdlpv.org\/fitxes\/wp-json\/wp\/v2\/posts\/2042","targetHints":{"allow":["GET"]}}],"collection":[{"href":"https:\/\/www.cdlpv.org\/fitxes\/wp-json\/wp\/v2\/posts"}],"about":[{"href":"https:\/\/www.cdlpv.org\/fitxes\/wp-json\/wp\/v2\/types\/post"}],"author":[{"embeddable":true,"href":"https:\/\/www.cdlpv.org\/fitxes\/wp-json\/wp\/v2\/users\/1"}],"replies":[{"embeddable":true,"href":"https:\/\/www.cdlpv.org\/fitxes\/wp-json\/wp\/v2\/comments?post=2042"}],"version-history":[{"count":2,"href":"https:\/\/www.cdlpv.org\/fitxes\/wp-json\/wp\/v2\/posts\/2042\/revisions"}],"predecessor-version":[{"id":2044,"href":"https:\/\/www.cdlpv.org\/fitxes\/wp-json\/wp\/v2\/posts\/2042\/revisions\/2044"}],"wp:attachment":[{"href":"https:\/\/www.cdlpv.org\/fitxes\/wp-json\/wp\/v2\/media?parent=2042"}],"wp:term":[{"taxonomy":"category","embeddable":true,"href":"https:\/\/www.cdlpv.org\/fitxes\/wp-json\/wp\/v2\/categories?post=2042"},{"taxonomy":"post_tag","embeddable":true,"href":"https:\/\/www.cdlpv.org\/fitxes\/wp-json\/wp\/v2\/tags?post=2042"}],"curies":[{"name":"wp","href":"https:\/\/api.w.org\/{rel}","templated":true}]}}