{"id":2033,"date":"2019-01-09T20:30:50","date_gmt":"2019-01-09T19:30:50","guid":{"rendered":"http:\/\/www.cdlpv.org\/fitxes\/?p=2033"},"modified":"2020-12-12T21:36:14","modified_gmt":"2020-12-12T19:36:14","slug":"potim","status":"publish","type":"post","link":"https:\/\/www.cdlpv.org\/fitxes\/potim\/","title":{"rendered":"potim"},"content":{"rendered":"<p>El substantiu <em>potim<\/em> i el verb derivat <em>empotimar<\/em> no apareixen en els diccionaris habituals. S\u00ed que apareix en el <a href=\"http:\/\/dcvb.iec.cat\/results.asp?Word=potim&amp;Id=113683&amp;search=potim\" target=\"_blank\" rel=\"noopener\"><em><span class=\"versaleta\">dcvb<\/span><\/em><\/a>:<\/p>\n<blockquote>\n<p class=\"body\"><strong><span class=\"title\">POTIM <\/span><\/strong><i>m.<\/i><br \/>\nPintura molt basta emprada per a pintar els plans de les gavarres (Val., ap. Misc. Fabra 320).<\/p>\n<\/blockquote>\n<p>L&#8217;accepci\u00f3 ha patit alguna variaci\u00f3 sem\u00e0ntica territorialment, tal com documenta Joaquim Mart\u00ed Mestre en \u00abEl l\u00e8xic popular valenci\u00e0 en la literatura de les primeres d\u00e8cades del segle XX: l&#8217;aportaci\u00f3 de Faust Hern\u00e1ndez Casajuana\u00bb (<em>Caplletra <\/em>59, 2015;\u00a0consulta: <a href=\"https:\/\/www.google.com\/url?sa=t&amp;rct=j&amp;q=&amp;esrc=s&amp;source=web&amp;cd=2&amp;cad=rja&amp;uact=8&amp;ved=2ahUKEwjG3LX-sODfAhWO1-AKHX0FAeMQFjABegQIARAC&amp;url=https%3A%2F%2Fwww.raco.cat%2Findex.php%2FCaplletra%2Farticle%2Fdownload%2F299621%2F394379&amp;usg=AOvVaw0b-QzZPXHZla9D1gF1aWhz\" target=\"_blank\" rel=\"noopener\">09.01.2019<\/a>):<\/p>\n<blockquote><p><i>Potim<\/i>: \u00ab\u2014Yo la vacune a vost\u00e9 contra la pigota [&#8230;] \u2014Mire (<i>Traguent d\u2019un bolso que porta<\/i>), as\u00ed est\u00e0 el canonet del <i>potim<\/i>, esta la llanseta, as\u00ed el cot\u00f3\u00b7n p\u00e8l y la botella de l\u2019esperit pa llavar-me-u\u00bb (<i>Capitul\u00e9 Tonico<\/i>, 1918 [1917], 10), pel medicament, la vacuna, que li administra; i <i>empotinament <\/i>(text <i>ampotinamientos<\/i>, castellanitzat): \u00abMira, M\u00edlia, no espigoles, que aluego tienes <i>ampotinamientos <\/i>en el est\u00f3mago. \u00a1Es m\u00e1s ll\u00e9pola!\u00bb (<i>\u00a1M\u2019he deixat&#8230;<\/i>, 19), en boca d\u2019una antiga venedora de tanda del mercat, que parla un castell\u00e0 ple de catalanismes, la qual adverteix la seua filla que si mescla tants fruits secs, se li embrutar\u00e0 l\u2019est\u00f3mac. En val. es coneix <i>potim <\/i>\u2018esp\u00e8cie de quitr\u00e0 molt tou, i que per tant ja no cal escalfar, per aplicar-lo a les barques de l\u2019Albufera\u2019 (El Palmar, 1962), \u2018pintura molt basta emprada per a pintar els plans de les gavarres\u2019 (<i>DCVB<\/i>; <i>DECat<\/i>, vi: 764), conegut tamb\u00e9 com a sin\u00f2nim d\u2019<i>asfalt<\/i>; juntament amb <i>empotimar <\/i>\u2018asfaltar (els carrers)\u2019 (Sollana) (&lt;<a href=\"http:\/\/sapsquevulldirte.blogspot.com.es\/2009\/10\/\" target=\"_blank\" rel=\"noopener\">http:\/\/sapsquevulldirte.blogspot.com.es\/2009\/10\/<\/a>&gt;), i el postverbal <i>empotima <\/i>\u2018empastre\u2019: \u00abla paella valenciana no lleva ni ajo ni pimiento ni costillas de cerdo; eso en mi tierra es una <i>empotima<\/i>\u00bb (&lt;<a href=\"http:\/\/www.youtube.com\/watch?v=4k8P1NuuJbE\" target=\"_blank\" rel=\"noopener\">http:\/\/www.youtube.com\/watch?v=4k8P1NuuJbE<\/a>&gt;); a Olot <i>empotinar <\/i>\u2018embrutar\u2019 (<i>DCVB<\/i>). Segons el <i>DECat <\/i>(vi: 762-765), mots derivats de <i>potina <\/i>\u00abnom dialectal d\u2019una barreja fastigosa de menjars o begudes\u00bb, d\u2019un llat\u00ed <span class=\"versaleta\">*pultina<\/span>, der. de <span class=\"versaleta\">p\u016dls<\/span>, p\u016dltis \u2018farinetes, farro\u2019. [&#8230;]\n<p>L\u2019estudi d\u2019alguns dels mots usats per Faust Hern\u00e1ndez ens ha perm\u00e9s aportar novetats respecte als grans diccionaris hist\u00f2rics i etimol\u00f2gics, cas de <i>blavet<\/i>, <i>bufan\u00favols<\/i>, <i>mante<\/i>, <i>mec<\/i>, <i>miconina<\/i>, <i>carquinyolar<\/i>, <i>malb\u00e9<\/i>, <i>potim <\/i>i <i>empotimar<\/i>, <i>puf<\/i>, entre altres.<\/p><\/blockquote>\n<p>He pogut documentar la paraula i el verb en estes accepcions (&#8216;asfalt&#8217; i &#8216;asfaltar&#8217;)\u00a0a la Ribera com a usuals encara (Almussafes-Massanassa, 2011: \u00abTeatre a Massanassa. Els escenaris\u00bb de Merc\u00e9 Estrela Tena; Sollana, 2018: informants de 87, 82 i 52 anys).<\/p>\n","protected":false},"excerpt":{"rendered":"<p>El substantiu potim i el verb derivat empotimar no apareixen en els diccionaris habituals. S\u00ed que apareix en el dcvb: POTIM m. Pintura molt basta emprada per a pintar els plans de les gavarres (Val., ap. Misc. Fabra 320). L&#8217;accepci\u00f3 ha patit alguna variaci\u00f3 sem\u00e0ntica territorialment, tal com documenta Joaquim Mart\u00ed Mestre en \u00abEl l\u00e8xic [&hellip;]<\/p>\n","protected":false},"author":1,"featured_media":0,"comment_status":"open","ping_status":"open","sticky":false,"template":"","format":"standard","meta":{"footnotes":""},"categories":[50],"tags":[17],"class_list":["post-2033","post","type-post","status-publish","format-standard","hentry","category-lletra-p","tag-lexic"],"post_mailing_queue_ids":[],"_links":{"self":[{"href":"https:\/\/www.cdlpv.org\/fitxes\/wp-json\/wp\/v2\/posts\/2033","targetHints":{"allow":["GET"]}}],"collection":[{"href":"https:\/\/www.cdlpv.org\/fitxes\/wp-json\/wp\/v2\/posts"}],"about":[{"href":"https:\/\/www.cdlpv.org\/fitxes\/wp-json\/wp\/v2\/types\/post"}],"author":[{"embeddable":true,"href":"https:\/\/www.cdlpv.org\/fitxes\/wp-json\/wp\/v2\/users\/1"}],"replies":[{"embeddable":true,"href":"https:\/\/www.cdlpv.org\/fitxes\/wp-json\/wp\/v2\/comments?post=2033"}],"version-history":[{"count":4,"href":"https:\/\/www.cdlpv.org\/fitxes\/wp-json\/wp\/v2\/posts\/2033\/revisions"}],"predecessor-version":[{"id":3540,"href":"https:\/\/www.cdlpv.org\/fitxes\/wp-json\/wp\/v2\/posts\/2033\/revisions\/3540"}],"wp:attachment":[{"href":"https:\/\/www.cdlpv.org\/fitxes\/wp-json\/wp\/v2\/media?parent=2033"}],"wp:term":[{"taxonomy":"category","embeddable":true,"href":"https:\/\/www.cdlpv.org\/fitxes\/wp-json\/wp\/v2\/categories?post=2033"},{"taxonomy":"post_tag","embeddable":true,"href":"https:\/\/www.cdlpv.org\/fitxes\/wp-json\/wp\/v2\/tags?post=2033"}],"curies":[{"name":"wp","href":"https:\/\/api.w.org\/{rel}","templated":true}]}}