{"id":1889,"date":"2018-08-17T20:30:01","date_gmt":"2018-08-17T19:30:01","guid":{"rendered":"http:\/\/www.cdlpv.org\/fitxes\/?p=1889"},"modified":"2018-08-17T10:48:27","modified_gmt":"2018-08-17T09:48:27","slug":"respondre","status":"publish","type":"post","link":"https:\/\/www.cdlpv.org\/fitxes\/respondre\/","title":{"rendered":"respondre"},"content":{"rendered":"<p>La normativa actual ha acceptat que el r\u00e8gim del verb <em>respondre<\/em> tinga la possibilitat que la versi\u00f3 transitiva incloga com a complement directe no sols all\u00f2 que es respon sin\u00f3 tamb\u00e9\u00a0all\u00f2 a qu\u00e8 es respon. De moment, els diccionaris m\u00e9s comuns no recullen eixa difer\u00e8ncia, per\u00f2 s\u00ed que apareix en la <span class=\"versaleta\"><em>giec<\/em><\/span> (21.3.5.<em>a<\/em>):<\/p>\n<blockquote><p>Una colla de verbs admeten la construcci\u00f3 transitiva i la preposicional, sovint amb alguna difer\u00e8ncia sem\u00e0ntica: <em>Contesta\/respon totes les preguntes<\/em> i <em>Contesta\/respon a totes les preguntes<\/em>.<\/p><\/blockquote>\n<p>Segons la gram\u00e0tica de l&#8217;<span class=\"versaleta\">iec<\/span>, tamb\u00e9 presenten esta possibilitat els verbs <em>pledejar, arremetre<\/em> o <em>habitar.<\/em><\/p>\n<p>La <a href=\"https:\/\/www.avl.gva.es\/documents\/31595\/32337\/Gram%C3%A0tica+normativa+valenciana\/825a1c69-34c9-43b6-83f9-7a527a2833e3\" target=\"_blank\" rel=\"noopener\"><em><span class=\"versaleta\">gnv<\/span><\/em><\/a> de l&#8217;<span class=\"versaleta\">avl<\/span> no comenta res sobre esta possibilitat del verb <em>respondre,<\/em> per\u00f2 s\u00ed que inclou un exemple en el mateix sentit (26.4.3.1.<em>b<\/em>): \u00abCom a m\u00ednim, s\u2019han de respondre la mitat de les preguntes.\u00bb<\/p>\n<p>Els diccionaris, de moment, no han incorporat encara eixa opci\u00f3, habitual en l&#8217;\u00fas general i documentada\u00a0des de l&#8217;inici del segle <span class=\"versaleta\">xix<\/span>, tal\u00a0com podem observar en el mateix Pompeu Fabra (10.11.1923):<\/p>\n<blockquote><p>Els lectors habituals de les nostres converses ens agrairan sens dubte que no ens entretinguem ac\u00ed a <strong>respondre<\/strong> preguntes, com aquestes, sobre q\u00fcestions ja resoltes.<\/p><\/blockquote>\n","protected":false},"excerpt":{"rendered":"<p>La normativa actual ha acceptat que el r\u00e8gim del verb respondre tinga la possibilitat que la versi\u00f3 transitiva incloga com a complement directe no sols all\u00f2 que es respon sin\u00f3 tamb\u00e9\u00a0all\u00f2 a qu\u00e8 es respon. De moment, els diccionaris m\u00e9s comuns no recullen eixa difer\u00e8ncia, per\u00f2 s\u00ed que apareix en la giec (21.3.5.a): Una colla [&hellip;]<\/p>\n","protected":false},"author":1,"featured_media":0,"comment_status":"open","ping_status":"open","sticky":false,"template":"","format":"standard","meta":{"footnotes":""},"categories":[44],"tags":[32,86,12,62],"class_list":["post-1889","post","type-post","status-publish","format-standard","hentry","category-lletra-r","tag-avl","tag-giec","tag-normativa","tag-verbs"],"post_mailing_queue_ids":[],"_links":{"self":[{"href":"https:\/\/www.cdlpv.org\/fitxes\/wp-json\/wp\/v2\/posts\/1889","targetHints":{"allow":["GET"]}}],"collection":[{"href":"https:\/\/www.cdlpv.org\/fitxes\/wp-json\/wp\/v2\/posts"}],"about":[{"href":"https:\/\/www.cdlpv.org\/fitxes\/wp-json\/wp\/v2\/types\/post"}],"author":[{"embeddable":true,"href":"https:\/\/www.cdlpv.org\/fitxes\/wp-json\/wp\/v2\/users\/1"}],"replies":[{"embeddable":true,"href":"https:\/\/www.cdlpv.org\/fitxes\/wp-json\/wp\/v2\/comments?post=1889"}],"version-history":[{"count":2,"href":"https:\/\/www.cdlpv.org\/fitxes\/wp-json\/wp\/v2\/posts\/1889\/revisions"}],"predecessor-version":[{"id":1891,"href":"https:\/\/www.cdlpv.org\/fitxes\/wp-json\/wp\/v2\/posts\/1889\/revisions\/1891"}],"wp:attachment":[{"href":"https:\/\/www.cdlpv.org\/fitxes\/wp-json\/wp\/v2\/media?parent=1889"}],"wp:term":[{"taxonomy":"category","embeddable":true,"href":"https:\/\/www.cdlpv.org\/fitxes\/wp-json\/wp\/v2\/categories?post=1889"},{"taxonomy":"post_tag","embeddable":true,"href":"https:\/\/www.cdlpv.org\/fitxes\/wp-json\/wp\/v2\/tags?post=1889"}],"curies":[{"name":"wp","href":"https:\/\/api.w.org\/{rel}","templated":true}]}}