{"id":1866,"date":"2018-08-31T09:31:34","date_gmt":"2018-08-31T08:31:34","guid":{"rendered":"http:\/\/www.cdlpv.org\/fitxes\/?p=1866"},"modified":"2018-08-31T09:51:04","modified_gmt":"2018-08-31T08:51:04","slug":"gerundi-predicatiu-sn","status":"publish","type":"post","link":"https:\/\/www.cdlpv.org\/fitxes\/gerundi-predicatiu-sn\/","title":{"rendered":"gerundi predicatiu del sintagma nominal"},"content":{"rendered":"<ol>\n<li>El gerundi utilitzat per a complementar un sintagma nominal amb una indicaci\u00f3\u00a0circumstancial de manera o de simultane\u00eftat,\u00a0patix una regulaci\u00f3 normativa que pret\u00e9n restringir-ne l&#8217;\u00fas en alguns casos amb unes condicions que no s\u00f3n clares ni del tot coincidents entre les institucions normatives.<br \/>\nLa idea de fons de la regulaci\u00f3 t\u00e9 la intenci\u00f3 d&#8217;evitar que s&#8217;utilitze com a gerundi de posterioritat o per a introduir una conseq\u00fc\u00e8ncia de l&#8217;acci\u00f3 expressada pel verb principal. En va parlar Pompeu Fabra en una quinzena de <a href=\"https:\/\/publicacions.iec.cat\/repository\/pdf\/00000155\/00000055.pdf\" target=\"_blank\" rel=\"noopener\">converses<\/a> (597, 618, 623 ,626, 627, 674, 696, 697, 698, 699, 700, 703, 704, 818, 838). Fabra\u00a0es va esfor\u00e7ar repetidament per tal d&#8217;aconseguir que no s&#8217;utilitzara un recurs estil\u00edstic habitual de la llengua escrita en premsa (i en \u00e0mbits jur\u00eddics i administratius) que consistix a utilitzar el gerundi per a expressar valors de posterioritat (\u00abArribaren a casa seva trobant* el pare fora\u00bb),\u00a0de conseq\u00fc\u00e8ncia (\u00abNo s\u2019ha trobat cap n\u00e0ufrag ni el m\u00e9s petit vestigi del M., havent-se* susp\u00e8s els treballs de salvament\u00bb),\u00a0de nexe <a href=\"http:\/\/www.avl.gva.es\/lexicval\/?paraula=copulatiu\" target=\"_blank\" rel=\"noopener\">copulatiu<\/a> innecessari entre oracions (\u00abL\u2019acte de l\u2019enterrament fou molt concorregut, havent*-lo presidit el seu fill X\u00bb) o en compte d&#8217;una oraci\u00f3 de relatiu especificativa (\u00abResoluci\u00f3 declarant* el paratge de la Marina zona no urbanitzable\u00bb).<\/li>\n<li>Segons indica Ave\u0140lina Su\u00f1er (<span class=\"versaleta\"><em>gcc<\/em><\/span> 29.1.2), poden dur un gerundi com a adjunt al sintagma nominal els noms de percepci\u00f3 (<em>cara, foto, imatge, record, visi\u00f3,<\/em> etc.), els que indiquen possessi\u00f3 inalienable (<em>altura, aspecte, cara, pes, rostre, veu,<\/em> etc.) i els de comunicaci\u00f3 (<em>carta, crit, escrit, missatge, notificaci\u00f3, paraules,<\/em> etc.). L&#8217;autora utilitza els exemples seg\u00fcents:<br \/>\n<blockquote><p>No em puc treure del cap la imatge d&#8217;aquell nen <em>mirant-me fixament<br \/>\n<\/em>Les paraules del Sant Pare <em>demanant la pau per al m\u00f3n<\/em> han sortit a tots els diaris<\/p><\/blockquote>\n<\/li>\n<li>La <span class=\"versaleta\"><em>gnv<\/em><\/span> (28.6.2.<em>d<\/em>) d\u00f3na la indicaci\u00f3 seg\u00fcent en el mateix sentit:<br \/>\n<blockquote><p><em>d<\/em>) El gerundi pot usar-se amb un valor adverbial de manera amb determinats substantius:<br \/>\n<em>Les paraules del president del club <\/em><em>encoratjant <\/em><em>els jugadors foren molt efectives<\/em>.<br \/>\n<em>L\u2019entrada del jugador <\/em><em>vestint <\/em><em>la roba de l\u2019equip contrari<\/em>. (com a peu de foto)<\/p>\n<hr \/>\n<p><span class=\"versaleta\">observaci\u00f3:<\/span> En general es tracta de determinats substantius deverbals (<em>entrada<\/em>, <em>eixida<\/em>, etc.) o substantius d\u2019altres tipus, com ara els de percepci\u00f3 (<em>vista<\/em>, <em>imatge<\/em>, <em>foto<\/em>, etc.), comunicaci\u00f3 (<em>carta<\/em>, <em>escrit<\/em>, <em>paraula<\/em>, etc.), parts o atributs del cos (<em>cara<\/em>, <em>veu<\/em>, <em>aspecte<\/em>, etc.) No \u00e9s adequat, en canvi, usar-lo com a modificador d\u2019un substantiu amb el valor adjectival propi de les oracions de relatiu especificatives:<\/p>\n<table>\n<tbody>\n<tr>\n<td width=\"240\"><em>El govern ha aprovat un decret <\/em><strong><em>que regula <\/em><\/strong><em>els estudis universitaris<\/em>.<\/td>\n<td style=\"text-align: center;\" width=\"76\">i no<\/td>\n<td width=\"240\"><em>El govern ha aprovat un decret <\/em><em><strong>regulant<\/strong> <\/em><em>els estudis universitaris<\/em>.<\/td>\n<\/tr>\n<tr>\n<td width=\"240\"><em>L\u2019administrador de la finca va enviar un escrit <\/em><strong><em>que resumia <\/em><\/strong><em>els acords adoptats pels ve\u00efns<\/em>.<\/td>\n<td style=\"text-align: center;\" width=\"76\">i no<\/td>\n<td width=\"240\"><em>L\u2019administrador de la finca va enviar un escrit <\/em><em><strong>resumint<\/strong> <\/em><em>els acords adoptats pels ve\u00efns<\/em>.<\/td>\n<\/tr>\n<\/tbody>\n<\/table>\n<\/blockquote>\n<\/li>\n<li>La <span class=\"versaleta\"><em>giec<\/em><\/span> (32.3.5) fa unes recomanacions m\u00e9s extenses i un poc diferents.\u00a0Indica que admeten l&#8217;\u00fas del gerundi predicatiu dins un sintagma nominal:<br \/>\n<blockquote>\n<ol>\n<li>Els noms relacionats amb verbs que accepten ser modificats per un gerundi predicatiu. Per exemple, <em>arribada<\/em> i <em>filmaci\u00f3<\/em>. En 32.3.4 hi ha un petit repertori dels verbs d&#8217;este tipus:\n<ol style=\"list-style-type: lower-alpha;\">\n<li>Verbs de percepci\u00f3 f\u00edsica o intel\u00b7lectual: <em>imaginar-se, notar, recordar, sentir, veure&#8230;<\/em><\/li>\n<li>Verbs de representaci\u00f3: <em>descriure, dibuixar, filmar, representar&#8230; <\/em>(Els noms de representaci\u00f3 relacionats serien: <em>aquare\u0140la, dibuix, fotografia, imatge, representaci\u00f3, retrat&#8230;<\/em>)<\/li>\n<li>Verbs de descoberta: <em>agarrar, descobrir, enxampar, sorprendre, trobar&#8230;<\/em><\/li>\n<li>Verbs d&#8217;esfor\u00e7 psicol\u00f2gic: <em>aguantar, suportar&#8230;<\/em><\/li>\n<li>Altres verbs com ara: <em>apar\u00e8ixer, <\/em><em>deixar, haver-hi, portar, quedar, tenir, <\/em><em>voler&#8230;<\/em><\/li>\n<\/ol>\n<\/li>\n<li>Els sintagmes nominals usats com a t\u00edtols d&#8217;un quadre, d&#8217;un film o d&#8217;una obra liter\u00e0ria, peus d&#8217;i\u0140lustraci\u00f3, etc.<\/li>\n<li>Els noms que designen un so o un soroll: <em>crit, remor, terrabastall, veu&#8230;<\/em><\/li>\n<li>Els noms de percepci\u00f3 visual: <em>imatge, record, imatge&#8230;<\/em><\/li>\n<li>Els noms de percepci\u00f3 olfactiva: <em>aroma, flaire, olor, pudor&#8230;<\/em><\/li>\n<li>Els noms que designen un canal de comunicaci\u00f3 en el cas que\u00a0duguen un complement que\u00a0precedixca el gerundi i, a m\u00e9s,\u00a0en pres\u00e8ncia\u00a0d&#8217;un verb que expresse aparici\u00f3 (<em>apar\u00e8ixer, sortir, eixir&#8230;<\/em>). Exemples:<br \/>\n<table style=\"height: 128px;\" width=\"556\">\n<tbody>\n<tr style=\"height: 59px;\">\n<td style=\"width: 266.23px; height: 59px;\"><em>Ha aparegut un ban de l&#8217;alcalde prohibint l&#8217;alcohol.<\/em><\/td>\n<td style=\"width: 85.55px; height: 59px; text-align: center;\">i no<\/td>\n<td style=\"width: 266.22px; height: 59px;\"><em>Han llegit un ban de l&#8217;alcalde prohibint l&#8217;alcohol.<\/em><\/td>\n<\/tr>\n<tr style=\"height: 69px;\">\n<td style=\"width: 266.23px; height: 69px;\"><em>Per aquells dies sort\u00ed un edicte de C\u00e8sar August ordenant que es fes el cens.<\/em><\/td>\n<td style=\"width: 85.55px; height: 69px; text-align: center;\">i no<\/td>\n<td style=\"width: 266.22px; height: 69px;\"><em>Era un edicte de C\u00e8sar August ordenant que es fes el cens.<\/em><\/td>\n<\/tr>\n<\/tbody>\n<\/table>\n<\/li>\n<\/ol>\n<\/blockquote>\n<p>Per tant, la <span class=\"versaleta\"><em>giec<\/em><\/span> considera que no \u00e9s aconsellable, fora d&#8217;eixe context, fer \u00fas del \u00abgerundi en el complement del nom dels sintagmes nominals formats per un nom que designi un canal de comunicaci\u00f3\u00bb (<em>ban, brindis, carta, cartell, document, escrit, mossatge, ordre, resoluci\u00f3, trucada, sent\u00e8ncia&#8230;<\/em>). En este cas, tal com indica la <em><span class=\"versaleta\">gnv<\/span><\/em>, la <span class=\"versaleta\"><em>giec<\/em><\/span>\u00a0preferix \u00abuna oraci\u00f3 de relatiu restrictiva, un sintagma preposicional encap\u00e7alat per la preposici\u00f3 <em>amb<\/em> o un sintagma adjectival\u00bb. Exemples:<\/p>\n<blockquote><p><em>Hi ha un cartell <\/em>{<em>que avisa \/ en qu\u00e8 s&#8217;avisa<\/em>} <em>que no es pot passar<\/em> [i no {<em>avisant<\/em>}<em>]<\/em><\/p>\n<p><em>\u00c9s un ban <\/em>{<em>que prohibeix fer foc \/ amb la prohibici\u00f3 de fer foc<\/em>} [i no {<em>prohibint<\/em>}<em>]<\/em><\/p>\n<p><em>\u00c9s una sent\u00e8ncia {<em>absolut\u00f2ria de l&#8217;acusat \/ que absol l&#8217;acusat<\/em>} [i no {<em>absolent<\/em>}<em>]<\/em><\/em><\/p><\/blockquote>\n<p>Amb tot, podem vore una petita discrep\u00e0ncia de mat\u00eds entre la la <em><span class=\"versaleta\">gnv<\/span><\/em> i la <span class=\"versaleta\"><em>giec<\/em><\/span> respecte als noms que designen un canal de comunicaci\u00f3 en construccions de relatiu especificatives: la <em><span class=\"versaleta\">gnv<\/span><\/em>\u00a0no les admet; la <span class=\"versaleta\"><em>giec<\/em><\/span> les salva si depenen d&#8217;un verb que expresse aparici\u00f3:<\/p>\n<table style=\"width: 795px;\">\n<tbody>\n<tr>\n<td style=\"width: 362.71px; text-align: center;\"><em><span class=\"versaleta\">gnv<\/span><\/em><\/td>\n<td style=\"width: 388.29px; text-align: center;\"><em><span class=\"versaleta\">giec<\/span><\/em><\/td>\n<\/tr>\n<tr>\n<td style=\"width: 362.71px;\"><em>Ha aparegut un ban de l&#8217;alcalde {que prohibix} l&#8217;alcohol [i no {<strong>prohibint<\/strong>}]<\/em><\/td>\n<td style=\"width: 388.29px;\"><em>Ha aparegut un ban de l&#8217;alcalde <strong>prohibint<\/strong> l&#8217;alcohol<\/em><\/td>\n<\/tr>\n<tr>\n<td style=\"width: 362.71px;\"><em>El govern ha aprovat un decret <\/em><strong><em>regulant* <\/em><\/strong><em>els estudis universitaris &gt; <\/em><em>El govern ha aprovat un decret <strong>que regula <\/strong>els estudis universitaris<\/em><\/td>\n<td style=\"width: 388.29px;\"><em>El govern ha aprovat un decret <strong>regulant* <\/strong>els estudis universitaris &gt; <\/em><em>El govern ha aprovat un decret <strong>que regula <\/strong>els estudis universitaris<\/em><\/td>\n<\/tr>\n<\/tbody>\n<\/table>\n<\/li>\n<\/ol>\n","protected":false},"excerpt":{"rendered":"<p>El gerundi utilitzat per a complementar un sintagma nominal amb una indicaci\u00f3\u00a0circumstancial de manera o de simultane\u00eftat,\u00a0patix una regulaci\u00f3 normativa que pret\u00e9n restringir-ne l&#8217;\u00fas en alguns casos amb unes condicions que no s\u00f3n clares ni del tot coincidents entre les institucions normatives. La idea de fons de la regulaci\u00f3 t\u00e9 la intenci\u00f3 d&#8217;evitar que s&#8217;utilitze [&hellip;]<\/p>\n","protected":false},"author":1,"featured_media":0,"comment_status":"open","ping_status":"open","sticky":false,"template":"","format":"standard","meta":{"footnotes":""},"categories":[41],"tags":[12,116,62],"class_list":["post-1866","post","type-post","status-publish","format-standard","hentry","category-lletra-g","tag-normativa","tag-predicatius","tag-verbs"],"post_mailing_queue_ids":[],"_links":{"self":[{"href":"https:\/\/www.cdlpv.org\/fitxes\/wp-json\/wp\/v2\/posts\/1866","targetHints":{"allow":["GET"]}}],"collection":[{"href":"https:\/\/www.cdlpv.org\/fitxes\/wp-json\/wp\/v2\/posts"}],"about":[{"href":"https:\/\/www.cdlpv.org\/fitxes\/wp-json\/wp\/v2\/types\/post"}],"author":[{"embeddable":true,"href":"https:\/\/www.cdlpv.org\/fitxes\/wp-json\/wp\/v2\/users\/1"}],"replies":[{"embeddable":true,"href":"https:\/\/www.cdlpv.org\/fitxes\/wp-json\/wp\/v2\/comments?post=1866"}],"version-history":[{"count":23,"href":"https:\/\/www.cdlpv.org\/fitxes\/wp-json\/wp\/v2\/posts\/1866\/revisions"}],"predecessor-version":[{"id":1940,"href":"https:\/\/www.cdlpv.org\/fitxes\/wp-json\/wp\/v2\/posts\/1866\/revisions\/1940"}],"wp:attachment":[{"href":"https:\/\/www.cdlpv.org\/fitxes\/wp-json\/wp\/v2\/media?parent=1866"}],"wp:term":[{"taxonomy":"category","embeddable":true,"href":"https:\/\/www.cdlpv.org\/fitxes\/wp-json\/wp\/v2\/categories?post=1866"},{"taxonomy":"post_tag","embeddable":true,"href":"https:\/\/www.cdlpv.org\/fitxes\/wp-json\/wp\/v2\/tags?post=1866"}],"curies":[{"name":"wp","href":"https:\/\/api.w.org\/{rel}","templated":true}]}}