{"id":1857,"date":"2018-08-07T20:30:55","date_gmt":"2018-08-07T19:30:55","guid":{"rendered":"http:\/\/www.cdlpv.org\/fitxes\/?p=1857"},"modified":"2018-08-07T09:45:35","modified_gmt":"2018-08-07T08:45:35","slug":"negocial","status":"publish","type":"post","link":"https:\/\/www.cdlpv.org\/fitxes\/negocial\/","title":{"rendered":"negocial"},"content":{"rendered":"<p>Esta adjectiu no apareix encara definit en els diccionaris habituals en catal\u00e0, tot i que s\u00ed que apareix utilitzat en diverses entrades del <em>Diccionari jur\u00eddic<\/em> de l&#8217;<span class=\"versaleta\">iec<\/span> (consulta: <a href=\"http:\/\/cit.iec.cat\/DJC\/default.asp\" target=\"_blank\" rel=\"noopener\">07.08.2018<\/a>)\u00a0com ara en <em>acte propi, anul\u00b7labilitat, cap\u00edtols matrimonials, causa de contracte<\/em> o<em>\u00a0frau de creditors:<\/em><\/p>\n<blockquote><p><strong>frau de creditors<\/strong> <em>c. nom. m.<\/em> DRET CIVIL Catalunya<br \/>\nCausa d\u2019inefic\u00e0cia contractual o negocial.<\/p><\/blockquote>\n<p>De moment, els he consultat (18.07.2018)\u00a0la definici\u00f3 que li volen donar. Podem pensar que ser\u00e0 per l&#8217;estil de \u00abrelatiu o pertanyen al negoci\u00bb, tal com s&#8217;esdev\u00e9 amb la definici\u00f3 castellana de <em>negocial<\/em> que trobem en el <span class=\"versaleta\"><em>gduea<\/em><\/span>:<\/p>\n<blockquote><p><strong>negocial<\/strong> <em>adj.<\/em> Relativo al negocio: <em>Organizaci\u00f3n negocial.<\/em><\/p><\/blockquote>\n","protected":false},"excerpt":{"rendered":"<p>Esta adjectiu no apareix encara definit en els diccionaris habituals en catal\u00e0, tot i que s\u00ed que apareix utilitzat en diverses entrades del Diccionari jur\u00eddic de l&#8217;iec (consulta: 07.08.2018)\u00a0com ara en acte propi, anul\u00b7labilitat, cap\u00edtols matrimonials, causa de contracte o\u00a0frau de creditors: frau de creditors c. nom. m. DRET CIVIL Catalunya Causa d\u2019inefic\u00e0cia contractual o [&hellip;]<\/p>\n","protected":false},"author":1,"featured_media":0,"comment_status":"open","ping_status":"open","sticky":false,"template":"","format":"standard","meta":{"footnotes":""},"categories":[115],"tags":[49,20,13],"class_list":["post-1857","post","type-post","status-publish","format-standard","hentry","category-lletra-n","tag-adjectius","tag-juridicoadministratiu","tag-neologia"],"post_mailing_queue_ids":[],"_links":{"self":[{"href":"https:\/\/www.cdlpv.org\/fitxes\/wp-json\/wp\/v2\/posts\/1857","targetHints":{"allow":["GET"]}}],"collection":[{"href":"https:\/\/www.cdlpv.org\/fitxes\/wp-json\/wp\/v2\/posts"}],"about":[{"href":"https:\/\/www.cdlpv.org\/fitxes\/wp-json\/wp\/v2\/types\/post"}],"author":[{"embeddable":true,"href":"https:\/\/www.cdlpv.org\/fitxes\/wp-json\/wp\/v2\/users\/1"}],"replies":[{"embeddable":true,"href":"https:\/\/www.cdlpv.org\/fitxes\/wp-json\/wp\/v2\/comments?post=1857"}],"version-history":[{"count":2,"href":"https:\/\/www.cdlpv.org\/fitxes\/wp-json\/wp\/v2\/posts\/1857\/revisions"}],"predecessor-version":[{"id":1860,"href":"https:\/\/www.cdlpv.org\/fitxes\/wp-json\/wp\/v2\/posts\/1857\/revisions\/1860"}],"wp:attachment":[{"href":"https:\/\/www.cdlpv.org\/fitxes\/wp-json\/wp\/v2\/media?parent=1857"}],"wp:term":[{"taxonomy":"category","embeddable":true,"href":"https:\/\/www.cdlpv.org\/fitxes\/wp-json\/wp\/v2\/categories?post=1857"},{"taxonomy":"post_tag","embeddable":true,"href":"https:\/\/www.cdlpv.org\/fitxes\/wp-json\/wp\/v2\/tags?post=1857"}],"curies":[{"name":"wp","href":"https:\/\/api.w.org\/{rel}","templated":true}]}}