{"id":1850,"date":"2018-07-25T20:30:51","date_gmt":"2018-07-25T19:30:51","guid":{"rendered":"http:\/\/www.cdlpv.org\/fitxes\/?p=1850"},"modified":"2024-07-03T08:38:30","modified_gmt":"2024-07-03T06:38:30","slug":"monduber","status":"publish","type":"post","link":"https:\/\/www.cdlpv.org\/fitxes\/monduber\/","title":{"rendered":"Mond\u00faver"},"content":{"rendered":"<figure id=\"attachment_6977\" aria-describedby=\"caption-attachment-6977\" style=\"width: 449px\" class=\"wp-caption alignleft\"><a href=\"https:\/\/www.cdlpv.org\/fitxes\/wp-content\/uploads\/2018\/07\/Monduver-AVL-mapes.png\"><img loading=\"lazy\" decoding=\"async\" class=\" wp-image-6977\" src=\"https:\/\/www.cdlpv.org\/fitxes\/wp-content\/uploads\/2018\/07\/Monduver-AVL-mapes-300x125.png\" alt=\"\" width=\"449\" height=\"187\" srcset=\"https:\/\/www.cdlpv.org\/fitxes\/wp-content\/uploads\/2018\/07\/Monduver-AVL-mapes-300x125.png 300w, https:\/\/www.cdlpv.org\/fitxes\/wp-content\/uploads\/2018\/07\/Monduver-AVL-mapes-768x320.png 768w, https:\/\/www.cdlpv.org\/fitxes\/wp-content\/uploads\/2018\/07\/Monduver-AVL-mapes.png 942w\" sizes=\"auto, (max-width: 449px) 100vw, 449px\" \/><\/a><figcaption id=\"caption-attachment-6977\" class=\"wp-caption-text\"><span style=\"font-size: 10pt;\">El mass\u00eds muntany\u00f3s del Mond\u00faber (2017) i Mond\u00faver (2023) en el mapa f\u00edsic de l&#8217;AVL.<\/span><\/figcaption><\/figure>\n<p>El nom de la muntanya apareixia escrit \u00abMond\u00faver\u00bb cap l&#8217;any 2000, per\u00f2 ara apareix \u00abMond\u00faber\u00bb com a forma principal de l&#8217;entrada en la <span class=\"versaleta\">gec<\/span> (consulta: 24.07.2018, <a href=\"https:\/\/www.enciclopedia.cat\/EC-GEC-0043349.xml\" target=\"_blank\" rel=\"noopener\">03.07.2024<\/a>) i \u00abMond\u00faver\u00bb com a forma secund\u00e0ria. El <span class=\"versaleta\"><em>dcvb<\/em><\/span> escrivia \u00abMontd\u00faver\u00bb (consulta: <a href=\"http:\/\/dcvb.iec.cat\/results.asp?Word=montd%FAver&amp;Id=97043&amp;search=montd%FAver\" target=\"_blank\" rel=\"noopener\">24.07.2018<\/a>). Fa anys, vaig fer la consulta al servei de topon\u00edmia: Aig\u00fces Vives (09.06.2000) em va dir que la forma que consideren definitiva era \u00abMond\u00faber\u00bb<em>,<\/em> despr\u00e9s de consultar l&#8217;enquestador de la zona i revisar les dades (sobretot Coromines). Posteriorment, a pesar que en estes coses de la topon\u00edmia les coses s\u00f3n prou estables, tamb\u00e9 tenen certs balls de lletres, tal com explica Joan Giner en \u00abEl nom del Mond\u00faver, Sanchis Guarner, Coromines i l&#8217;AVL\u00bb (09.04.2018; consulta: <a href=\"http:\/\/delescreusalmontgo.blogspot.com\/2018\/04\/el-nom-del-monduver-sanchis-guarner.html\" target=\"_blank\" rel=\"noopener\">24.07.2018<\/a>). L&#8217;autor comenta el cas i l&#8217;exist\u00e8ncia de m\u00e9s variants: \u00abMondugues\u00bb, \u00abMond\u00faguer\u00bb&#8230; L&#8217;\u00faltima versi\u00f3 \u00abdefinitiva\u00bb que ha donat l&#8217;acad\u00e8mia (23.11.2022) \u00e9s:<\/p>\n<blockquote><p>En el Ple de la instituci\u00f3 s\u2019ha aprovat els informes de la Secci\u00f3 d\u2019Onom\u00e0stica per a valencianitzar els top\u00f2nims dels municipis de Alg\u00edmia de Alfara per Algimia d\u2019Alfara; Benlloch per Benlloc, <strong>Mond\u00faber<\/strong> per <strong>Mond\u00faver<\/strong>, i els canvis dels ex\u00f2nims valencians de les Salines per Salines i Benij\u00f2far per Benij\u00f2fer. <a href=\"https:\/\/www.avl.gva.es\/lavl-considera-que-a-punt-reforca-la-funcio-normativa-amb-un-model-de-valencia-genui-i-ric\/\" target=\"_blank\" rel=\"noopener\"><i class=\"fas fa-external-link-alt\"><\/i><\/a><\/p><\/blockquote>\n<p>D&#8217;acord amb aix\u00f2, el Nomencl\u00e0tor Topon\u00edmic Valenci\u00e0 <a href=\"https:\/\/geontv.gva.es\/?locale=ca\" target=\"_blank\" rel=\"noopener\"><i class=\"fas fa-external-link-alt\"><\/i><\/a> indica (consulta:03.07.2024) la localitzaci\u00f3 d&#8217;este top\u00f2nim amb la forma <em>Mond\u00faver:<\/em><\/p>\n<figure id=\"attachment_6976\" aria-describedby=\"caption-attachment-6976\" style=\"width: 255px\" class=\"wp-caption aligncenter\"><a href=\"https:\/\/www.cdlpv.org\/fitxes\/wp-content\/uploads\/2018\/07\/Monduver-NTV-2024.png\"><img loading=\"lazy\" decoding=\"async\" class=\" wp-image-6976\" src=\"https:\/\/www.cdlpv.org\/fitxes\/wp-content\/uploads\/2018\/07\/Monduver-NTV-2024-168x300.png\" alt=\"\" width=\"255\" height=\"455\" srcset=\"https:\/\/www.cdlpv.org\/fitxes\/wp-content\/uploads\/2018\/07\/Monduver-NTV-2024-168x300.png 168w, https:\/\/www.cdlpv.org\/fitxes\/wp-content\/uploads\/2018\/07\/Monduver-NTV-2024.png 408w\" sizes=\"auto, (max-width: 255px) 100vw, 255px\" \/><\/a><figcaption id=\"caption-attachment-6976\" class=\"wp-caption-text\"><span style=\"font-size: 10pt;\">El top\u00f2nim Monduver en el Nomencl\u00e0tor Top\u00f2nimic Valenci\u00e0 (03.07.2024).<\/span><\/figcaption><\/figure>\n<p>La forma <em>Mond\u00faber<\/em><\/p>\n<p>La forma <em>Mond\u00faber<\/em> era la que apareixia en el programa de gesti\u00f3 topon\u00edmica de l&#8217;AVL <em>Topon\u00edmia dels pobles valencians<\/em> (consulta: 19.05.2010; 25.07.2018; <a href=\"https:\/\/www.avl.gva.es\/corpus-toponimic-valencia\" target=\"_blank\" rel=\"noopener\">24.04.2019<\/a>):<\/p>\n<blockquote>\n<table role=\"grid\">\n<tbody id=\"_corpustoponimicportlet_WAR_gestionconsultasportlet_INSTANCE_IogBn2l6x0i2_:mainForm:listadoResultadosValenciano_data\" class=\"ui-datatable-data ui-widget-content\">\n<tr class=\"ui-widget-content ui-datatable-even toponimosTableRow\" role=\"row\" data-ri=\"0\">\n<td role=\"gridcell\">Barranc del Mond\u00faber (Gandia, Xeresa)<\/td>\n<\/tr>\n<tr class=\"ui-widget-content ui-datatable-odd toponimosTableRow\" role=\"row\" data-ri=\"1\">\n<td role=\"gridcell\">Cam\u00ed de l&#8217;Ombria del Mond\u00faber (Xeraco, Xeresa)<\/td>\n<\/tr>\n<tr class=\"ui-widget-content ui-datatable-even toponimosTableRow\" role=\"row\" data-ri=\"2\">\n<td role=\"gridcell\">Cam\u00ed del Mond\u00faber (Barx, Xeresa)<\/td>\n<\/tr>\n<tr class=\"ui-widget-content ui-datatable-odd toponimosTableRow\" role=\"row\" data-ri=\"3\">\n<td role=\"gridcell\">el Mond\u00faber (Barx, Gandia, Xeresa)<\/td>\n<\/tr>\n<tr class=\"ui-widget-content ui-datatable-even toponimosTableRow\" role=\"row\" data-ri=\"4\">\n<td role=\"gridcell\">Font del Mond\u00faber (Xeresa)<\/td>\n<\/tr>\n<tr class=\"ui-widget-content ui-datatable-odd toponimosTableRow\" role=\"row\" data-ri=\"5\">\n<td role=\"gridcell\">Mass\u00eds del Mond\u00faber (Barx, Benifair\u00f3 de la Valldigna, Gandia, Simat de la Valldigna, Xeraco, Xeresa)<\/td>\n<\/tr>\n<tr class=\"ui-widget-content ui-datatable-even toponimosTableRow\" role=\"row\" data-ri=\"6\">\n<td role=\"gridcell\">Ombria del Mond\u00faber (Xeresa)<\/td>\n<\/tr>\n<\/tbody>\n<\/table>\n<\/blockquote>\n<figure style=\"width: 433px\" class=\"wp-caption alignleft\"><img loading=\"lazy\" decoding=\"async\" src=\"http:\/\/www.einesdellengua.com\/Fitxes\/Textos\/Arxius\/img\/monduber.jpg\" alt=\"\" width=\"433\" height=\"452\" \/><figcaption class=\"wp-caption-text\"><span style=\"font-size: 10pt;\">Il\u00b7lustraci\u00f3 de <em>Topon\u00edmia dels pobles valencians. Barx (la Safor)<\/em> de Josep-Ramon Millet i Pons (<span class=\"versaleta\">avl<\/span>, 2005).<\/span><\/figcaption><\/figure>\n<p>La forma <em>Mond\u00faber<\/em> \u00e9s la que apareix en el fullet de l&#8217;<span class=\"versaleta\">avl<\/span> sobre la topon\u00edmia de Barx (2005) i de Gandia (2006).<\/p>\n","protected":false},"excerpt":{"rendered":"<p>El nom de la muntanya apareixia escrit \u00abMond\u00faver\u00bb cap l&#8217;any 2000, per\u00f2 ara apareix \u00abMond\u00faber\u00bb com a forma principal de l&#8217;entrada en la gec (consulta: 24.07.2018, 03.07.2024) i \u00abMond\u00faver\u00bb com a forma secund\u00e0ria. El dcvb escrivia \u00abMontd\u00faver\u00bb (consulta: 24.07.2018). Fa anys, vaig fer la consulta al servei de topon\u00edmia: Aig\u00fces Vives (09.06.2000) em va dir [&hellip;]<\/p>\n","protected":false},"author":1,"featured_media":0,"comment_status":"open","ping_status":"open","sticky":false,"template":"","format":"standard","meta":{"footnotes":""},"categories":[11],"tags":[53,57],"class_list":["post-1850","post","type-post","status-publish","format-standard","hentry","category-lletra-m","tag-revisions","tag-toponimia"],"post_mailing_queue_ids":[],"_links":{"self":[{"href":"https:\/\/www.cdlpv.org\/fitxes\/wp-json\/wp\/v2\/posts\/1850","targetHints":{"allow":["GET"]}}],"collection":[{"href":"https:\/\/www.cdlpv.org\/fitxes\/wp-json\/wp\/v2\/posts"}],"about":[{"href":"https:\/\/www.cdlpv.org\/fitxes\/wp-json\/wp\/v2\/types\/post"}],"author":[{"embeddable":true,"href":"https:\/\/www.cdlpv.org\/fitxes\/wp-json\/wp\/v2\/users\/1"}],"replies":[{"embeddable":true,"href":"https:\/\/www.cdlpv.org\/fitxes\/wp-json\/wp\/v2\/comments?post=1850"}],"version-history":[{"count":8,"href":"https:\/\/www.cdlpv.org\/fitxes\/wp-json\/wp\/v2\/posts\/1850\/revisions"}],"predecessor-version":[{"id":1852,"href":"https:\/\/www.cdlpv.org\/fitxes\/wp-json\/wp\/v2\/posts\/1850\/revisions\/1852"}],"wp:attachment":[{"href":"https:\/\/www.cdlpv.org\/fitxes\/wp-json\/wp\/v2\/media?parent=1850"}],"wp:term":[{"taxonomy":"category","embeddable":true,"href":"https:\/\/www.cdlpv.org\/fitxes\/wp-json\/wp\/v2\/categories?post=1850"},{"taxonomy":"post_tag","embeddable":true,"href":"https:\/\/www.cdlpv.org\/fitxes\/wp-json\/wp\/v2\/tags?post=1850"}],"curies":[{"name":"wp","href":"https:\/\/api.w.org\/{rel}","templated":true}]}}