{"id":1845,"date":"2018-07-24T20:30:52","date_gmt":"2018-07-24T19:30:52","guid":{"rendered":"http:\/\/www.cdlpv.org\/fitxes\/?p=1845"},"modified":"2018-07-24T12:38:26","modified_gmt":"2018-07-24T11:38:26","slug":"dissocial","status":"publish","type":"post","link":"https:\/\/www.cdlpv.org\/fitxes\/dissocial\/","title":{"rendered":"dissocial"},"content":{"rendered":"<p>L&#8217;adjectiu <em>dissocial<\/em> apareix en algunes fitxes del Termcat <em>(<a href=\"http:\/\/www.termcat.cat\/ca\/Diccionaris_En_Linia\/21\/Fitxa\/trastorn+dissocial\/NDM2MjIy\/#.W1cO8-HCXWg.link\" target=\"_blank\" rel=\"noopener\">trastorn dissocial<\/a>, <a href=\"http:\/\/www.termcat.cat\/ca\/Cercaterm\/Fitxa\/personalitat+dissocial\/NTM2NDk1\/#.W1cPPAxdB30.link\" target=\"_blank\" rel=\"noopener\">personalitat dissocial<\/a>),<\/em> per\u00f2 no t\u00e9 encara entrada en els diccionaris habituals, per la qual cosa no sabem quina seria la definici\u00f3 de l&#8217;adjectiu. Mentrestant, el Termcat (19.07.2018) fa la consideraci\u00f3 seg\u00fcent:<\/p>\n<blockquote><p>L&#8217;adjectiu <em>dissocial<\/em> t\u00e9 molt poc \u00fas fora de l&#8217;\u00e0mbit de la psiquiatria, i el significat que t\u00e9 es despr\u00e8n dels formants de qu\u00e8 consta: el prefix <em>dis-<\/em>, que significa &#8216;dif\u00edcil&#8217; o &#8216;mal&#8217;, i l&#8217;adjectiu <em>social<\/em>, que significa &#8216;relatiu o pertanyent a la societat humana, a les relacions entre els individus pertanyents a diferents classes de la societat&#8217;. Aix\u00ed doncs, <em>dissocial<\/em> pot ser un adjectiu utilitzat per a referir-se a les relacions socials dif\u00edcils, dolentes, poc satisfact\u00f2ries, etc.<\/p><\/blockquote>\n","protected":false},"excerpt":{"rendered":"<p>L&#8217;adjectiu dissocial apareix en algunes fitxes del Termcat (trastorn dissocial, personalitat dissocial), per\u00f2 no t\u00e9 encara entrada en els diccionaris habituals, per la qual cosa no sabem quina seria la definici\u00f3 de l&#8217;adjectiu. Mentrestant, el Termcat (19.07.2018) fa la consideraci\u00f3 seg\u00fcent: L&#8217;adjectiu dissocial t\u00e9 molt poc \u00fas fora de l&#8217;\u00e0mbit de la psiquiatria, i el [&hellip;]<\/p>\n","protected":false},"author":1,"featured_media":0,"comment_status":"open","ping_status":"open","sticky":false,"template":"","format":"standard","meta":{"footnotes":""},"categories":[35],"tags":[49,13,47],"class_list":["post-1845","post","type-post","status-publish","format-standard","hentry","category-lletra-d","tag-adjectius","tag-neologia","tag-termcat"],"post_mailing_queue_ids":[],"_links":{"self":[{"href":"https:\/\/www.cdlpv.org\/fitxes\/wp-json\/wp\/v2\/posts\/1845","targetHints":{"allow":["GET"]}}],"collection":[{"href":"https:\/\/www.cdlpv.org\/fitxes\/wp-json\/wp\/v2\/posts"}],"about":[{"href":"https:\/\/www.cdlpv.org\/fitxes\/wp-json\/wp\/v2\/types\/post"}],"author":[{"embeddable":true,"href":"https:\/\/www.cdlpv.org\/fitxes\/wp-json\/wp\/v2\/users\/1"}],"replies":[{"embeddable":true,"href":"https:\/\/www.cdlpv.org\/fitxes\/wp-json\/wp\/v2\/comments?post=1845"}],"version-history":[{"count":3,"href":"https:\/\/www.cdlpv.org\/fitxes\/wp-json\/wp\/v2\/posts\/1845\/revisions"}],"predecessor-version":[{"id":1849,"href":"https:\/\/www.cdlpv.org\/fitxes\/wp-json\/wp\/v2\/posts\/1845\/revisions\/1849"}],"wp:attachment":[{"href":"https:\/\/www.cdlpv.org\/fitxes\/wp-json\/wp\/v2\/media?parent=1845"}],"wp:term":[{"taxonomy":"category","embeddable":true,"href":"https:\/\/www.cdlpv.org\/fitxes\/wp-json\/wp\/v2\/categories?post=1845"},{"taxonomy":"post_tag","embeddable":true,"href":"https:\/\/www.cdlpv.org\/fitxes\/wp-json\/wp\/v2\/tags?post=1845"}],"curies":[{"name":"wp","href":"https:\/\/api.w.org\/{rel}","templated":true}]}}