{"id":1839,"date":"2018-07-20T20:30:27","date_gmt":"2018-07-20T19:30:27","guid":{"rendered":"http:\/\/www.cdlpv.org\/fitxes\/?p=1839"},"modified":"2018-12-10T14:31:12","modified_gmt":"2018-12-10T13:31:12","slug":"sigla-sufix","status":"publish","type":"post","link":"https:\/\/www.cdlpv.org\/fitxes\/sigla-sufix\/","title":{"rendered":"sigla+sufix"},"content":{"rendered":"<p>Els llibres d&#8217;estil i\u00a0les gram\u00e0tiques solen comentar el cas de l&#8217;\u00fas del guionet entre elements prefixats i sigles. Per exemple, la <span class=\"versaleta\"><em>gnv<\/em> <\/span><span style=\"font-size: 14pt;\">de l&#8217;<span class=\"versaleta\">avl<\/span> comenta l&#8217;\u00fas del guionet en este cas:<\/span><\/p>\n<blockquote>\n<p align=\"LEFT\"><span style=\"font-size: 14pt;\"><span style=\"color: #1a171b; font-family: DIN-RegularItalic;\"><i>h<\/i><\/span><span style=\"color: #1a171b; font-family: DIN-Regular;\">) En les paraules formades amb un prefix i un nom propi escrit amb <\/span><\/span><span style=\"font-size: 14pt;\"><span style=\"color: #1a171b; font-family: DIN-Regular;\">maj\u00fascula inicial: <\/span><i><span style=\"color: #1a171b; font-family: DIN-RegularItalic;\">anti-OTAN, pro-Israel.<\/span><\/i><\/span><\/p>\n<\/blockquote>\n<p align=\"LEFT\">En canvi, no tracten el cas de les paraules creades amb sigles i elements sufixats. En eixe sentit, podem procedir per analogia, tal com indica el Termcat (consulta: 11.07.2018):<\/p>\n<blockquote><p>L\u2019ortografia normativa no en diu res, d\u2019aquest tipus de mots, que s\u00f3n derivats per sufixaci\u00f3 que tenen com a nucli una sigla. Es tracta, de fet, de formacions at\u00edpiques, molt poc habituals en catal\u00e0.<\/p>\n<p>Per analogia, per\u00f2, amb els derivats per prefixaci\u00f3 que tenen com a nucli una sigla (per exemple, <strong><em>anti-<\/em><\/strong><em>OTAN<\/em> o <strong><em>ex-U<\/em><\/strong><em>RSS<\/em>) o amb els compostos en qu\u00e8 algun dels elements \u00e9s un s\u00edmbol (per exemple, <em>goma-<strong>2<\/strong><\/em>, <strong><em>\u03b1<\/em><\/strong><em>-naftol<\/em>, <em>omega-<strong>3<\/strong><\/em>, <strong><em>pH<\/em><\/strong><em>-metre<\/em>), que s\u00ed que preveu la normativa i que s\u2019escriuen amb guionet (veg. els punts 4.3.1.2.<em>b<\/em> i 4.3.2.2.<em>h<\/em> de l\u2019<em><a href=\"https:\/\/www.iec.cat\/llengua\/documents\/ortografia_catalana_versio_digital.pdf\">Ortografia catalana<\/a><\/em> de l\u2019Institut d\u2019Estudis Catalans), sembla l\u00f2gic pensar que la millor manera d\u2019ajuntar la sigla <em>LGBT<\/em> (o les variants <em>LGTB<\/em>, <em>LGBTI<\/em>, etc.) amb un sufix \u00e9s tamb\u00e9 amb guionet. Per tant: <em>LGBT-f\u00f2bia<\/em> i <em>LGBT-fob<\/em>. Igualment far\u00edem en els casos de <em>CD-ROM-teca <\/em>i <em>PNB-f\u00edlia<\/em>.<\/p><\/blockquote>\n<p>Per contra, en castell\u00e0, la Fund\u00e9u (consulta: <a href=\"https:\/\/www.fundeu.es\/recomendacion\/lgtbfobia-junto-y-con-mayuscula-en-las-siglas\/\" target=\"_blank\" rel=\"noopener\">10.07.2018<\/a>)\u00a0ha optat per la uni\u00f3 dels elements sense guionet: <em>LGTBfobia<\/em>.<\/p>\n","protected":false},"excerpt":{"rendered":"<p>Els llibres d&#8217;estil i\u00a0les gram\u00e0tiques solen comentar el cas de l&#8217;\u00fas del guionet entre elements prefixats i sigles. Per exemple, la gnv de l&#8217;avl comenta l&#8217;\u00fas del guionet en este cas: h) En les paraules formades amb un prefix i un nom propi escrit amb maj\u00fascula inicial: anti-OTAN, pro-Israel. En canvi, no tracten el cas [&hellip;]<\/p>\n","protected":false},"author":1,"featured_media":0,"comment_status":"open","ping_status":"open","sticky":false,"template":"","format":"standard","meta":{"footnotes":""},"categories":[33],"tags":[13,61],"class_list":["post-1839","post","type-post","status-publish","format-standard","hentry","category-lletra-s","tag-neologia","tag-ortografia"],"post_mailing_queue_ids":[],"_links":{"self":[{"href":"https:\/\/www.cdlpv.org\/fitxes\/wp-json\/wp\/v2\/posts\/1839","targetHints":{"allow":["GET"]}}],"collection":[{"href":"https:\/\/www.cdlpv.org\/fitxes\/wp-json\/wp\/v2\/posts"}],"about":[{"href":"https:\/\/www.cdlpv.org\/fitxes\/wp-json\/wp\/v2\/types\/post"}],"author":[{"embeddable":true,"href":"https:\/\/www.cdlpv.org\/fitxes\/wp-json\/wp\/v2\/users\/1"}],"replies":[{"embeddable":true,"href":"https:\/\/www.cdlpv.org\/fitxes\/wp-json\/wp\/v2\/comments?post=1839"}],"version-history":[{"count":5,"href":"https:\/\/www.cdlpv.org\/fitxes\/wp-json\/wp\/v2\/posts\/1839\/revisions"}],"predecessor-version":[{"id":2000,"href":"https:\/\/www.cdlpv.org\/fitxes\/wp-json\/wp\/v2\/posts\/1839\/revisions\/2000"}],"wp:attachment":[{"href":"https:\/\/www.cdlpv.org\/fitxes\/wp-json\/wp\/v2\/media?parent=1839"}],"wp:term":[{"taxonomy":"category","embeddable":true,"href":"https:\/\/www.cdlpv.org\/fitxes\/wp-json\/wp\/v2\/categories?post=1839"},{"taxonomy":"post_tag","embeddable":true,"href":"https:\/\/www.cdlpv.org\/fitxes\/wp-json\/wp\/v2\/tags?post=1839"}],"curies":[{"name":"wp","href":"https:\/\/api.w.org\/{rel}","templated":true}]}}