{"id":1835,"date":"2018-07-20T20:30:56","date_gmt":"2018-07-20T19:30:56","guid":{"rendered":"http:\/\/www.cdlpv.org\/fitxes\/?p=1835"},"modified":"2018-07-23T13:35:56","modified_gmt":"2018-07-23T12:35:56","slug":"marginalitzacio","status":"publish","type":"post","link":"https:\/\/www.cdlpv.org\/fitxes\/marginalitzacio\/","title":{"rendered":"marginalitzaci\u00f3"},"content":{"rendered":"<p>Substantiu femen\u00ed que no apareix encara en els diccionaris habituals, encara\u00a0se&#8217;n fa un \u00fas com\u00fa en l&#8217;\u00e0mbit de la hist\u00f2ria, la sociologia\u00a0i l&#8217;assaig, en general (Google Llibres; consulta: <a href=\"https:\/\/www.google.com\/search?rls=com.microsoft%3Aes-ES%3AIE-Address&amp;biw=1164&amp;bih=769&amp;tbm=bks&amp;ei=OaBRW-qELsfdwQKBpa3QBg&amp;q=%22marginalitzaci%C3%B3%22&amp;oq=%22marginalitzaci%C3%B3%22&amp;gs_l=psy-ab.3...9620.10115.0.10361.2.2.0.0.0.0.77.152.2.2.0....0...1c.1.64.psy-ab..0.0.0....0._Zu4FvnkGWI\" target=\"_blank\" rel=\"noopener\">20.07.2018<\/a>).<\/p>\n<p>\u00c9s un derivat del verb <em>marginalitzar<\/em>, recollit per <span class=\"versaleta\"><em>rull2004<\/em><\/span>, verb que l&#8217;autor aconsella que es mantinga a causa de la seua especialitzaci\u00f3 sem\u00e0ntica respecte a <em>marginar:<\/em><\/p>\n<blockquote><p><em>marginar<\/em> &#8216;posar a banda (alg\u00fa) i evitar-hi relaci\u00f3 social&#8217;<br \/>\n<em>marginalitzar<\/em> &#8216;fer ser marginal (alg\u00fa o una cosa)&#8217;<\/p><\/blockquote>\n<p>El <a href=\"http:\/\/dcc.iec.cat\/ddlci\/scripts\/indexA.asp\" target=\"_blank\" rel=\"noopener\"><span class=\"versaleta\"><em>ddlc<\/em><\/span><\/a> de l&#8217;<span class=\"versaleta\">iec<\/span> s\u00ed que d\u00f3na entrada al verb <em>marginalitzar<\/em>, amb la indicaci\u00f3 que no \u00e9s normatiu ni usual.<\/p>\n","protected":false},"excerpt":{"rendered":"<p>Substantiu femen\u00ed que no apareix encara en els diccionaris habituals, encara\u00a0se&#8217;n fa un \u00fas com\u00fa en l&#8217;\u00e0mbit de la hist\u00f2ria, la sociologia\u00a0i l&#8217;assaig, en general (Google Llibres; consulta: 20.07.2018). \u00c9s un derivat del verb marginalitzar, recollit per rull2004, verb que l&#8217;autor aconsella que es mantinga a causa de la seua especialitzaci\u00f3 sem\u00e0ntica respecte a marginar: [&hellip;]<\/p>\n","protected":false},"author":1,"featured_media":0,"comment_status":"open","ping_status":"open","sticky":false,"template":"","format":"standard","meta":{"footnotes":""},"categories":[11],"tags":[17,13],"class_list":["post-1835","post","type-post","status-publish","format-standard","hentry","category-lletra-m","tag-lexic","tag-neologia"],"post_mailing_queue_ids":[],"_links":{"self":[{"href":"https:\/\/www.cdlpv.org\/fitxes\/wp-json\/wp\/v2\/posts\/1835","targetHints":{"allow":["GET"]}}],"collection":[{"href":"https:\/\/www.cdlpv.org\/fitxes\/wp-json\/wp\/v2\/posts"}],"about":[{"href":"https:\/\/www.cdlpv.org\/fitxes\/wp-json\/wp\/v2\/types\/post"}],"author":[{"embeddable":true,"href":"https:\/\/www.cdlpv.org\/fitxes\/wp-json\/wp\/v2\/users\/1"}],"replies":[{"embeddable":true,"href":"https:\/\/www.cdlpv.org\/fitxes\/wp-json\/wp\/v2\/comments?post=1835"}],"version-history":[{"count":2,"href":"https:\/\/www.cdlpv.org\/fitxes\/wp-json\/wp\/v2\/posts\/1835\/revisions"}],"predecessor-version":[{"id":1837,"href":"https:\/\/www.cdlpv.org\/fitxes\/wp-json\/wp\/v2\/posts\/1835\/revisions\/1837"}],"wp:attachment":[{"href":"https:\/\/www.cdlpv.org\/fitxes\/wp-json\/wp\/v2\/media?parent=1835"}],"wp:term":[{"taxonomy":"category","embeddable":true,"href":"https:\/\/www.cdlpv.org\/fitxes\/wp-json\/wp\/v2\/categories?post=1835"},{"taxonomy":"post_tag","embeddable":true,"href":"https:\/\/www.cdlpv.org\/fitxes\/wp-json\/wp\/v2\/tags?post=1835"}],"curies":[{"name":"wp","href":"https:\/\/api.w.org\/{rel}","templated":true}]}}