{"id":1737,"date":"2018-04-04T13:50:18","date_gmt":"2018-04-04T12:50:18","guid":{"rendered":"http:\/\/www.cdlpv.org\/fitxes\/?p=1737"},"modified":"2018-04-16T18:40:48","modified_gmt":"2018-04-16T17:40:48","slug":"recorrer","status":"publish","type":"post","link":"https:\/\/www.cdlpv.org\/fitxes\/recorrer\/","title":{"rendered":"rec\u00f3rrer"},"content":{"rendered":"<ol>\n<li>En l&#8217;accepci\u00f3 corresponent als recursos judicials, ja apareixen les obres de refer\u00e8ncia que inclouen la possibilitat d&#8217;\u00fas transitiu \u2014habitual en els mitjans de comunicaci\u00f3 i en el llenguatge judicial\u2014:<br \/>\n<blockquote><p>\u00ab<em>v. tr.<\/em> [&#8230;] <strong>3<\/strong> Interposar un recurs judicial.\u00bb (GD62)<\/p><\/blockquote>\n<p>Aix\u00ed, podem llegir en la <span class=\"versaleta\"><em>gcc<\/em><\/span> (Joana Rossell\u00f3: 13.3.6.2<em>d<\/em>):<\/p>\n<blockquote><p>A difer\u00e8ncia dels casos dels \u00a7 13.3.6.2<em>a-b,<\/em> l&#8217;alternan\u00e7a que presentem aqu\u00ed no comporta un canvi en la val\u00e8ncia del verb, sin\u00f3 en la <a href=\"http:\/\/www.einesdellengua.com\/Fitxes\/Textos\/D\/diatesi.htm\" target=\"_blank\" rel=\"noopener\">di\u00e0tesi<\/a>: un complement argumental del verb pot realitzar-se com a complement directe o com a complement de r\u00e8gim (veg. \u00a7 13.4.2). Aix\u00ed, tant podem dir <em>apel\u00b7lar la sent\u00e8ncia<\/em> com <em>apel\u00b7lar contra la sent\u00e8ncia,<\/em> tot i que la primera opci\u00f3 sembla la preferida en el llenguatge jur\u00eddic i period\u00edstic. Com <em>apel\u00b7lar,<\/em> i en l&#8217;accepci\u00f3 del verb en l&#8217;\u00e0mbit jur\u00eddic, funciona <em>rec\u00f3rrer:<\/em> <span class=\"exemple\">Han recorregut la sent\u00e8ncia. Recorrerem contra la sent\u00e8ncia.<\/span> Encara en aquest \u00e0mbit, tenim <em>pledejar<\/em> i <em>pledejar per<\/em> <span class=\"exemple\">(Pledejar (per l&#8217;her\u00e8ncia).<\/span><\/p><\/blockquote>\n<p>Tamb\u00e9 el Salt 2.0 inclou este \u00fas.\u00a0Per contra, el <span class=\"versaleta\"><em>mestil3<\/em><\/span> no l&#8217;ha recollit, cosa que tampoc han fet el <span class=\"versaleta\"><em>diec, <\/em><\/span>el <span class=\"versaleta\"><em>gdlc<\/em><\/span> ni el <span class=\"versaleta\"><em>dnv<\/em><\/span> [en l\u00ednia: gener 2008; abril 2019]:<\/p>\n<blockquote><p><span class=\"versaleta\"><em>(diec)<\/em><\/span> <strong>1\u00a0<\/strong><em>2\u00a0<\/em>v. intr. Emprar com a mitj\u00e0 alguna cosa, especialment a manca d\u2019un altre mitj\u00e0. <em><span class=\"exemple\">Van rec\u00f3rrer a un remei heroic.<\/span><\/em><br \/>\n<strong>1\u00a0<\/strong><em>3\u00a0<\/em>v. intr. Acudir a un jutge, a una autoritat, amb una demanda o petici\u00f3. <em>Rec\u00f3rrer contra una sent\u00e8ncia. <\/em><span class=\"exemple\"><span class=\"exemple\"><em>Sempre hi ha la possibilitat de rec\u00f3rrer.<\/em><br \/>\n<\/span><\/span><\/p>\n<hr \/>\n<\/blockquote>\n<blockquote><p><span class=\"versaleta\"><em>(gdlc)<\/em><\/span> <em>v intr<\/em> [&#8230;] <strong>3<\/strong> DR PROC Acudir a un jutge, a una autoritat amb una demanda o petici\u00f3.<br \/>\n<strong>4<\/strong> <em>esp<\/em> DR PROC Interposar un recurs davant una inst\u00e0ncia superior contra una resoluci\u00f3 dictada per un \u00f2rgan administratiu o judicial inferior. <em><span class=\"exemple\">L&#8217;entitat ha recorregut al tribunal suprem contra aquesta sent\u00e8ncia<\/span>.<\/em><\/p>\n<hr \/>\n<p><span class=\"versaleta\"><em>(dnv)<\/em><\/span> <strong>5. <\/strong>v. intr. DRET Acudir a un jutge o a una autoritat amb una demanda o petici\u00f3. Rec\u00f3rrer al tribunal contra una sent\u00e8ncia. <strong>6. <\/strong>v. intr. DRET Interposar un recurs. Si desestimen la petici\u00f3, encara podem rec\u00f3rrer.<\/p><\/blockquote>\n<\/li>\n<li>Sobre esta q\u00fcesti\u00f3, podem llegir en el diari <em>Ara.cat<\/em> (<a href=\"https:\/\/llegim.ara.cat\/opinio\/normativa-no-permet-recorrer-sentencia_0_1987601269.html\" target=\"_blank\" rel=\"noopener\">31.03.2018<\/a>), l&#8217;article d&#8217;Albert Pla Nualart \u00abLa normativa no permet rec\u00f3rrer una sent\u00e8ncia\u00bb. I, m\u00e9s antic, en\u00a0<em>Llengua i Administraci\u00f3<\/em>, n\u00famero 9 (1983), \u00ab<a href=\"http:\/\/www.cdlpv.org\/fitxes\/wp-content\/uploads\/2018\/04\/LiA-1983-9-Camps-rec\u00f3rrer.pdf\" target=\"_blank\" rel=\"noopener\">Recorrent el cam\u00ed dels recursos<\/a>\u00bb d&#8217;Oriol Camps.<\/li>\n<li>En castell\u00e0, <em>recurrir<\/em>. Mart\u00ednez de Sousa diu en el <span class=\"versaleta\"><em>dusos<\/em><\/span>:<br \/>\n<blockquote><p><strong>recurrir la sentencia.<\/strong> Solecismo por <em>recurrir contra la sentencia<\/em>.<\/p><\/blockquote>\n<p>En parlava tamb\u00e9 L\u00e1zaro Carreter en 1990 en \u00abLa cumbre culminada\u00bb (<em>El dardo en la palabra<\/em>, 1998):<\/p>\n<blockquote><p>Las recientes elecciones vascas han aumentado el volumen del nonato lenguaje con aportaciones interesantes, siempre liberadoras. As\u00ed, un partido \u00ab<em>ha recurrido a<\/em> los Tribunales los resultados electorales\u00bb en cierta localidad. Era <em>recurrir<\/em> un verbo intransitivo, que significaba &#8216;interponer recurso&#8217;, o &#8216;acudir a un juez con una demanda&#8217;; y se recurr\u00eda <em>contra<\/em> una sentencia, un fallo o cualquier cosa que no se juzgaba ajustada a derecho. Ya se pueden recurrir los resultados electorales.<\/p><\/blockquote>\n<p>A pesar d&#8217;aix\u00f2, el <span class=\"versaleta\"><em>drae<\/em><\/span> [consulta: gener 2008; <a href=\"http:\/\/dle.rae.es\/?id=VXdkoxY\" target=\"_blank\" rel=\"noopener\">abril 2018<\/a>] inclou tamb\u00e9 l&#8217;\u00fas transitiu:<\/p>\n<blockquote><p><strong>5.<\/strong> tr. <em>Der.<\/em> Entablar recurso contra una resoluci\u00f3n.<\/p><\/blockquote>\n<p>Accepci\u00f3 que expliquen en el <span class=\"versaleta\"><em>dpnh<\/em><\/span> [en l\u00ednia: gener 2008]:<\/p>\n<blockquote><p><strong>recurrir<\/strong>. Cuando significa, en el lenguaje del derecho, \u2018entablar recurso contra una resoluci\u00f3n\u2019, es admisible tanto la construcci\u00f3n intransitiva, con un complemento introducido por <em>contra,<\/em> como la transitiva: <em>\u00abTampoco era bien visto recurrir CONTRA la sentencia\u00bb<\/em> (Longares <em>Cors\u00e9<\/em> [Esp. 1979]); <em>\u00abPodemos recurrir la sentencia\u00bb<\/em> (AMill\u00e1n <em>Oportunidad<\/em> [Esp. 1991]).<\/p><\/blockquote>\n<\/li>\n<\/ol>\n","protected":false},"excerpt":{"rendered":"<p>En l&#8217;accepci\u00f3 corresponent als recursos judicials, ja apareixen les obres de refer\u00e8ncia que inclouen la possibilitat d&#8217;\u00fas transitiu \u2014habitual en els mitjans de comunicaci\u00f3 i en el llenguatge judicial\u2014: \u00abv. tr. [&#8230;] 3 Interposar un recurs judicial.\u00bb (GD62) Aix\u00ed, podem llegir en la gcc (Joana Rossell\u00f3: 13.3.6.2d): A difer\u00e8ncia dels casos dels \u00a7 13.3.6.2a-b, l&#8217;alternan\u00e7a [&hellip;]<\/p>\n","protected":false},"author":1,"featured_media":0,"comment_status":"open","ping_status":"open","sticky":false,"template":"","format":"standard","meta":{"footnotes":""},"categories":[44],"tags":[20,53,27,62],"class_list":["post-1737","post","type-post","status-publish","format-standard","hentry","category-lletra-r","tag-juridicoadministratiu","tag-revisions","tag-sintaxi","tag-verbs"],"post_mailing_queue_ids":[],"_links":{"self":[{"href":"https:\/\/www.cdlpv.org\/fitxes\/wp-json\/wp\/v2\/posts\/1737","targetHints":{"allow":["GET"]}}],"collection":[{"href":"https:\/\/www.cdlpv.org\/fitxes\/wp-json\/wp\/v2\/posts"}],"about":[{"href":"https:\/\/www.cdlpv.org\/fitxes\/wp-json\/wp\/v2\/types\/post"}],"author":[{"embeddable":true,"href":"https:\/\/www.cdlpv.org\/fitxes\/wp-json\/wp\/v2\/users\/1"}],"replies":[{"embeddable":true,"href":"https:\/\/www.cdlpv.org\/fitxes\/wp-json\/wp\/v2\/comments?post=1737"}],"version-history":[{"count":4,"href":"https:\/\/www.cdlpv.org\/fitxes\/wp-json\/wp\/v2\/posts\/1737\/revisions"}],"predecessor-version":[{"id":1744,"href":"https:\/\/www.cdlpv.org\/fitxes\/wp-json\/wp\/v2\/posts\/1737\/revisions\/1744"}],"wp:attachment":[{"href":"https:\/\/www.cdlpv.org\/fitxes\/wp-json\/wp\/v2\/media?parent=1737"}],"wp:term":[{"taxonomy":"category","embeddable":true,"href":"https:\/\/www.cdlpv.org\/fitxes\/wp-json\/wp\/v2\/categories?post=1737"},{"taxonomy":"post_tag","embeddable":true,"href":"https:\/\/www.cdlpv.org\/fitxes\/wp-json\/wp\/v2\/tags?post=1737"}],"curies":[{"name":"wp","href":"https:\/\/api.w.org\/{rel}","templated":true}]}}