{"id":1637,"date":"2018-01-23T20:30:46","date_gmt":"2018-01-23T19:30:46","guid":{"rendered":"http:\/\/www.cdlpv.org\/fitxes\/?p=1637"},"modified":"2020-01-31T12:37:41","modified_gmt":"2020-01-31T11:37:41","slug":"camot","status":"publish","type":"post","link":"https:\/\/www.cdlpv.org\/fitxes\/camot\/","title":{"rendered":"Camot"},"content":{"rendered":"<ol>\n<li>El nom Camot apareix en l&#8217;expressi\u00f3: \u00abacabar com Camot\u00bb. Esta locuci\u00f3 verbal apareix en el diccionari de l&#8217;avl (consulta: <a href=\"http:\/\/www.avl.gva.es\/lexicval\/?paraula=acabar\" target=\"_blank\" rel=\"noopener noreferrer\">23.01.2018<\/a>):<br \/>\n<blockquote><p><strong><span class=\"locucio negrita\">acabar com Camot<\/span><\/strong> <em><span class=\"catgramatical cursiva\">loc. verb.<\/span><\/em> <span class=\"definicio\">Acabar malament, eixir malparat.<\/span> <em><span class=\"exemples cursiva\">Es van embolicar en un negoci estrany i acabaren com Camot.<\/span><\/em><\/p><\/blockquote>\n<\/li>\n<li>Segons Josep Lozano (all\u00e0 pel 2000) el terme original podria ser Camelot. Ho relacionava amb altres termes que s&#8217;originen en la literatura (Fierabr\u00e0s&#8230;). Va ser una proposta imaginativa, per\u00f2 es veu que hi ha altres alternatives m\u00e9s probables i documentades hist\u00f2ricament.<\/li>\n<li>En <em>El Punt<\/em> (n\u00fam. 488, 11-17.05.2008) S\u00edlvia J. P\u00ednter, entrevistada per Tere Rodr\u00edguez, diu:<br \/>\n<blockquote><p><em>Acabar com Camot.<\/em> Camot \u00e9s un nom de persona que apareix en altres obres i el que jo anava investigant, a banda del significat, que vol dir \u00abacabar malament una cosa o una relaci\u00f3\u00bb, era saber si havia existit aquesta persona. I s\u00ed, sembla que vivia a Val\u00e8ncia, que tenia un c\u00e0rrec p\u00fablic i que en una revolta va ser apallissat per la gent.<\/p><\/blockquote>\n<\/li>\n<li>Joan Mascarell (02.06.2008) em recorda una <a href=\"http:\/\/blocs.mesvilaweb.cat\/node\/view\/8694\/\" target=\"_blank\" rel=\"noopener noreferrer\">anotaci\u00f3<\/a> del bloc de Toni Cucarella que tamb\u00e9 mirava de donar un origen a l&#8217;expressi\u00f3:<br \/>\n<blockquote><p>Diem: \u00abHem quedat com Camot\u00bb, i volem expressar que hem quedat malament, que les coses ens han eixit entortellades, que hem estat v\u00edctimes de la desgr\u00e0cia. De molts dels personatges que hem anat anomenant \u2014Tac\u00f3, Carracuca, Piu, Tronc, Garr\u00f3&#8230;\u2014 nom\u00e9s coneixem all\u00f2 que diu la frase que els reporta: de les seues vides, si \u00e9s que potser existiren de veritat i no foren protagonistes d&#8217;alguna rondalla inventada, no sabem res m\u00e9s. En canvi, de Galima, roder de la Costera, alguna not\u00edcia n&#8217;hem pogut donar. I tot seguit n&#8217;hi donarem de Camot. Abans de fer els cinc c\u00e8ntims de la seua desgraciada biografia, cal, primer de tot, donar les gr\u00e0cies a Vicent Orqu\u00edn, bibliotecari de X\u00e0tiva, que va ser qui em va proporcionar les dades que tot seguit escudellar\u00e9. El que referir\u00e9 de Camot ho he amprat \u2014manllevat\u2014 de l&#8217;article que l&#8217;any 1911 va publicar el prevere Pere Sucias a l&#8217;<em>Heraldo de J\u00e1tiva<\/em>, i que va titular, com no podia ser d&#8217;una altra manera, \u00abHas quedat com &#8220;Camot&#8221;\u00bb. Francesc Navarro, m\u00e9s conegut pel malnom de <em>Camot<\/em>, va n\u00e0ixer a X\u00e0tiva, al barri de les Barreres (extramurs de la ciutat), l&#8217;any 1780. [&#8230;] Fins que l&#8217;any 1826 feren la feta del canonge Cebri\u00e0, home de fam\u00edlia rica. [&#8230;]<\/blockquote>\n<p>Entre els comentaris a l&#8217;apunt de Cucarella, apareix una hip\u00f2tesi (04.12.2009) per a la dita:<\/p>\n<blockquote>[&#8230;] La paraula <em>camot<\/em> \u00e9s un sin\u00f2nim de <em>cuixot<\/em> o <em>pernil,<\/em> i com tots sabem, els camots, per assecar-los, es pengen d&#8217;un extrem. Aquest seria el que voldria dir \u00abquedar com camot\u00bb, quedar ben malament, \u00e9s a dir, penjat del coll.<\/p><\/blockquote>\n<\/li>\n<li>V\u00edctor Xercavins (22.01.2010) em d\u00f3na a con\u00e9ixer una altra possible identificaci\u00f3 del tal Camot apareguda en el <em>Postdata<\/em> (<em>Levante,<\/em> 22.01.2010; <a href=\"http:\/\/medias.levante-emv.com\/documentos\/2010-01-29_DOC_2010-01-22_00_06_40_posdata.pdf\" target=\"_blank\" rel=\"noopener noreferrer\"><span class=\"versaleta\">[pdf]<\/span><\/a>) en l&#8217;article \u00abBandolers, des del Montd\u00faver al Montg\u00f3\u00bb d&#8217;Antoni Zaragoz\u00e0:<center><a href=\"http:\/\/www.einesdellengua.com\/Fitxes\/Textos\/Imatges\/camot.png\" target=\"_blank\" rel=\"noopener noreferrer\"><img decoding=\"async\" src=\"http:\/\/www.einesdellengua.com\/Fitxes\/Textos\/Imatges\/camot.png\" alt=\"Not\u00edcia sobre Camot\" width=\"379.6\" height=\"\" border=\"0\" \/><\/a><\/center>Cal observar la coincid\u00e8ncia de la data final de la hist\u00f2ria dels Camots de Cucarella i Zaragoz\u00e0: 1826. En eixe sentit, el company Vicent Sanchis Mart\u00ednez (25.01.2010) envia la informaci\u00f3 seg\u00fcent:<br \/>\n<blockquote><p>Al marge de quin siga l&#8217;origen del malnom Camot, i de quina persona f\u00f3ra la primera en dur-lo penjat despr\u00e9s del seu nom propi, sembla que, si m\u00e9s no, en el s. <span class=\"versaleta\">xix<\/span> s&#8217;havia popularitzat l&#8217;\u00e0lies i s&#8217;utilitzava per a designar m\u00e9s d&#8217;un element relacionat amb el m\u00f3n del bandolerisme (encara que en aquella \u00e8poca qualsevol pr\u00f2fug de la just\u00edcia era un bandoler per a l&#8217;estat). [&#8230;] En el fragment del <em>Postdata<\/em> del <em>Levante<\/em>, el Camot que apareix \u00e9s un Domingo Giner, \u00e0lies Camot, de qui ara t&#8217;envie una fotoc\u00f2pia d&#8217;un document en qu\u00e8 apareix esmentat:<\/p>\n<p><center><a href=\"http:\/\/www.einesdellengua.com\/Fitxes\/Textos\/Imatges\/camot-vsanchis.jpg\" target=\"_blank\" rel=\"noopener noreferrer\"><img decoding=\"async\" src=\"http:\/\/www.einesdellengua.com\/Fitxes\/Textos\/Imatges\/camot-vsanchis-menut.jpg\" alt=\"Not\u00edcia sobre Camot\" width=\"595\" height=\"\" border=\"0\" \/><\/a><\/center>I, per cert, a m\u00e9s de bandolers tamb\u00e9 pareix que siguen coetanis. [&#8230;] Per tant, crec que podem suposar que potser n&#8217;hi hauria m\u00e9s Camots. Al marge de quin f\u00f3ra el primer.<\/p><\/blockquote>\n<\/li>\n<\/ol>\n","protected":false},"excerpt":{"rendered":"<p>El nom Camot apareix en l&#8217;expressi\u00f3: \u00abacabar com Camot\u00bb. Esta locuci\u00f3 verbal apareix en el diccionari de l&#8217;avl (consulta: 23.01.2018): acabar com Camot loc. verb. Acabar malament, eixir malparat. Es van embolicar en un negoci estrany i acabaren com Camot. Segons Josep Lozano (all\u00e0 pel 2000) el terme original podria ser Camelot. Ho relacionava amb [&hellip;]<\/p>\n","protected":false},"author":1,"featured_media":0,"comment_status":"open","ping_status":"open","sticky":false,"template":"","format":"standard","meta":{"footnotes":""},"categories":[14],"tags":[66,102,101,53],"class_list":["post-1637","post","type-post","status-publish","format-standard","hentry","category-lletra-c","tag-locucions","tag-noms","tag-personatges","tag-revisions"],"post_mailing_queue_ids":[],"_links":{"self":[{"href":"https:\/\/www.cdlpv.org\/fitxes\/wp-json\/wp\/v2\/posts\/1637","targetHints":{"allow":["GET"]}}],"collection":[{"href":"https:\/\/www.cdlpv.org\/fitxes\/wp-json\/wp\/v2\/posts"}],"about":[{"href":"https:\/\/www.cdlpv.org\/fitxes\/wp-json\/wp\/v2\/types\/post"}],"author":[{"embeddable":true,"href":"https:\/\/www.cdlpv.org\/fitxes\/wp-json\/wp\/v2\/users\/1"}],"replies":[{"embeddable":true,"href":"https:\/\/www.cdlpv.org\/fitxes\/wp-json\/wp\/v2\/comments?post=1637"}],"version-history":[{"count":12,"href":"https:\/\/www.cdlpv.org\/fitxes\/wp-json\/wp\/v2\/posts\/1637\/revisions"}],"predecessor-version":[{"id":2969,"href":"https:\/\/www.cdlpv.org\/fitxes\/wp-json\/wp\/v2\/posts\/1637\/revisions\/2969"}],"wp:attachment":[{"href":"https:\/\/www.cdlpv.org\/fitxes\/wp-json\/wp\/v2\/media?parent=1637"}],"wp:term":[{"taxonomy":"category","embeddable":true,"href":"https:\/\/www.cdlpv.org\/fitxes\/wp-json\/wp\/v2\/categories?post=1637"},{"taxonomy":"post_tag","embeddable":true,"href":"https:\/\/www.cdlpv.org\/fitxes\/wp-json\/wp\/v2\/tags?post=1637"}],"curies":[{"name":"wp","href":"https:\/\/api.w.org\/{rel}","templated":true}]}}