{"id":1623,"date":"2018-01-22T20:30:33","date_gmt":"2018-01-22T18:30:33","guid":{"rendered":"http:\/\/www.cdlpv.org\/fitxes\/?p=1623"},"modified":"2024-02-08T21:43:17","modified_gmt":"2024-02-08T20:43:17","slug":"guionet","status":"publish","type":"post","link":"https:\/\/www.cdlpv.org\/fitxes\/guionet\/","title":{"rendered":"guionet"},"content":{"rendered":"<ol>\n<li style=\"list-style-type: none;\">\n<ol>\n<li>Les normes ortogr\u00e0fiques de l&#8217;Institut d&#8217;Estudis Catalans \u2014que tenen web propi des del 08.06.2022\u2014 <a href=\"https:\/\/oiec.iec.cat\/inici\" target=\"_blank\" rel=\"noopener\"><i class=\"fas fa-external-link-alt\"><\/i><\/a>\u00a0han canviat una miqueta en la nova <a href=\"https:\/\/www.iec.cat\/llengua\/documents\/ortografia_catalana_versio_digital.pdf\" target=\"_blank\" rel=\"noopener\">ortografia del 2017<\/a> respecte a les <a href=\"http:\/\/www.einesdellengua.com\/Fitxes\/Textos\/G\/guionetiec1996.htm\" target=\"_blank\" rel=\"noopener\">normes del 1996<\/a> quant a l&#8217;\u00fas del guionet. I han tornat a canviar l&#8217;any 2021 (veg. <em><span class=\"versaleta\">oiec<\/span><\/em> <a href=\"https:\/\/www.iec.cat\/llengua\/documents\/oiec_juny_2021.pdf\" target=\"_blank\" rel=\"noopener\">4.3.1<\/a>; veg. una <a href=\"https:\/\/www.iec.cat\/llengua\/documents\/oiec_final_moratoria.pdf\" target=\"_blank\" rel=\"noopener\">s\u00edntesi<\/a> de canvis). Ac\u00ed mostrem uns exemples significatius dels canvis (relacionats amb el vector de la lexicalitzaci\u00f3):<br \/>\n<table style=\"height: 482px; width: 95%;\" cellspacing=\"0\" cellpadding=\"1\">\n<colgroup>\n<col width=\"65\" \/>\n<col width=\"65\" \/>\n<col width=\"63\" \/>\n<col width=\"63\" \/> <\/colgroup>\n<tbody>\n<tr style=\"height: 11px;\" valign=\"top\">\n<td style=\"width: 248px; text-align: center;\">2021<\/p>\n<p align=\"center\">\n<\/td>\n<td style=\"width: 248px; height: 11px;\">\n<p align=\"center\"><i>2017<\/i><\/p>\n<\/td>\n<td style=\"width: 251px; height: 11px;\">\n<p align=\"center\"><i>1996<\/i><\/p>\n<\/td>\n<\/tr>\n<tr style=\"height: 50px;\" valign=\"top\">\n<td style=\"width: 248px;\">\n<p align=\"center\"><i>Aglutinat sense guionet<br \/>\n<\/i><\/p>\n<\/td>\n<td style=\"width: 248px; height: 50px;\">\n<p align=\"center\"><i>Aglutinat sense guionet<\/i><\/p>\n<\/td>\n<td style=\"width: 251px; height: 50px;\">\n<p align=\"center\"><i>Aglutinat sense guionet<\/i><\/p>\n<\/td>\n<\/tr>\n<tr style=\"height: 36px;\" valign=\"top\">\n<td style=\"width: 248px;\">4.3.1.1. Els mots constru\u00efts amb prefixos s\u2019escriuen sense guionet entre el prefix i el radical.<br \/>\nExemples: <em>viceministra, exviceministra, vicepresidenta, exvicepresidenta, vicesecret\u00e0ria primera, exvicesecret\u00e0ria primera, vicesecret\u00e0ria general, <strong>subdirectora general, <\/strong>exsubdirectora general,<strong> exdirectora general, exconseller en cap.<br \/>\n<\/strong><\/em><div class=\"su-note\"  style=\"border-color:#e5e54c;border-radius:3px;-moz-border-radius:3px;-webkit-border-radius:3px;\"><div class=\"su-note-inner su-u-clearfix su-u-trim\" style=\"background-color:#FFFF66;border-color:#ffffff;color:#333333;border-radius:3px;-moz-border-radius:3px;-webkit-border-radius:3px;\"><span style=\"font-size: 10pt;\">Cal incloure ac\u00ed les \u00abexpressions formades per un prefix i un sintagma no lexicalitzat\u00bb esmentades m\u00e9s avall.<\/span><\/div><\/div><\/td>\n<td style=\"width: 248px; height: 36px;\">4.3.1.1. Els mots constru\u00efts amb prefixos s\u2019escriuen sense guionet entre el prefix i el radical.<br \/>\nExemples: <em>viceministra, exviceministra, vicepresidenta, exvicepresidenta<\/em>.<br \/>\n<div class=\"su-note\"  style=\"border-color:#e5e54c;border-radius:3px;-moz-border-radius:3px;-webkit-border-radius:3px;\"><div class=\"su-note-inner su-u-clearfix su-u-trim\" style=\"background-color:#FFFF66;border-color:#ffffff;color:#333333;border-radius:3px;-moz-border-radius:3px;-webkit-border-radius:3px;\"><span style=\"font-size: 10pt;\">Veg. m\u00e9s avall, amb guionet, <em>sub-directora general, ex-directora general, ex-conseller en cap.<\/em><\/span><\/div><\/div><\/td>\n<td style=\"width: 251px; height: 36px;\">2.<i>a. <\/i>Els mots constru\u00efts amb prefixos.<br \/>\nExemples: <em>viceministra, exviceministra, vicepresidenta, exvicepresidenta, <strong>exdirectora general,<\/strong> <i>exeurodiputada, exvicesecret\u00e0ria<\/i><\/em>.<br \/>\n<div class=\"su-note\"  style=\"border-color:#e5e54c;border-radius:3px;-moz-border-radius:3px;-webkit-border-radius:3px;\"><div class=\"su-note-inner su-u-clearfix su-u-trim\" style=\"background-color:#FFFF66;border-color:#ffffff;color:#333333;border-radius:3px;-moz-border-radius:3px;-webkit-border-radius:3px;\"><span style=\"font-size: 10pt;\">Veg. m\u00e9s avall, aglutinats, <em>subdirectora general i exconseller en cap<\/em><strong>.<\/strong><\/span><\/div><\/div><\/td>\n<\/tr>\n<tr style=\"height: 5px;\" valign=\"top\">\n<td style=\"width: 248px;\">4.3.1.1. Igualment, quan un radical va precedit de dos o m\u00e9s prefixos.<br \/>\nExemples: <i>exeurodiputada, exvicepresidenta, exvicesecret\u00e0ria<\/i>.<\/td>\n<td style=\"width: 248px; height: 5px;\">4.3.1.1. Igualment, quan un radical va precedit de dos o m\u00e9s prefixos.<br \/>\nExemples: <i>exeurodiputada, exvicepresidenta, exvicesecret\u00e0ria<\/i>.<\/td>\n<td style=\"width: 251px; height: 5px;\"><\/td>\n<\/tr>\n<tr>\n<td style=\"width: 248px; text-align: center;\"><em>Separat sense guionet<\/em><\/td>\n<td style=\"width: 248px; text-align: center;\"><em>Amb guionet<\/em><\/td>\n<td style=\"width: 251px; text-align: center;\"><em>Amb guionet<\/em><\/td>\n<\/tr>\n<tr>\n<td style=\"width: 248px; text-align: left;\">4.3.1.2.<em>b.<\/em> Quan el prefix precedeix maj\u00fascules, xifres, s\u00edmbols, cometes o mots en cursiva.<br \/>\nExemples: <em>anti <span class=\"versaleta\">otan, <\/span>ex Iugosl\u00e0via, post <a href=\"https:\/\/www.cdlpv.org\/fitxes\/covid-19\/\" target=\"_blank\" rel=\"noopener\"><span class=\"versaleta\">covid-19<\/span><\/a><\/em>.<\/td>\n<td style=\"width: 248px;\">4<em>.<\/em>3.1.2.<em>b.<\/em> Quan el prefix precedeix maj\u00fascules, xifres, s\u00edmbols, cometes o mots en cursiva.<br \/>\nExemples: <em>anti<span class=\"versaleta\">-otan<\/span>, ex-Iugosl\u00e0via, post-<a href=\"https:\/\/www.cdlpv.org\/fitxes\/covid-19\/\" target=\"_blank\" rel=\"noopener\"><span class=\"versaleta\">covid-19<\/span><\/a>.<\/em><\/td>\n<td style=\"width: 251px;\"><span class=\"versaleta\">(avl-iec; 2.<\/span><em>a<\/em><span class=\"versaleta\">)<\/span> En les paraules formades amb un prefix i un nom propi escrit amb maj\u00fascula inicial.<br \/>\nExemples: <em>anti<span class=\"versaleta\">-otan,<\/span> ex-Iugosl\u00e0via.<\/em><\/td>\n<\/tr>\n<tr>\n<td style=\"width: 248px; text-align: left;\">4.3.1.2.<em>c.<\/em> Quan el prefix precedeix una locuci\u00f3, un sintagma lexicalitzat, un sintagma que ja porta un prefix separat o un mot que ja porta guionet.<br \/>\nExemples: <em>ex alt c\u00e0rrec, pro dret de vaga,<\/em><em> ex primera ministra, ex vice primera ministra, pre segona guerra mundial, post <a href=\"https:\/\/www.cdlpv.org\/fitxes\/covid-19\/\" target=\"_blank\" rel=\"noopener\">c\u00f2vid-19<\/a><\/em>.<\/td>\n<td style=\"width: 248px;\">4.3.1.2.<em>c.<\/em> Quan el prefix precedeix una locuci\u00f3, un sintagma lexicalitzat o un mot que ja porta guionet.<br \/>\nExemples: <em>ex-alt c\u00e0rrec, pro-dret de vaga, ex-primera ministra, ex-vice-primera ministra, vice-secret\u00e0ria general, <strong>sub-directora general, ex-directora general, ex-conseller en cap, <\/strong>post-<a href=\"https:\/\/www.cdlpv.org\/fitxes\/covid-19\/\" target=\"_blank\" rel=\"noopener\">c\u00f2vid-19<\/a>.<\/em><\/td>\n<td style=\"width: 251px;\">(Sense guionet, seguint 2.<em>a,<\/em> quan es tracta d&#8217;un prefix unita a la primera paraula d&#8217;un sintagma.)<br \/>\nExemples: <em>exalt c\u00e0rrec, prodret de vaga, exviceprimera ministra, <strong>subdirectora general,<\/strong><strong> exconseller en cap<\/strong><\/em>.<\/td>\n<\/tr>\n<tr>\n<td style=\"width: 248px; text-align: center;\"><em>Aglutinat sense guionet<\/em><\/td>\n<td style=\"width: 248px;\"><\/td>\n<td style=\"width: 251px;\"><\/td>\n<\/tr>\n<tr>\n<td style=\"width: 248px; text-align: left;\">4.3.1.2.<em>c<\/em>. En expressions formades per un prefix i un sintagma no lexicalitzat, no s\u2019hi ha d\u2019escriure guionet i el prefix s\u2019escriu aglutinat amb el nucli.<br \/>\nExemples: veg<em>. <\/em>4.3.1.1.<em><br \/>\n<\/em><\/td>\n<td style=\"width: 248px;\"><\/td>\n<td style=\"width: 251px;\"><\/td>\n<\/tr>\n<\/tbody>\n<\/table>\n<p>A m\u00e9s de llegir els documents de l&#8217;<span class=\"versaleta\">iec<\/span>, cal pegar una miradeta als de l&#8217;altra entitat implicada en estos canvis, l&#8217;Acad\u00e8mia Valenciana de la Llengua, que va penjar en el seu web \u2014el 09.07.2021, despr\u00e9s que els ho deman\u00e0rem per correu electr\u00f2nic\u2014 l&#8217;<a href=\"https:\/\/www.avl.gva.es\/documents\/31983\/0\/ACORD+NORMATIU+4+JUNY+2021.pdf\/427f5ef6-c1b1-493b-a0f7-fe5f39e1b631\" target=\"_blank\" rel=\"noopener\">Acord 22\/2021<\/a>. En eixe document podem vore una explicaci\u00f3 esquem\u00e0tica que mostra com s&#8217;ha complicat innecess\u00e0riament la norma en lloc de fer-la \u00fatil per a resoldre qualsevol cas de manera previsible ortogr\u00e0ficament.<\/p>\n<p><strong>La lexicalitzaci\u00f3 que tot ho somou<\/strong><br \/>\nPodem observar que el concepte <em>lexicalitzaci\u00f3<\/em> \u00e9s el que fa pivotar i girar la n\u00f2ria dels canvis. Estranyament, ni en l&#8217;ortografia ni en la gram\u00e0tica de l&#8217;institut apareix un apartat que explique detalladament en qu\u00e8 consistix eixe fenomen:<\/p>\n<table style=\"height: 362px; width: 95%;\" cellspacing=\"0\" cellpadding=\"1\">\n<colgroup>\n<col width=\"\" \/>\n<col width=\"\" \/>\n<col width=\"\" \/> <\/colgroup>\n<colgroup>\n<col width=\"\" \/><\/colgroup>\n<tbody>\n<tr style=\"height: 22px;\">\n<td style=\"width: 46.6667%; text-align: center; height: 22px;\"><strong>2021<\/strong><\/td>\n<td style=\"width: 30.8974%; text-align: center; height: 22px;\"><strong>2017<\/strong><\/td>\n<td style=\"width: 22.1795%; text-align: center; height: 22px;\"><strong>1996<\/strong><\/td>\n<\/tr>\n<tr>\n<td style=\"width: 46.6667%; text-align: center;\"><em>Lexicalitzaci\u00f3: amb espai<\/em><\/td>\n<td style=\"width: 30.8974%; text-align: center;\"><em>\u00a0<\/em><em>Lexicalitzaci\u00f3: amb guionet<strong><br \/>\n<\/strong><\/em><\/td>\n<td style=\"width: 22.1795%; text-align: center;\"><em>\u00a0<\/em><em>Paraules compostes amb prefixos aglutinats<\/em><\/td>\n<\/tr>\n<tr>\n<td style=\"width: 46.6667%;\"><em>ex vice tinent d&#8217;alcalde<br \/>\n<strong>ex alt c\u00e0rrec<\/strong><br \/>\n<\/em><\/td>\n<td style=\"width: 30.8974%;\"><em><em>ex-vice-tinent d&#8217;alcalde<strong><br \/>\nsub-directora general<\/strong><br \/>\n<strong>ex-alcalde de Castell\u00f3<\/strong><br \/>\n<strong>ex-conseller en cap<\/strong><br \/>\n\u00bfex-alcalde pedani?<br \/>\n\u00bfex-alcalde de barri?<br \/>\n<strong>ex-alt c\u00e0rrec<\/strong><br \/>\n<\/em><\/em><\/td>\n<td style=\"width: 22.1795%;\"><em>exvicetinent d&#8217;alcalde<\/em><strong><em><br \/>\n<\/em><\/strong><strong><em>subdirectora general<br \/>\nexalcalde de Castell\u00f3<br \/>\nexconseller en cap<br \/>\n<\/em><\/strong><em><em>exalcalde pedani<br \/>\nexalcalde de barri<br \/>\n<strong>exalt c\u00e0rrec<\/strong><br \/>\n<\/em><\/em><\/td>\n<\/tr>\n<tr style=\"height: 68px;\">\n<td style=\"width: 46.6667%; height: 68px; text-align: center;\"><em>No(-)lexicalitzaci\u00f3: aglutinats<br \/>\n<div class=\"su-note\"  style=\"border-color:#e5e54c;border-radius:3px;-moz-border-radius:3px;-webkit-border-radius:3px;\"><div class=\"su-note-inner su-u-clearfix su-u-trim\" style=\"background-color:#FFFF66;border-color:#ffffff;color:#333333;border-radius:3px;-moz-border-radius:3px;-webkit-border-radius:3px;\">No podem saber si \u00e9s \u00abno-lexicalitzaci\u00f3\u00bb o \u00abno lexicalitzaci\u00f3\u00bb.<\/div><\/div><\/em><\/td>\n<td style=\"width: 30.8974%; height: 68px;\"><em><strong>\u00a0<\/strong><\/em><\/td>\n<td style=\"width: 22.1795%; height: 68px;\"><\/td>\n<\/tr>\n<tr style=\"height: 159px;\">\n<td style=\"width: 46.6667%; height: 159px;\"><em>exvicepresident primer<strong><br \/>\nsubdirectora general<\/strong><br \/>\n<strong>exalcalde de Castell\u00f3<\/strong><br \/>\n<strong>exconseller en cap<\/strong><br \/>\nexconseller delegat<br \/>\nexconseller primer<br \/>\nexalcalde pedani<br \/>\nexalcalde de barri<\/em><\/td>\n<td style=\"width: 30.8974%; height: 159px;\"><\/td>\n<td style=\"width: 22.1795%; height: 159px;\"><\/td>\n<\/tr>\n<\/tbody>\n<\/table>\n<p>La idea de la lexicalitzaci\u00f3 va provocar que la <em>subdirectora general<\/em> del 1996 passara a <em>sub-directora general<\/em> en 2017. Ara, en 2021, torna a ser <em>subdirectora general,<\/em> sense que l&#8217;institut haja explicat com \u00e9s que ha perdut la <em>lexicalitzaci\u00f3<\/em> que havia adquirit en 2017. Per tant, no podem entendre este fenomen, i deu ser per eixe motiu que l&#8217;\u00c9sadir (consulta: <a href=\"https:\/\/esadir.cat\/entrades\/fitxa\/node\/guionet\" target=\"_blank\" rel=\"noopener\">16.07.2021<\/a>) va seguir en 2017 el criteri seg\u00fcent:<\/p>\n<blockquote><p>L&#8217;<span class=\"versaleta\">oiec<\/span> distingeix entre prefixos que afecten una sola paraula i prefixos que afecten sintagmes lexicalitzats.<\/p>\n<p>Per simplificar i evitar asimetries, optem per seguir la norma general [&#8230;] tant davant paraules com davant sintagmes i escrivim de manera aglutinada (sense guionets ni espais) <em>exdirector, exdirector general, exministra, exministra de Sanitat, exprimera ministra, excap de campanya, excomissari, excomissari en cap, exdelegat, exdelegat del govern, exalts c\u00e0rrecs, prodret de vaga, prodrets humans, subdirectora, subdirectora general, subdirecci\u00f3 general, vicepresident, vicepresident primer, viceprimera ministra, vicesecretari general,<\/em> etc.<\/p><\/blockquote>\n<p>\u00abPer simplificar i evitar asimetries\u00bb, fa quatre anys que ho va notar l&#8217;\u00c9sadir, per\u00f2 l&#8217;institut persistix en la idea de complicar i crear asimetries. Posant-hi bona voluntat, podem agrair l&#8217;intent de reduir l&#8217;\u00fas de signes innecessaris. Per a reduir l&#8217;\u00fas del guionet, els acad\u00e8mics han pensat introduir l&#8217;\u00fas del prefix separat per un espai en blanc de la paraula posterior. Eixa decisi\u00f3 es separa del primer punt que parla de \u00abmots constru\u00efts amb prefixos\u00bb (que diu que s&#8217;escriuen aglutinats). Per aix\u00f2 mateix, no pareix que tinga massa sentit jugar a separar i unir les paraules, menys encara si es tracta de fer \u00abdistincions conceptuals\u00bb que no tenen massa justificaci\u00f3. \u00c9s una pr\u00e0ctica que no incopora cap utilitat i, en canvi, impedix aplicar l&#8217;ortografia de manera previsible i coherent.<\/p>\n<div class=\"su-note\"  style=\"border-color:#e5e54c;border-radius:3px;-moz-border-radius:3px;-webkit-border-radius:3px;\"><div class=\"su-note-inner su-u-clearfix su-u-trim\" style=\"background-color:#FFFF66;border-color:#ffffff;color:#333333;border-radius:3px;-moz-border-radius:3px;-webkit-border-radius:3px;\"> Versi\u00f3 del 2021. Continua sense tindre massa sentit la distinci\u00f3 ortogr\u00e0fica entre lexicalitzat i no lexicalitzat, m\u00e9s encara si ara han canviat de casella i apareixen com a no lexicalitzats casos que fa quatre anys eren lexicalitzats.<\/div><\/div>\n<p>Com podem observar, hi ha casos en qu\u00e8 la soluci\u00f3 del 2017 (i del 2021) pareix contradir la introducci\u00f3 de la proposta normativa del 1996, que exposava:<\/p>\n<blockquote><p>La normativa sobre aquesta q\u00fcesti\u00f3 no havia estat resolta fins en aquest moment d&#8217;una manera prou satisfact\u00f2ria i aix\u00f2 provocava sovint dubtes als usuaris de la llengua, sigui perqu\u00e8 utilitzava <strong>distincions conceptuals<\/strong> potser no prou justificades o prou clares <em><span class=\"exemple\">(ultra-conservador, ultramicrosc\u00f2pic; arxi-milionari, arxifonema)<\/span>,<\/em> sigui perqu\u00e8 donava lloc a solucions contradict\u00f2ries \u00abalmenys aparentment\u00bb <em><span class=\"exemple\">(sots-inspector, subinspector; pre-palatal, m\u00e8dio-palatal, postpalatal; cap-gros, capbaix; cul-negre, cuallarg; de cop-descuit, al capdavall; col-i-flor, allioli)<\/span>.<\/em><\/p><\/blockquote>\n<p>\u00c9s a dir, la proposta del 2017 va ignorar eixa intenci\u00f3 i va tornar en algun cas a utilitzar \u00abdistincions conceptuals\u00bb poc clares que han donat lloc a solucions imprevisibles, ja no \u00abalmenys aparentment\u00bb, sin\u00f3 que es confirma l&#8217;any 2021, quan \u00abdeslexicalitzen\u00bb <em>directora general <\/em>i <em>conseller en cap<\/em>. Podem observar els casos seg\u00fcents:<\/p>\n<table style=\"height: 1052px;\" width=\"95%\" cellspacing=\"0\" cellpadding=\"1\">\n<colgroup>\n<col width=\"65\" \/>\n<col width=\"65\" \/>\n<col width=\"63\" \/>\n<col width=\"63\" \/> <\/colgroup>\n<tbody>\n<tr style=\"height: 28px;\" valign=\"top\">\n<td style=\"height: 28px; width: 392.867px;\" colspan=\"2\">\n<p align=\"center\"><i>2017<\/i><\/p>\n<\/td>\n<td style=\"height: 28px; width: 387.133px;\" colspan=\"2\">\n<p align=\"center\"><i>1996<\/i><\/p>\n<\/td>\n<\/tr>\n<tr style=\"height: 62px;\" valign=\"top\">\n<td style=\"height: 62px; width: 187.433px;\">\n<p align=\"center\"><i>Sense guionet<\/i><\/p>\n<\/td>\n<td style=\"height: 62px; width: 187.433px;\">\n<p align=\"center\"><i>Amb guionet<\/i><\/p>\n<\/td>\n<td style=\"height: 62px; width: 184.667px;\">\n<p align=\"center\"><i>Sense guionet<\/i><\/p>\n<\/td>\n<td style=\"height: 62px; width: 184.467px;\">\n<p align=\"center\"><i>Amb guionet<\/i><\/p>\n<\/td>\n<\/tr>\n<tr style=\"height: 120px;\" valign=\"top\">\n<td style=\"height: 120px; width: 187.433px;\"><\/td>\n<td style=\"height: 120px; width: 187.433px;\">4.3.1.2.<i>a<\/i> En els conjunts formats per un <b>nom<\/b> o un <b>adjectiu<\/b> precedits de l\u2019adverbi <i>no<\/i> <b>que han assolit un alt grau de lexicalitzaci\u00f3.<\/b><\/td>\n<td style=\"height: 120px; width: 184.667px;\"><\/td>\n<td style=\"height: 120px; width: 184.467px;\">2.<i>a<\/i> El <b>substantiu<\/b> <em><i>no-res<\/i><\/em> i els compostos formats amb el mot <em><i>no<\/i><\/em> i un <b>substantiu<\/b> s&#8217;escriuran amb guionet: <i>el no-alineament, la no-viol\u00e8ncia;<\/i><\/td>\n<\/tr>\n<tr style=\"height: 125px;\" valign=\"top\">\n<td style=\"height: 125px; width: 187.433px;\">4.3.1.2.<i>a<\/i> En canvi, <b>altres expressions no han assolit aquest grau de lexicalitzaci\u00f3.<\/b><\/td>\n<td style=\"height: 125px; width: 187.433px;\"><\/td>\n<td style=\"height: 125px; width: 184.667px;\">2.<i>a<\/i> En canvi, el mot <em>no<\/em> s&#8217;escriur\u00e0 com a mot independent quan precedeix un <b>adjectiu:<\/b> <i>els pa\u00efsos no alineats, les nacions no violentes, els no violents.<\/i><\/td>\n<td style=\"height: 125px; width: 184.467px;\"><\/td>\n<\/tr>\n<tr style=\"height: 245px;\" valign=\"top\">\n<td style=\"height: 245px; width: 187.433px;\">4.3.1.2.<i>c<\/i> Expressions formades per un prefix i un sintagma <b>no lexicalitzat,<\/b> en les quals el prefix nom\u00e9s incideix sobre el nucli i no sobre la totalitat del sintagma: <i>exalcaldessa d\u2019Alacant, vicepresidenta primera.<\/i><\/td>\n<td style=\"height: 245px; width: 187.433px;\">4.3.1.2.<i>c <\/i>Quan el prefix precedeix una locuci\u00f3, un sintagma <b>lexicalitzat<\/b> o un mot que ja porta guionet: <i>anti-cascos blaus, ex-directora general, ex-vice-primer ministre.<br \/>\n<\/i><div class=\"su-note\"  style=\"border-color:#e5e54c;border-radius:3px;-moz-border-radius:3px;-webkit-border-radius:3px;\"><div class=\"su-note-inner su-u-clearfix su-u-trim\" style=\"background-color:#FFFF66;border-color:#ffffff;color:#333333;border-radius:3px;-moz-border-radius:3px;-webkit-border-radius:3px;\"><strong>2021<\/strong>. A. Canvien el guionet per un espai en blanc: <i>anti cascos blaus, ex vice-primer ministre<\/i>.<br \/>\nB. \u00abDeslexicalitzen\u00bb <em>directora general<\/em> o<em> conseller en cap<\/em> i, per tant, ara prescriuen: <em>exdirectora general<\/em> i <em>exconseller en cap.<\/em><\/div><\/div><\/td>\n<td style=\"height: 245px; width: 184.667px;\">2.<i>a<\/i> Els mots amb els prefixos seg\u00fcents: <em>arxi-, bes-, ex-, per-, plus-, pre-, pro-, pseudo-, quasi-, sobre-, sots-, ultra-, vice-.<\/em><\/td>\n<td style=\"height: 245px; width: 184.467px;\"><\/td>\n<\/tr>\n<\/tbody>\n<\/table>\n<p>La norma del 1996 permetia distingir clarament com utilitzar el prefix <em>no-: <\/em>davant de substantiu; i l&#8217;adverbi <em>no: <\/em>davant d&#8217;adjectiu. La norma del 2017 (i la del 2021) no aclarix res: tot dep\u00e9n d&#8217;un misteri\u00f3s \u00abgrau de lexicalitzaci\u00f3\u00bb. La mateixa anomalia es reprodu\u00efx en el tractament dels prefixos <em>arxi-, bes-, ex-, per-, plus-, pre-, pro-, pseudo-, quasi-, sobre-, sots-, ultra-, vice-: <\/em>fins al 2017, sense guionet; a partir del 2017, dep\u00e9n de la concepci\u00f3 que tingam d&#8217;aix\u00f2 que denominen lexicalitzaci\u00f3 (i aix\u00f2 fa pensar en aquelles \u00abdistincions conceptuals potser no prou justificades o prou clares\u00bb de la justificaci\u00f3 del 1996).<em><br \/>\n<\/em><\/p>\n<p>Una mostra de la poca claredat en alguna d&#8217;estes novetats es pot observar en l&#8217;intent de \u00abjustificaci\u00f3\u00bb que fa l&#8217;<span class=\"versaleta\">iec<\/span> en un cas (4.3.1.2):<\/p>\n<blockquote><p>Notem el mat\u00eds entre <em>Gandhi era radicalment no-violent<\/em> (\u2018partidari de la no-viol\u00e8ncia\u2019) i <em>un pres no violent<\/em> (\u2018que no \u00e9s conflictiu\u2019).<\/p><\/blockquote>\n<p>\u00c9s a dir, tant Gandhi com el misteri\u00f3s pres que li fa companyia, poden ser uns <em>no violents no-violents; <\/em>de fet, Gandhi va ser, seguint l&#8217;institut, un <em>no-violent<\/em> ben conflictiu, \u00e9s a dir, un<em> no-violent ben violent<\/em>. B\u00e9, s\u00f3n jocs de paraules i de normes gr\u00e0fiques que no pareix que tinguen massa sentit.<\/p>\n<p>El 2 de desembre del 2016 vaig demanar a la Secci\u00f3 Filol\u00f2gica de l&#8217;<span class=\"versaleta\">iec<\/span> que estigueren m\u00e9s pendents de facilitar l&#8217;aprenentatge i l&#8217;\u00fas en lloc de complicar-los:<\/p>\n<blockquote><p>La proposta actual [publicada en 2017] no aporta cap millora ortogr\u00e0fica, proposa \u00abmatisos\u00bb sem\u00e0ntics discutibles o <em>inexistents<\/em> (\u00e9s a dir, <em>no existents<\/em>, que tenen la qualitat de la <em>no-exist\u00e8ncia<\/em> o de la <em>inexist\u00e8ncia)<\/em> i, en el fons, torna a deixar la <span lang=\"ES\">q\u00fcesti\u00f3 sense criteri aplicable, tenint en compte, a m\u00e9s, que eixos casos que dieu \u00ablexicalitzats\u00bb resulta que s\u00f3n suposats substantius que no apareixen en els diccionaris.<\/span><\/p><\/blockquote>\n<p>El cas \u00e9s que, seguint la nova ortografia de l&#8217;institut del 2017, tindrien significat diferent <em>la no exist\u00e8ncia d&#8217;un llenguatge literari<\/em> i <em>la inexist\u00e8ncia d&#8217;un llenguatge literari.<\/em> Haurien d&#8217;haver incl\u00f2s una nota tamb\u00e9 en este cas tamb\u00e9 per a explicar el mat\u00eds, realment \u00abdiscutible\u00bb, tal com escrivien en 1996.<\/p>\n<p>Actualment, doncs, podem escriure correctament \u00abpa\u00eds no alineat\u00bb, perqu\u00e8 el diccionari de l&#8217;<span class=\"versaleta\">avl<\/span> recull la locuci\u00f3 adjectiva (consulta: <a href=\"http:\/\/www.avl.gva.es\/lexicval\/?paraula=alineat\" target=\"_blank\" rel=\"noopener\">22.01.2018<\/a>; 15.07.2021) i perqu\u00e8, a pesar que l&#8217;ortografia de l&#8217;institut incloga la locuci\u00f3 amb guionet, el <em><span class=\"versaleta\">diec<\/span><\/em> (consulta: <a href=\"https:\/\/dlc.iec.cat\/results.asp?txtEntrada=alineat\" target=\"_blank\" rel=\"noopener\">22.01.2018<\/a>; 15.07.2021) no la recull ni indica que siga cap sintagma lexicalitzat.<\/li>\n<\/ol>\n<\/li>\n<li>Per a distingir entre <em>gui\u00f3, semigui\u00f3<\/em> i <em>guionet,<\/em> vegeu la fitxa <a href=\"http:\/\/www.einesdellengua.com\/Fitxes\/Textos\/P\/puntuacio.htm\" target=\"_blank\" rel=\"noopener\">\u00abpuntuaci\u00f3\u00bb<\/a>.<\/li>\n<li>Vegeu tamb\u00e9 les fitxes <a href=\"http:\/\/www.einesdellengua.com\/Fitxes\/Textos\/B\/barcafeteria.htm\"><em>bar cafeteria<\/em><\/a>, <a href=\"http:\/\/www.einesdellengua.com\/Fitxes\/Textos\/X\/xecocupacio.htm\"><em>xec ocupaci\u00f3<\/em><\/a>, <a href=\"http:\/\/www.einesdellengua.com\/Fitxes\/Textos\/A\/autorentat.htm\"><em>autorentat<\/em><\/a>, <a href=\"http:\/\/www.einesdellengua.com\/Fitxes\/Textos\/V\/vagogabia.htm\"><em>vag\u00f3 g\u00e0bia<\/em><\/a>.<\/li>\n<li>En castell\u00e0, mots amb guionet del <span class=\"versaleta\"><em>drae01<\/em><\/span>: <em>moro-moro, contencioso-administrativo, contencioso-administrativa<\/em> (<a href=\"http:\/\/www.einesdellengua.com\/Fitxes\/Textos\/Arxius\/guioVOX.htm\"><span class=\"versaleta\">vox<\/span><\/a>, any 2000), <em>caf\u00e9-cantante, caf\u00e9-teatro<\/em> (per a aquests dos, veg. <span class=\"versaleta\"><em>dusos<\/em><\/span>). (Veg. mots sense guionet del <span class=\"versaleta\">drae<\/span> en <a href=\"http:\/\/www.einesdellengua.com\/Fitxes\/Textos\/B\/barcafeteria.htm\"><em>bar cafeteria<\/em><\/a>).<\/li>\n<li>El Departamento de Espa\u00f1ol al D\u00eda de la <span class=\"versaleta\">rae<\/span> explicava que calia escriure <em>jurisdicci\u00f3n contenciosa administrativa<\/em> (<a href=\"http:\/\/www.einesdellengua.com\/Fitxes\/Textos\/Arxius\/guionetDEA.htm\">missatge<\/a> 13.03.2000), per\u00f2 el <span class=\"versaleta\"> <em>drae01<\/em><\/span> va modificar el criteri (veg. <a href=\"http:\/\/www.einesdellengua.com\/Fitxes\/Textos\/C\/contenciosoadm.htm\" target=\"_blank\" rel=\"noopener\"><em>contencioso-administrativo<\/em><\/a>) i ara cal escriure <em>contencioso-administrativo, contencioso-administrativa, contencioso-administrativos, contencioso-administrativas.<\/em><\/li>\n<li><em>El Pa\u00eds<\/em>, amb gui\u00f3: <em>paquetes-bomba<\/em> (08.05.2000), <em>ni\u00f1os-ancla<\/em> (15.05.2000), <em>recurso contencioso-administrativo<\/em> (16.05.2000; <em>El Pa\u00eds<\/em>, sense gui\u00f3: <em>coche bomba<\/em> (09.05.2000).<\/li>\n<\/ol>\n","protected":false},"excerpt":{"rendered":"<p>Les normes ortogr\u00e0fiques de l&#8217;Institut d&#8217;Estudis Catalans \u2014que tenen web propi des del 08.06.2022\u2014 \u00a0han canviat una miqueta en la nova ortografia del 2017 respecte a les normes del 1996 quant a l&#8217;\u00fas del guionet. I han tornat a canviar l&#8217;any 2021 (veg. oiec 4.3.1; veg. una s\u00edntesi de canvis). Ac\u00ed mostrem uns exemples significatius [&hellip;]<\/p>\n","protected":false},"author":1,"featured_media":0,"comment_status":"open","ping_status":"open","sticky":false,"template":"","format":"standard","meta":{"footnotes":""},"categories":[41],"tags":[32,100,61,53],"class_list":["post-1623","post","type-post","status-publish","format-standard","hentry","category-lletra-g","tag-avl","tag-iec","tag-ortografia","tag-revisions"],"post_mailing_queue_ids":[],"_links":{"self":[{"href":"https:\/\/www.cdlpv.org\/fitxes\/wp-json\/wp\/v2\/posts\/1623","targetHints":{"allow":["GET"]}}],"collection":[{"href":"https:\/\/www.cdlpv.org\/fitxes\/wp-json\/wp\/v2\/posts"}],"about":[{"href":"https:\/\/www.cdlpv.org\/fitxes\/wp-json\/wp\/v2\/types\/post"}],"author":[{"embeddable":true,"href":"https:\/\/www.cdlpv.org\/fitxes\/wp-json\/wp\/v2\/users\/1"}],"replies":[{"embeddable":true,"href":"https:\/\/www.cdlpv.org\/fitxes\/wp-json\/wp\/v2\/comments?post=1623"}],"version-history":[{"count":26,"href":"https:\/\/www.cdlpv.org\/fitxes\/wp-json\/wp\/v2\/posts\/1623\/revisions"}],"predecessor-version":[{"id":6586,"href":"https:\/\/www.cdlpv.org\/fitxes\/wp-json\/wp\/v2\/posts\/1623\/revisions\/6586"}],"wp:attachment":[{"href":"https:\/\/www.cdlpv.org\/fitxes\/wp-json\/wp\/v2\/media?parent=1623"}],"wp:term":[{"taxonomy":"category","embeddable":true,"href":"https:\/\/www.cdlpv.org\/fitxes\/wp-json\/wp\/v2\/categories?post=1623"},{"taxonomy":"post_tag","embeddable":true,"href":"https:\/\/www.cdlpv.org\/fitxes\/wp-json\/wp\/v2\/tags?post=1623"}],"curies":[{"name":"wp","href":"https:\/\/api.w.org\/{rel}","templated":true}]}}