{"id":1521,"date":"2019-07-30T20:30:06","date_gmt":"2019-07-30T18:30:06","guid":{"rendered":"http:\/\/www.cdlpv.org\/fitxes\/?p=1521"},"modified":"2019-10-23T12:31:23","modified_gmt":"2019-10-23T10:31:23","slug":"cdp-interrogatives-a-qui","status":"publish","type":"post","link":"https:\/\/www.cdlpv.org\/fitxes\/cdp-interrogatives-a-qui\/","title":{"rendered":"CDP: interrogatives <i>a qui<\/i>"},"content":{"rendered":"<p>El respecte a la simetria estructural tamb\u00e9 permet utilitzar la preposici\u00f3 per a les respostes de les preguntes introdu\u00efdes amb l&#8217;interrogatiu <em>qui,<\/em> que conv\u00e9 introduir amb la preposici\u00f3 <em>a<\/em> quan demanem pel <span class=\"versaleta\">cd,<\/span> per tal d&#8217;evitar una possible ambig\u00fcitat, ja que sense preposici\u00f3 el relatiu podria fer funci\u00f3 de subjecte.<\/p>\n<p>Exemples:<em><br \/>\n<\/em><\/p>\n<ul>\n<li>\u2014A qui visitar\u00e0? \u2014A la Mila (<span class=\"versaleta\"><em>giec,<\/em><\/span> 19.3.2.5)<\/li>\n<li>\u2014A qui ha vist la Maria? [Pregunta pel <span class=\"versaleta\">cd<\/span>] \/ \u2014Qui ha vist la Maria? [\u00c9s ambigu] (<span class=\"versaleta\"><em>mestil<\/em><em>,<\/em><\/span> <span class=\"versaleta\">xxi<\/span>,2.1.6)<\/li>\n<\/ul>\n<p>Este cas t\u00e9 relaci\u00f3 amb les oracions de relatiu (especificatives i explicatives) en qu\u00e8 el relatiu <em>qui<\/em> pot fer tant de subjecte com de complement directe. <a href=\"http:\/\/www.cdlpv.org\/fitxes\/cdp-estructura-relativa-a-qui\/\">Vegeu<\/a> la fitxa \u00abCDP: estructura relativa <em>a qui<\/em>\u00bb.<\/p>\n","protected":false},"excerpt":{"rendered":"<p>El respecte a la simetria estructural tamb\u00e9 permet utilitzar la preposici\u00f3 per a les respostes de les preguntes introdu\u00efdes amb l&#8217;interrogatiu qui, que conv\u00e9 introduir amb la preposici\u00f3 a quan demanem pel cd, per tal d&#8217;evitar una possible ambig\u00fcitat, ja que sense preposici\u00f3 el relatiu podria fer funci\u00f3 de subjecte. Exemples: \u2014A qui visitar\u00e0? \u2014A [&hellip;]<\/p>\n","protected":false},"author":1,"featured_media":0,"comment_status":"open","ping_status":"open","sticky":false,"template":"","format":"standard","meta":{"footnotes":""},"categories":[14],"tags":[95,97,27],"class_list":["post-1521","post","type-post","status-publish","format-standard","hentry","category-lletra-c","tag-complement-directe-preposicional","tag-relatius","tag-sintaxi"],"post_mailing_queue_ids":[],"_links":{"self":[{"href":"https:\/\/www.cdlpv.org\/fitxes\/wp-json\/wp\/v2\/posts\/1521","targetHints":{"allow":["GET"]}}],"collection":[{"href":"https:\/\/www.cdlpv.org\/fitxes\/wp-json\/wp\/v2\/posts"}],"about":[{"href":"https:\/\/www.cdlpv.org\/fitxes\/wp-json\/wp\/v2\/types\/post"}],"author":[{"embeddable":true,"href":"https:\/\/www.cdlpv.org\/fitxes\/wp-json\/wp\/v2\/users\/1"}],"replies":[{"embeddable":true,"href":"https:\/\/www.cdlpv.org\/fitxes\/wp-json\/wp\/v2\/comments?post=1521"}],"version-history":[{"count":3,"href":"https:\/\/www.cdlpv.org\/fitxes\/wp-json\/wp\/v2\/posts\/1521\/revisions"}],"predecessor-version":[{"id":2665,"href":"https:\/\/www.cdlpv.org\/fitxes\/wp-json\/wp\/v2\/posts\/1521\/revisions\/2665"}],"wp:attachment":[{"href":"https:\/\/www.cdlpv.org\/fitxes\/wp-json\/wp\/v2\/media?parent=1521"}],"wp:term":[{"taxonomy":"category","embeddable":true,"href":"https:\/\/www.cdlpv.org\/fitxes\/wp-json\/wp\/v2\/categories?post=1521"},{"taxonomy":"post_tag","embeddable":true,"href":"https:\/\/www.cdlpv.org\/fitxes\/wp-json\/wp\/v2\/tags?post=1521"}],"curies":[{"name":"wp","href":"https:\/\/api.w.org\/{rel}","templated":true}]}}