{"id":1504,"date":"2019-07-05T20:30:19","date_gmt":"2019-07-05T18:30:19","guid":{"rendered":"http:\/\/www.cdlpv.org\/fitxes\/?p=1504"},"modified":"2019-07-05T10:38:30","modified_gmt":"2019-07-05T08:38:30","slug":"cdp-parallelisme-sintactic","status":"publish","type":"post","link":"https:\/\/www.cdlpv.org\/fitxes\/cdp-parallelisme-sintactic\/","title":{"rendered":"CDP: paral\u00b7lelisme sint\u00e0ctic"},"content":{"rendered":"<p>Un complement directe introdu\u00eft per la preposici\u00f3 <em>a <\/em>obri la possibilitat d&#8217;estendre l&#8217;\u00fas de la preposici\u00f3 a altres complements directes constru\u00efts en paral\u00b7lel (com ara en oracions coordinades o comparatives). Es mant\u00e9 aixina una simetria estructural que evita confusions.<\/p>\n<p>Exemples:<\/p>\n<ul>\n<li>T&#8217;han convidat a tu i (als\/els) teus fills (<span class=\"versaleta\"><em>giec,<\/em><\/span> 19.3.2.5)<\/li>\n<li>Us he vist a tu i (al\/el teu) pare (<span class=\"versaleta\"><em>mestil,<\/em> xxi<\/span>.2.1.1)<\/li>\n<li>Com\u00a0 vam sentir de no poder tenir al costat nostre a v\u00f3s i (al\/el) pobre Riba (<span class=\"versaleta\"><em>mestil,<\/em> xxi<\/span>.2.1.1)<\/li>\n<li>No cal dir-vos quin va \u00e9sser el meu astorament quan vaig assabentar-me dels nomenaments d&#8217;en Sagarra i de l&#8217;Aramon, fets sense consultar-nos pr\u00e8viament (a) en Nicolau i a mi. (<span class=\"versaleta\"><em>mestil,<\/em> xxi<\/span>.2.1.1)<\/li>\n<li>Encara vendr\u00e0 temps que v\u00f3s lo plorareu, a ell e als seus (<em>Tirant lo Blanch,<\/em> <a href=\"http:\/\/einesdellengua.com\/tirantloweb\/tirantloblanch.html\" target=\"_blank\" rel=\"noopener noreferrer\">cap. <span class=\"versaleta\">ccliii<\/span><\/a>)<\/li>\n<li>Tenia intenci\u00f3 de deixar-nos enrere, tant a mi com (a) en Marcel com (a) la Cl\u00e0udia (<span class=\"versaleta\"><em>giec,<\/em><\/span> 19.3.2.5)<\/li>\n<li>A tu t&#8217;estima tant com (al\/el) seu fill (<span class=\"versaleta\"><em>giec,<\/em><\/span> 19.3.2.5)<\/li>\n<\/ul>\n<p>El respecte a la simetria estructural tamb\u00e9 permet utilitzar la preposici\u00f3 per a les respostes de les preguntes introdu\u00efdes amb l&#8217;interrogatiu <em>qui,<\/em> que conv\u00e9 introduir amb la preposici\u00f3\u00a0<em>a<\/em> quan demanem pel <span class=\"versaleta\">cd,<\/span> per a evitar una possible ambig\u00fcitat, ja que sense preposici\u00f3 el relatiu podria fer funci\u00f3 de subjecte.<\/p>\n<p>Exemples:<em><br \/>\n<\/em><\/p>\n<ul>\n<li>\u2014A qui visitar\u00e0? \u2014A la Mila (<span class=\"versaleta\"><em>giec,<\/em><\/span> 19.3.2.5)<\/li>\n<li>\u2014A qui ha vist la Maria? [Pregunta pel <span class=\"versaleta\">cd<\/span>] \/ \u2014Qui ha vist la Maria? [\u00c9s ambigu] (<span class=\"versaleta\"><em>mestil<\/em><em>,<\/em><\/span> <span class=\"versaleta\">xxi<\/span>,2.1.6)<\/li>\n<\/ul>\n","protected":false},"excerpt":{"rendered":"<p>Un complement directe introdu\u00eft per la preposici\u00f3 a obri la possibilitat d&#8217;estendre l&#8217;\u00fas de la preposici\u00f3 a altres complements directes constru\u00efts en paral\u00b7lel (com ara en oracions coordinades o comparatives). Es mant\u00e9 aixina una simetria estructural que evita confusions. Exemples: T&#8217;han convidat a tu i (als\/els) teus fills (giec, 19.3.2.5) Us he vist a tu [&hellip;]<\/p>\n","protected":false},"author":1,"featured_media":0,"comment_status":"open","ping_status":"open","sticky":false,"template":"","format":"standard","meta":{"footnotes":""},"categories":[14],"tags":[95,12,27],"class_list":["post-1504","post","type-post","status-publish","format-standard","hentry","category-lletra-c","tag-complement-directe-preposicional","tag-normativa","tag-sintaxi"],"post_mailing_queue_ids":[],"_links":{"self":[{"href":"https:\/\/www.cdlpv.org\/fitxes\/wp-json\/wp\/v2\/posts\/1504","targetHints":{"allow":["GET"]}}],"collection":[{"href":"https:\/\/www.cdlpv.org\/fitxes\/wp-json\/wp\/v2\/posts"}],"about":[{"href":"https:\/\/www.cdlpv.org\/fitxes\/wp-json\/wp\/v2\/types\/post"}],"author":[{"embeddable":true,"href":"https:\/\/www.cdlpv.org\/fitxes\/wp-json\/wp\/v2\/users\/1"}],"replies":[{"embeddable":true,"href":"https:\/\/www.cdlpv.org\/fitxes\/wp-json\/wp\/v2\/comments?post=1504"}],"version-history":[{"count":9,"href":"https:\/\/www.cdlpv.org\/fitxes\/wp-json\/wp\/v2\/posts\/1504\/revisions"}],"predecessor-version":[{"id":2518,"href":"https:\/\/www.cdlpv.org\/fitxes\/wp-json\/wp\/v2\/posts\/1504\/revisions\/2518"}],"wp:attachment":[{"href":"https:\/\/www.cdlpv.org\/fitxes\/wp-json\/wp\/v2\/media?parent=1504"}],"wp:term":[{"taxonomy":"category","embeddable":true,"href":"https:\/\/www.cdlpv.org\/fitxes\/wp-json\/wp\/v2\/categories?post=1504"},{"taxonomy":"post_tag","embeddable":true,"href":"https:\/\/www.cdlpv.org\/fitxes\/wp-json\/wp\/v2\/tags?post=1504"}],"curies":[{"name":"wp","href":"https:\/\/api.w.org\/{rel}","templated":true}]}}