{"id":1487,"date":"2019-05-14T20:30:54","date_gmt":"2019-05-14T18:30:54","guid":{"rendered":"http:\/\/www.cdlpv.org\/fitxes\/?p=1487"},"modified":"2019-05-14T13:01:50","modified_gmt":"2019-05-14T11:01:50","slug":"cdp-cpredicatiu","status":"publish","type":"post","link":"https:\/\/www.cdlpv.org\/fitxes\/cdp-cpredicatiu\/","title":{"rendered":"CDP: amb complement predicatiu de verbs d&#8217;opini\u00f3"},"content":{"rendered":"<p>En una nota final del punt 19.3.2.6, la <span class=\"versaleta\"><em>giec<\/em><\/span> preveu la possibilitat d&#8217;introduir amb la preposici\u00f3 <em>a <\/em>el complement directe que coincidix amb els complements predicatius de verbs d&#8217;opini\u00f3 o judici <em>(considerar, imaginar-se, suposar&#8230;)<\/em>.<\/p>\n<p>Exemple:<\/p>\n<ul>\n<li>Consideraven les \u00faniques culpables de les desavinences familiars (a) les teves germanes (<span class=\"versaleta\"><em>giec,<\/em><\/span> 19.3.2.6.<em>nota<\/em>)<\/li>\n<\/ul>\n<p>Jordi Ginebra <span class=\"versaleta\"><em>(<a href=\"http:\/\/www.cdlpv.org\/fitxes\/bibliografia\/\" target=\"_blank\" rel=\"noopener noreferrer\">ginebra2017<\/a>)<\/em><\/span> precisa que el complement directe ha d&#8217;anar darrere del complement predicatiu, per\u00f2 no he vist que l&#8217;institut haja establit eixa restricci\u00f3 sint\u00e0ctica.<\/p>\n","protected":false},"excerpt":{"rendered":"<p>En una nota final del punt 19.3.2.6, la giec preveu la possibilitat d&#8217;introduir amb la preposici\u00f3 a el complement directe que coincidix amb els complements predicatius de verbs d&#8217;opini\u00f3 o judici (considerar, imaginar-se, suposar&#8230;). Exemple: Consideraven les \u00faniques culpables de les desavinences familiars (a) les teves germanes (giec, 19.3.2.6.nota) Jordi Ginebra (ginebra2017) precisa que el [&hellip;]<\/p>\n","protected":false},"author":1,"featured_media":0,"comment_status":"open","ping_status":"open","sticky":false,"template":"","format":"standard","meta":{"footnotes":""},"categories":[14],"tags":[95,27],"class_list":["post-1487","post","type-post","status-publish","format-standard","hentry","category-lletra-c","tag-complement-directe-preposicional","tag-sintaxi"],"post_mailing_queue_ids":[],"_links":{"self":[{"href":"https:\/\/www.cdlpv.org\/fitxes\/wp-json\/wp\/v2\/posts\/1487","targetHints":{"allow":["GET"]}}],"collection":[{"href":"https:\/\/www.cdlpv.org\/fitxes\/wp-json\/wp\/v2\/posts"}],"about":[{"href":"https:\/\/www.cdlpv.org\/fitxes\/wp-json\/wp\/v2\/types\/post"}],"author":[{"embeddable":true,"href":"https:\/\/www.cdlpv.org\/fitxes\/wp-json\/wp\/v2\/users\/1"}],"replies":[{"embeddable":true,"href":"https:\/\/www.cdlpv.org\/fitxes\/wp-json\/wp\/v2\/comments?post=1487"}],"version-history":[{"count":2,"href":"https:\/\/www.cdlpv.org\/fitxes\/wp-json\/wp\/v2\/posts\/1487\/revisions"}],"predecessor-version":[{"id":2409,"href":"https:\/\/www.cdlpv.org\/fitxes\/wp-json\/wp\/v2\/posts\/1487\/revisions\/2409"}],"wp:attachment":[{"href":"https:\/\/www.cdlpv.org\/fitxes\/wp-json\/wp\/v2\/media?parent=1487"}],"wp:term":[{"taxonomy":"category","embeddable":true,"href":"https:\/\/www.cdlpv.org\/fitxes\/wp-json\/wp\/v2\/categories?post=1487"},{"taxonomy":"post_tag","embeddable":true,"href":"https:\/\/www.cdlpv.org\/fitxes\/wp-json\/wp\/v2\/tags?post=1487"}],"curies":[{"name":"wp","href":"https:\/\/api.w.org\/{rel}","templated":true}]}}