{"id":1481,"date":"2019-04-30T08:00:53","date_gmt":"2019-04-30T06:00:53","guid":{"rendered":"http:\/\/www.cdlpv.org\/fitxes\/?p=1481"},"modified":"2019-04-29T19:32:56","modified_gmt":"2019-04-29T17:32:56","slug":"cdp-posposat-cdr","status":"publish","type":"post","link":"https:\/\/www.cdlpv.org\/fitxes\/cdp-posposat-cdr\/","title":{"rendered":"CDP: posposat al complement de r\u00e8gim"},"content":{"rendered":"<p>La <span class=\"versaleta\"><em>giec<\/em><\/span> (19.3.2.4.<em>d<\/em>) assenyala la possibilitat d&#8217;introduir amb la preposici\u00f3 <em>a<\/em> el complement directe animat quan apareix posposat a un complement de r\u00e8gim verbal.<\/p>\n<p>Exemples:<\/p>\n<ul>\n<li>No va poder conv\u00e9ncer d&#8217;estudiar literatura medieval (a) les filles. (<span class=\"versaleta\"><em>giec,<\/em><\/span> 19.3.2.4.<em>d<\/em>)<\/li>\n<li>He convidat a passar un cap de setmana en un hotel de muntanya (a) la teva germana. (<span class=\"versaleta\"><em>giec,<\/em><\/span> 19.3.2.4.<em>d<\/em>)<\/li>\n<\/ul>\n<p>Es tracta d&#8217;una variaci\u00f3 del tema de la reordenaci\u00f3 dels elements de l&#8217;oraci\u00f3. En la posici\u00f3 m\u00e9s general, amb el complement directe a continuaci\u00f3 del verb, no apareixeria la preposici\u00f3.<\/p>\n<hr \/>\n\t<div class=\"simple-alert-boxes sab_info sab_normal \">\r\n\t\tCom a nota al marge, la <span class=\"versaleta\"><em>giec<\/em><\/span> indica en este punt que <strong>no<\/strong> s&#8217;introdu\u00efx amb cap preposici\u00f3 el complement directe (\u00abanimat\u00bb) posposat al complement indirecte.<\/p>\n<p>Exemple:<\/p>\n<ul>\n<li>Va consagrar a Vesta, deessa de la llar, la seva primog\u00e8nita. (<span class=\"versaleta\"><em>giec<\/em><\/span>, 19.3.2.4.<em>d<\/em>)<\/li>\n<\/ul>\n\t<\/div>\r\n\t\n","protected":false},"excerpt":{"rendered":"<p>La giec (19.3.2.4.d) assenyala la possibilitat d&#8217;introduir amb la preposici\u00f3 a el complement directe animat quan apareix posposat a un complement de r\u00e8gim verbal. Exemples: No va poder conv\u00e9ncer d&#8217;estudiar literatura medieval (a) les filles. (giec, 19.3.2.4.d) He convidat a passar un cap de setmana en un hotel de muntanya (a) la teva germana. (giec, [&hellip;]<\/p>\n","protected":false},"author":1,"featured_media":0,"comment_status":"open","ping_status":"open","sticky":false,"template":"","format":"standard","meta":{"footnotes":""},"categories":[14],"tags":[95,96,27],"class_list":["post-1481","post","type-post","status-publish","format-standard","hentry","category-lletra-c","tag-complement-directe-preposicional","tag-complement-indirecte","tag-sintaxi"],"post_mailing_queue_ids":[],"_links":{"self":[{"href":"https:\/\/www.cdlpv.org\/fitxes\/wp-json\/wp\/v2\/posts\/1481","targetHints":{"allow":["GET"]}}],"collection":[{"href":"https:\/\/www.cdlpv.org\/fitxes\/wp-json\/wp\/v2\/posts"}],"about":[{"href":"https:\/\/www.cdlpv.org\/fitxes\/wp-json\/wp\/v2\/types\/post"}],"author":[{"embeddable":true,"href":"https:\/\/www.cdlpv.org\/fitxes\/wp-json\/wp\/v2\/users\/1"}],"replies":[{"embeddable":true,"href":"https:\/\/www.cdlpv.org\/fitxes\/wp-json\/wp\/v2\/comments?post=1481"}],"version-history":[{"count":5,"href":"https:\/\/www.cdlpv.org\/fitxes\/wp-json\/wp\/v2\/posts\/1481\/revisions"}],"predecessor-version":[{"id":2380,"href":"https:\/\/www.cdlpv.org\/fitxes\/wp-json\/wp\/v2\/posts\/1481\/revisions\/2380"}],"wp:attachment":[{"href":"https:\/\/www.cdlpv.org\/fitxes\/wp-json\/wp\/v2\/media?parent=1481"}],"wp:term":[{"taxonomy":"category","embeddable":true,"href":"https:\/\/www.cdlpv.org\/fitxes\/wp-json\/wp\/v2\/categories?post=1481"},{"taxonomy":"post_tag","embeddable":true,"href":"https:\/\/www.cdlpv.org\/fitxes\/wp-json\/wp\/v2\/tags?post=1481"}],"curies":[{"name":"wp","href":"https:\/\/api.w.org\/{rel}","templated":true}]}}