{"id":1460,"date":"2019-04-09T20:30:15","date_gmt":"2019-04-09T19:30:15","guid":{"rendered":"http:\/\/www.cdlpv.org\/fitxes\/?p=1460"},"modified":"2019-10-23T12:34:10","modified_gmt":"2019-10-23T10:34:10","slug":"cdp-comparatives-verb-elidit","status":"publish","type":"post","link":"https:\/\/www.cdlpv.org\/fitxes\/cdp-comparatives-verb-elidit\/","title":{"rendered":"CDP: comparatives amb verb elidit"},"content":{"rendered":"<p>Tal com indica el <em><span class=\"versaleta\">mestil<\/span><\/em> (<span class=\"versaleta\">xxi<\/span>.2.1.4), conv\u00e9 marcar el segon terme d&#8217;una comparaci\u00f3 (sense verb expl\u00edcit) amb la preposici\u00f3 <em>a<\/em> per a marcar que es tracta del complement directe, si \u00e9s el cas; si no el marquem, es pot entendre que es tracta del subjecte:<\/p>\n<p>Exemples distintius:<\/p>\n<ul>\n<li>La Madonna et vigila com el seu pare \/ La Madonna et vigila com al seu pare (<em><span class=\"versaleta\">mestil,<\/span><\/em> <span class=\"versaleta\">xxi<\/span>.2.1.4)<\/li>\n<li>El plorava com una germana el seu germ\u00e0 mort \/ El plorava com una germana al seu germ\u00e0 mort (<span class=\"versaleta\"><em>giec,<\/em><\/span> 19.3.2.6)<\/li>\n<li>Aix\u00f2 afecta el pa\u00eds m\u00e9s que no pas la vostra fam\u00edlia \/ Aix\u00f2 afecta el pa\u00eds m\u00e9s que no pas a la vostra fam\u00edlia (<span class=\"versaleta\"><em>giec,<\/em><\/span> 19.3.2.6)<\/li>\n<li>L&#8217;estimava igual que un fill \/ L&#8217;estimava igual que a un fill (<span class=\"versaleta\"><em>giec,<\/em><\/span> 19.3.2.6)<\/li>\n<li>Els fills havien vist els pares, per\u00f2 els pares els fill no \/ Els fills havien vist els pares, per\u00f2 els pares als fills no (<span class=\"versaleta\"><em>giec,<\/em><\/span> 19.3.2.6)<\/li>\n<li>Hem vist com perseguia un policia un lladre \/ Hem vist com perseguia un policia a un lladre (<span class=\"versaleta\"><em>gnv,<\/em><\/span> 32.2.1.<em>b<\/em>)<\/li>\n<\/ul>\n<p>Podem considerar este cas com una especialitat del cas \u00ab<span class=\"versaleta\">cd<\/span> postverbal contingu al subjecte\u00bb (veg. la <a href=\"http:\/\/www.cdlpv.org\/fitxes\/cdp-contigu-al-subjecte\/\" target=\"_blank\" rel=\"noopener noreferrer\">fitxa<\/a> corresponent), en qu\u00e8 es produ\u00efx una possible ambig\u00fcitat entre subjecte i complement directe.<\/p>\n","protected":false},"excerpt":{"rendered":"<p>Tal com indica el mestil (xxi.2.1.4), conv\u00e9 marcar el segon terme d&#8217;una comparaci\u00f3 (sense verb expl\u00edcit) amb la preposici\u00f3 a per a marcar que es tracta del complement directe, si \u00e9s el cas; si no el marquem, es pot entendre que es tracta del subjecte: Exemples distintius: La Madonna et vigila com el seu pare [&hellip;]<\/p>\n","protected":false},"author":1,"featured_media":0,"comment_status":"open","ping_status":"open","sticky":false,"template":"","format":"standard","meta":{"footnotes":""},"categories":[14],"tags":[95,27,62],"class_list":["post-1460","post","type-post","status-publish","format-standard","hentry","category-lletra-c","tag-complement-directe-preposicional","tag-sintaxi","tag-verbs"],"post_mailing_queue_ids":[],"_links":{"self":[{"href":"https:\/\/www.cdlpv.org\/fitxes\/wp-json\/wp\/v2\/posts\/1460","targetHints":{"allow":["GET"]}}],"collection":[{"href":"https:\/\/www.cdlpv.org\/fitxes\/wp-json\/wp\/v2\/posts"}],"about":[{"href":"https:\/\/www.cdlpv.org\/fitxes\/wp-json\/wp\/v2\/types\/post"}],"author":[{"embeddable":true,"href":"https:\/\/www.cdlpv.org\/fitxes\/wp-json\/wp\/v2\/users\/1"}],"replies":[{"embeddable":true,"href":"https:\/\/www.cdlpv.org\/fitxes\/wp-json\/wp\/v2\/comments?post=1460"}],"version-history":[{"count":4,"href":"https:\/\/www.cdlpv.org\/fitxes\/wp-json\/wp\/v2\/posts\/1460\/revisions"}],"predecessor-version":[{"id":2667,"href":"https:\/\/www.cdlpv.org\/fitxes\/wp-json\/wp\/v2\/posts\/1460\/revisions\/2667"}],"wp:attachment":[{"href":"https:\/\/www.cdlpv.org\/fitxes\/wp-json\/wp\/v2\/media?parent=1460"}],"wp:term":[{"taxonomy":"category","embeddable":true,"href":"https:\/\/www.cdlpv.org\/fitxes\/wp-json\/wp\/v2\/categories?post=1460"},{"taxonomy":"post_tag","embeddable":true,"href":"https:\/\/www.cdlpv.org\/fitxes\/wp-json\/wp\/v2\/tags?post=1460"}],"curies":[{"name":"wp","href":"https:\/\/api.w.org\/{rel}","templated":true}]}}