{"id":1450,"date":"2018-12-15T20:30:28","date_gmt":"2018-12-15T19:30:28","guid":{"rendered":"http:\/\/www.cdlpv.org\/fitxes\/?p=1450"},"modified":"2018-12-15T19:27:44","modified_gmt":"2018-12-15T18:27:44","slug":"cdp-contigu-al-subjecte","status":"publish","type":"post","link":"https:\/\/www.cdlpv.org\/fitxes\/cdp-contigu-al-subjecte\/","title":{"rendered":"CDP: postverbal contigu al subjecte"},"content":{"rendered":"<p>Quan el complement directe \u00e9s contigu a un subjecte postverbal, pot ser introdu\u00eft per la preposici\u00f3 <em>a <\/em>per tal d&#8217;evitar la confusi\u00f3 entre els dos elements.<\/p>\n<p>Exemples amb subjecte i complement directe animats o inanimats:<\/p>\n<ul>\n<li>El perseguia com el gat (a) la rata (<span class=\"versaleta\"><em>mestil,<\/em> xxi,<\/span> 2.1.2)<\/li>\n<li>Buscava el mascle (a) la femella (<span class=\"versaleta\"><em>mestil,<\/em> xxi,<\/span> 2.1.2)<\/li>\n<li>Diuen que rellevar\u00e0 (a) l&#8217;alcalde una regidora del seu mateix partit (<span class=\"versaleta\"><em>giec,<\/em><\/span> 19.3.2.4.<em>b<\/em>)<\/li>\n<li>No hauria de poder v\u00e8ncer mai (a) la ra\u00f3 la for\u00e7a bruta (<span class=\"versaleta\"><em>giec,<\/em><\/span> 19.3.2.4.<em>b<\/em>)<\/li>\n<li>Si no va v\u00e8ncer la for\u00e7a bruta (a) la ra\u00f3, poc se n&#8217;hi va faltar (<span class=\"versaleta\"><em>giec,<\/em><\/span> 19.3.2.4.<em>b<\/em>)<\/li>\n<li>Aquest \u00e9s l&#8217;objectiu que defineix (a) la bioling\u00fc\u00edstica (<span class=\"versaleta\"><em>giec,<\/em><\/span> 19.3.2.4.<em>b<\/em>)<\/li>\n<li>En igualtat de condicions, tenen potestat d&#8217;elegir (a) les m\u00e9s qualificades (<span class=\"versaleta\"><em>giec,<\/em><\/span> 19.3.2.4.<em>b<\/em>)<\/li>\n<li>En el partit d\u2019ahir va guanyar el Vila-real (al\/el) Betis (<span class=\"versaleta\"><em>gnv,<\/em><\/span> 32.2.1.<em>b<\/em>)<\/li>\n<li>Hem vist com perseguia un policia (a) un lladre (<span class=\"versaleta\"><em>gnv,<\/em><\/span> 32.2.1.<em>b<\/em>)<\/li>\n<\/ul>\n<p>Exemples amb subjecte inanimat i complement directe animat:<\/p>\n<ul>\n<li>\u00c9s preocupant veure com ha enfonsat (a) l&#8217;acusat la teva declaraci\u00f3 (<span class=\"versaleta\"><em>giec,<\/em><\/span> 19.3.2.4.<em>b<\/em>)<\/li>\n<\/ul>\n","protected":false},"excerpt":{"rendered":"<p>Quan el complement directe \u00e9s contigu a un subjecte postverbal, pot ser introdu\u00eft per la preposici\u00f3 a per tal d&#8217;evitar la confusi\u00f3 entre els dos elements. Exemples amb subjecte i complement directe animats o inanimats: El perseguia com el gat (a) la rata (mestil, xxi, 2.1.2) Buscava el mascle (a) la femella (mestil, xxi, 2.1.2) [&hellip;]<\/p>\n","protected":false},"author":1,"featured_media":0,"comment_status":"open","ping_status":"open","sticky":false,"template":"","format":"standard","meta":{"footnotes":""},"categories":[14],"tags":[95,86,87],"class_list":["post-1450","post","type-post","status-publish","format-standard","hentry","category-lletra-c","tag-complement-directe-preposicional","tag-giec","tag-gnv"],"post_mailing_queue_ids":[],"_links":{"self":[{"href":"https:\/\/www.cdlpv.org\/fitxes\/wp-json\/wp\/v2\/posts\/1450","targetHints":{"allow":["GET"]}}],"collection":[{"href":"https:\/\/www.cdlpv.org\/fitxes\/wp-json\/wp\/v2\/posts"}],"about":[{"href":"https:\/\/www.cdlpv.org\/fitxes\/wp-json\/wp\/v2\/types\/post"}],"author":[{"embeddable":true,"href":"https:\/\/www.cdlpv.org\/fitxes\/wp-json\/wp\/v2\/users\/1"}],"replies":[{"embeddable":true,"href":"https:\/\/www.cdlpv.org\/fitxes\/wp-json\/wp\/v2\/comments?post=1450"}],"version-history":[{"count":9,"href":"https:\/\/www.cdlpv.org\/fitxes\/wp-json\/wp\/v2\/posts\/1450\/revisions"}],"predecessor-version":[{"id":2010,"href":"https:\/\/www.cdlpv.org\/fitxes\/wp-json\/wp\/v2\/posts\/1450\/revisions\/2010"}],"wp:attachment":[{"href":"https:\/\/www.cdlpv.org\/fitxes\/wp-json\/wp\/v2\/media?parent=1450"}],"wp:term":[{"taxonomy":"category","embeddable":true,"href":"https:\/\/www.cdlpv.org\/fitxes\/wp-json\/wp\/v2\/categories?post=1450"},{"taxonomy":"post_tag","embeddable":true,"href":"https:\/\/www.cdlpv.org\/fitxes\/wp-json\/wp\/v2\/tags?post=1450"}],"curies":[{"name":"wp","href":"https:\/\/api.w.org\/{rel}","templated":true}]}}